{"id":1746,"date":"2026-05-21T13:51:57","date_gmt":"2026-05-21T13:51:57","guid":{"rendered":"https:\/\/turkiyemhaber.com\/?p=1746"},"modified":"2026-05-21T13:52:02","modified_gmt":"2026-05-21T13:52:02","slug":"ozkan-yalim-telefonunu-teslim-etti-mesajlar-ortaya-cikti","status":"publish","type":"post","link":"https:\/\/turkiyemhaber.com\/?p=1746","title":{"rendered":"\u00d6zkan Yal\u0131m telefonunu teslim etti, mesajlar ortaya \u00e7\u0131kt\u0131"},"content":{"rendered":"\n<p class=\"wp-block-paragraph\">Eski CHP\u2019li U\u015fak Belediye Ba\u015fkan\u0131 \u00d6zkan Yal\u0131m\u2019\u0131n savc\u0131l\u0131\u011fa teslim etti\u011fi telefondaki mesajla\u015fmalar\u0131n detaylar\u0131 ortaya \u00e7\u0131kt\u0131. Adalet Bakanl\u0131\u011f\u0131 kaynaklar\u0131ndan edinilen bilgilere g\u00f6re, incelemelerde CHP kurultay s\u00fcrecinde delegelerin tercihlerini etkilemeye ve belirli bir aday lehine destek olu\u015fturmaya y\u00f6nelik \u00e7e\u015fitli usuls\u00fcz giri\u015fimlere ili\u015fkin yaz\u0131\u015fmalara ula\u015f\u0131ld\u0131.<\/p>\n\n\n\n<p class=\"wp-block-paragraph\">\u0130stanbul Cumhuriyet Ba\u015fsavc\u0131l\u0131\u011f\u0131 taraf\u0131ndan U\u015fak Belediyesine y\u00f6nelik y\u00fcr\u00fct\u00fclen soru\u015fturma kapsam\u0131nda, U\u015fak eski Belediye Ba\u015fkan\u0131&nbsp;<a href=\"https:\/\/www.sondakika.com\/ozkan-yalim\/\">\u00d6zkan Yal\u0131m<\/a>&#8216;\u0131n etkin pi\u015fmanl\u0131k h\u00fck\u00fcmlerinden yararlanarak verdi\u011fi beyanlar do\u011frultusunda, kendi r\u0131zas\u0131yla \u015fifresini payla\u015farak teslim etti\u011fi cep telefonunda yap\u0131lan incelemelerde \u00f6nemli bulgular elde edildi.<\/p>\n\n\n\n<p class=\"wp-block-paragraph\">Adalet Bakanl\u0131\u011f\u0131 kaynaklar\u0131ndan edinilen bilgiye g\u00f6re, Cumhuriyet Halk Partisi (CHP) kurultay s\u00fcrecinde, delegelerin iradelerinin y\u00f6nlendirilmesi ve belirli aday lehine destek sa\u011flanmas\u0131 amac\u0131yla \u00e7e\u015fitli usuls\u00fcz uygulamalar\u0131n ger\u00e7ekle\u015ftirildi\u011fine y\u00f6nelik yaz\u0131\u015fmalar tespit edildi.&nbsp;A\u00e7\u0131klamada, &#8220;Bu kapsamda, baz\u0131 delegelerin desteklerinin temini kar\u015f\u0131l\u0131\u011f\u0131nda belediyelerde istihdam sa\u011flanmas\u0131 ve maddi imkanlar sunulmas\u0131na ili\u015fkin ifadeler ve mesaj i\u00e7erikleri belirlenmi\u015ftir&#8221; denildi.<\/p>\n\n\n\n<h3 class=\"wp-block-heading\">DELEGELER\u0130N OYUNU ALMAK \u0130\u00c7\u0130N \u0130\u015eE ALIM YAPILDI<\/h3>\n\n\n\n<p class=\"wp-block-paragraph\">A\u00e7\u0131klamada \u015fu ifadelere yer verildi: &#8220;\u015e\u00fcpheli \u00d6zkan Yal\u0131m&#8217;\u0131n beyanlar\u0131nda; CHP&#8217;de y\u00f6netim de\u011fi\u015fikli\u011finin sa\u011flanmas\u0131na y\u00f6nelik s\u00fcre\u00e7te, delegelerin fikirlerini de\u011fi\u015ftirmek amac\u0131yla baz\u0131 belediyeler arac\u0131l\u0131\u011f\u0131yla i\u015fe al\u0131mlar yap\u0131ld\u0131\u011f\u0131 ve maddi desteklerde bulunuldu\u011fu y\u00f6n\u00fcnde bilgiler yer alm\u0131\u015ft\u0131r. Ayr\u0131ca, elde edilen dijital materyallerde, parti \u00fcst y\u00f6netimi taraf\u0131ndan &#8220;\u00f6nemli&#8221; olarak de\u011ferlendirilen baz\u0131 \u015fah\u0131slar\u0131n isimlerinin do\u011frudan iletildi\u011fine dair yaz\u0131\u015fmalar tespit edilmi\u015ftir.&#8221;<\/p>\n\n\n\n<h3 class=\"wp-block-heading\">&#8220;DESTEK \u0130\u00c7\u0130N SAYI VERD\u0130&#8221;<\/h3>\n\n\n\n<p class=\"wp-block-paragraph\">&#8220;Soru\u015fturma kapsam\u0131nda incelenen mesaj i\u00e7eriklerinde; baz\u0131 parti temsilcilerinin belirli say\u0131da delege deste\u011fi sa\u011flayabileceklerini beyan ettikleri, bu kapsamda \u00e7e\u015fitli taleplerin iletildi\u011fi g\u00f6r\u00fclm\u00fc\u015ft\u00fcr. Bu talepler aras\u0131nda, bir partilinin engelli yak\u0131n\u0131n\u0131n belediyede i\u015fe yerle\u015ftirilmesi \u015fart\u0131n\u0131n da dile getirildi\u011fi anla\u015f\u0131lm\u0131\u015ft\u0131r.&#8221;<\/p>\n\n\n\n<h3 class=\"wp-block-heading\">D\u0130J\u0130TAL VER\u0130LER \u0130NCELEN\u0130YOR<\/h3>\n\n\n\n<p class=\"wp-block-paragraph\">&#8220;Ayr\u0131ca, kurultay sonras\u0131nda yap\u0131lan yaz\u0131\u015fmalarda; s\u00fcre\u00e7te aktif rol alan baz\u0131 \u015fah\u0131slar\u0131n, kendilerine verilen g\u00f6rev ve pozisyonlara ili\u015fkin memnuniyetsizliklerini ifade ettikleri ve beklentilerinin kar\u015f\u0131lanmad\u0131\u011f\u0131 y\u00f6n\u00fcnde de\u011ferlendirmelerde bulunduklar\u0131 g\u00f6r\u00fclm\u00fc\u015ft\u00fcr. Soru\u015fturma \u00e7ok y\u00f6nl\u00fc olarak devam etmekte olup, elde edilen dijital veriler ve beyanlar do\u011frultusunda gerekli incelemeler s\u00fcrd\u00fcr\u00fclmektedir.&#8221;<\/p>\n\n\n\n<h3 class=\"wp-block-heading\">&#8220;BEN\u0130 LAYIK G\u00d6RD\u00dcKER\u0130 YERE BAK&#8221;<\/h3>\n\n\n\n<p class=\"wp-block-paragraph\">Mesajlarda, &#8220;\u00d6zkan abi iyi g\u00fcnler. Ben bug\u00fcn \u00fcniversite mezunu biri olarak garsonlu\u011fa lay\u0131k g\u00f6r\u00fcld\u00fcm. \u0130lkokul mezunlar\u0131 genel m\u00fcd\u00fcr, m\u00fcd\u00fcr yard\u0131mc\u0131s\u0131 oldu. Bir tane gencine sahip \u00e7\u0131kamad\u0131 bu parti. Kazans\u0131nlar diye canla ba\u015fla \u00e7al\u0131\u015ft\u0131\u011f\u0131m kimse durmad\u0131 arkamda. Ben limon da satar\u0131m, bula\u015f\u0131k da y\u0131kar\u0131m. Gocunmam ama ilkokul mezunu insanlar\u0131 koyduklar\u0131 yere bak, beni lay\u0131k g\u00f6rd\u00fckleri yere bak.&#8221; ifadeleri yer ald\u0131.<\/p>\n","protected":false},"excerpt":{"rendered":"<p>Eski CHP\u2019li U\u015fak Belediye Ba\u015fkan\u0131 \u00d6zkan Yal\u0131m\u2019\u0131n savc\u0131l\u0131\u011fa teslim etti\u011fi telefondaki mesajla\u015fmalar\u0131n detaylar\u0131 ortaya \u00e7\u0131kt\u0131.<\/p>\n","protected":false},"author":1,"featured_media":1747,"comment_status":"open","ping_status":"open","sticky":false,"template":"","format":"standard","meta":{"_rtcl_gb_attr":"","footnotes":""},"categories":[1],"tags":[],"class_list":["post-1746","post","type-post","status-publish","format-standard","has-post-thumbnail","hentry","category-http-turkiyemhaber-com-wp-content-uploads-2026-03-saray-59-haber-13-mart-pdf"],"_links":{"self":[{"href":"https:\/\/turkiyemhaber.com\/index.php?rest_route=\/wp\/v2\/posts\/1746","targetHints":{"allow":["GET"]}}],"collection":[{"href":"https:\/\/turkiyemhaber.com\/index.php?rest_route=\/wp\/v2\/posts"}],"about":[{"href":"https:\/\/turkiyemhaber.com\/index.php?rest_route=\/wp\/v2\/types\/post"}],"author":[{"embeddable":true,"href":"https:\/\/turkiyemhaber.com\/index.php?rest_route=\/wp\/v2\/users\/1"}],"replies":[{"embeddable":true,"href":"https:\/\/turkiyemhaber.com\/index.php?rest_route=%2Fwp%2Fv2%2Fcomments&post=1746"}],"version-history":[{"count":1,"href":"https:\/\/turkiyemhaber.com\/index.php?rest_route=\/wp\/v2\/posts\/1746\/revisions"}],"predecessor-version":[{"id":1748,"href":"https:\/\/turkiyemhaber.com\/index.php?rest_route=\/wp\/v2\/posts\/1746\/revisions\/1748"}],"wp:featuredmedia":[{"embeddable":true,"href":"https:\/\/turkiyemhaber.com\/index.php?rest_route=\/wp\/v2\/media\/1747"}],"wp:attachment":[{"href":"https:\/\/turkiyemhaber.com\/index.php?rest_route=%2Fwp%2Fv2%2Fmedia&parent=1746"}],"wp:term":[{"taxonomy":"category","embeddable":true,"href":"https:\/\/turkiyemhaber.com\/index.php?rest_route=%2Fwp%2Fv2%2Fcategories&post=1746"},{"taxonomy":"post_tag","embeddable":true,"href":"https:\/\/turkiyemhaber.com\/index.php?rest_route=%2Fwp%2Fv2%2Ftags&post=1746"}],"curies":[{"name":"wp","href":"https:\/\/api.w.org\/{rel}","templated":true}]}}