{"id":1743,"date":"2026-05-21T13:49:35","date_gmt":"2026-05-21T13:49:35","guid":{"rendered":"https:\/\/turkiyemhaber.com\/?p=1743"},"modified":"2026-05-21T13:49:40","modified_gmt":"2026-05-21T13:49:40","slug":"istanbulda-sahte-pirlanta-operasyonu-38-tutuklama","status":"publish","type":"post","link":"https:\/\/turkiyemhaber.com\/?p=1743","title":{"rendered":"\u0130stanbul&#8217;da Sahte P\u0131rlanta Operasyonu: 38 Tutuklama"},"content":{"rendered":"\n<p class=\"wp-block-paragraph\">\u0130stanbul&#8217;daki sahte p\u0131rlanta operasyonunda 83 \u015f\u00fcpheliden 38&#8217;i tutukland\u0131, 45&#8217;i serbest b\u0131rak\u0131ld\u0131.<\/p>\n\n\n\n<p class=\"wp-block-paragraph\">\u0130stanbul merkezli 4 ilde d\u00fczenlenen sahte p\u0131rlanta operasyonunda g\u00f6zalt\u0131na al\u0131nan 83 \u015f\u00fcpheliden 38&#8217;i tutukland\u0131.<\/p>\n\n\n\n<p class=\"wp-block-paragraph\">\u0130stanbul Emniyet M\u00fcd\u00fcrl\u00fc\u011f\u00fc Ka\u00e7ak\u00e7\u0131l\u0131k \u015eubesi ekiplerince 15 May\u0131s&#8217;ta &#8220;e\u015fyay\u0131 g\u00fcmr\u00fck i\u015flemlerine tabi tutmaks\u0131z\u0131n \u00fclkeye sokma&#8221;, &#8220;ka\u00e7ak e\u015fyay\u0131 ticari ama\u00e7la sat\u0131n alma, sat\u0131\u015fa arz etme&#8221;, &#8220;su\u00e7 i\u015flemek amac\u0131yla \u00f6rg\u00fct kurma&#8221; ve &#8220;\u00f6rg\u00fcte \u00fcye olmak&#8221; su\u00e7lar\u0131ndan d\u00fczenlenen operasyonda g\u00f6zalt\u0131na al\u0131nan \u015f\u00fcphelilerin emniyetteki i\u015flemleri tamamland\u0131.<\/p>\n\n\n\n<p class=\"wp-block-paragraph\">Sa\u011fl\u0131k kontrol\u00fcn\u00fcn ard\u0131ndan adliyeye sevk edilen 83 \u015f\u00fcpheliden 38&#8217;i \u00e7\u0131kar\u0131ld\u0131klar\u0131 adli makamlarca tutukland\u0131, 45 zanl\u0131 ise adli kontrol h\u00fck\u00fcmleri uygulanarak serbest b\u0131rak\u0131ld\u0131.<\/p>\n\n\n\n<p class=\"wp-block-paragraph\">Bu arada operasyonda ele ge\u00e7irilen p\u0131rlantalar, Vatan Caddesi&#8217;ndeki \u0130stanbul Emniyet M\u00fcd\u00fcrl\u00fc\u011f\u00fc Yerle\u015fkesi&#8217;nde bulunan Ka\u00e7ak\u00e7\u0131l\u0131k \u015eube M\u00fcd\u00fcrl\u00fc\u011f\u00fc kat\u0131nda sergilendi.<\/p>\n\n\n\n<p class=\"wp-block-paragraph\">Operasyon<\/p>\n\n\n\n<p class=\"wp-block-paragraph\">\u0130stanbul Cumhuriyet Ba\u015fsavc\u0131l\u0131\u011f\u0131nca, yurt d\u0131\u015f\u0131ndan organize \u015fekilde p\u0131rlanta ka\u00e7ak\u00e7\u0131l\u0131\u011f\u0131 yap\u0131larak haks\u0131z kazan\u00e7 elde edildi\u011fi iddias\u0131yla y\u00fcr\u00fct\u00fclen soru\u015fturmada, 91 \u015f\u00fcpheli hakk\u0131nda &#8220;e\u015fyay\u0131 g\u00fcmr\u00fck i\u015flemlerine tabi tutmaks\u0131z\u0131n \u00fclkeye sokma&#8221;, &#8220;ka\u00e7ak e\u015fyay\u0131 ticari ama\u00e7la sat\u0131n alma, sat\u0131\u015fa arz etme&#8221;, &#8220;su\u00e7 i\u015flemek amac\u0131yla \u00f6rg\u00fct kurma&#8221; ve &#8220;\u00f6rg\u00fcte \u00fcye olmak&#8221; su\u00e7lar\u0131ndan g\u00f6zalt\u0131 karar\u0131 verilmi\u015fti.<\/p>\n\n\n\n<p class=\"wp-block-paragraph\">Ka\u00e7ak\u00e7\u0131l\u0131k Su\u00e7lar\u0131yla M\u00fccadele \u015eube M\u00fcd\u00fcrl\u00fc\u011f\u00fc ve Vergi Denetim Kurulu Ba\u015fkanl\u0131\u011f\u0131nca \u0130stanbul, Antalya, Hatay ve \u0130zmir&#8217;de 300 emniyet personeli ve 40 vergi m\u00fcfetti\u015finin kat\u0131l\u0131m\u0131yla ger\u00e7ekle\u015ftirilen e\u015f zamanl\u0131 operasyonda 81 \u015f\u00fcpheli yakalanm\u0131\u015ft\u0131.<\/p>\n\n\n\n<p class=\"wp-block-paragraph\">Devam eden \u00e7al\u0131\u015fmalarda 2 zanl\u0131 daha g\u00f6zalt\u0131na al\u0131nm\u0131\u015ft\u0131.<\/p>\n\n\n\n<p class=\"wp-block-paragraph\">Aramalarda ise 2 milyar 500 milyon lira de\u011ferinde yurt d\u0131\u015f\u0131ndan ka\u00e7ak yollarla sat\u0131\u015fa arz edilmek \u00fczere T\u00fcrkiye&#8217;ye getirilen p\u0131rlanta ve de\u011ferli ta\u015f ile \u015f\u00fcphelilere ait dijital materyaller ele ge\u00e7irilmi\u015fti.<\/p>\n","protected":false},"excerpt":{"rendered":"<p>\u0130stanbul&#8217;daki sahte p\u0131rlanta operasyonunda 83 \u015f\u00fcpheliden 38&#8217;i tutukland\u0131, 45&#8217;i serbest b\u0131rak\u0131ld\u0131. \u0130stanbul merkezli 4 ilde<\/p>\n","protected":false},"author":1,"featured_media":1744,"comment_status":"open","ping_status":"open","sticky":false,"template":"","format":"standard","meta":{"_rtcl_gb_attr":"","footnotes":""},"categories":[43],"tags":[],"class_list":["post-1743","post","type-post","status-publish","format-standard","has-post-thumbnail","hentry","category-son-dakika"],"_links":{"self":[{"href":"https:\/\/turkiyemhaber.com\/index.php?rest_route=\/wp\/v2\/posts\/1743","targetHints":{"allow":["GET"]}}],"collection":[{"href":"https:\/\/turkiyemhaber.com\/index.php?rest_route=\/wp\/v2\/posts"}],"about":[{"href":"https:\/\/turkiyemhaber.com\/index.php?rest_route=\/wp\/v2\/types\/post"}],"author":[{"embeddable":true,"href":"https:\/\/turkiyemhaber.com\/index.php?rest_route=\/wp\/v2\/users\/1"}],"replies":[{"embeddable":true,"href":"https:\/\/turkiyemhaber.com\/index.php?rest_route=%2Fwp%2Fv2%2Fcomments&post=1743"}],"version-history":[{"count":1,"href":"https:\/\/turkiyemhaber.com\/index.php?rest_route=\/wp\/v2\/posts\/1743\/revisions"}],"predecessor-version":[{"id":1745,"href":"https:\/\/turkiyemhaber.com\/index.php?rest_route=\/wp\/v2\/posts\/1743\/revisions\/1745"}],"wp:featuredmedia":[{"embeddable":true,"href":"https:\/\/turkiyemhaber.com\/index.php?rest_route=\/wp\/v2\/media\/1744"}],"wp:attachment":[{"href":"https:\/\/turkiyemhaber.com\/index.php?rest_route=%2Fwp%2Fv2%2Fmedia&parent=1743"}],"wp:term":[{"taxonomy":"category","embeddable":true,"href":"https:\/\/turkiyemhaber.com\/index.php?rest_route=%2Fwp%2Fv2%2Fcategories&post=1743"},{"taxonomy":"post_tag","embeddable":true,"href":"https:\/\/turkiyemhaber.com\/index.php?rest_route=%2Fwp%2Fv2%2Ftags&post=1743"}],"curies":[{"name":"wp","href":"https:\/\/api.w.org\/{rel}","templated":true}]}}