{"id":1741,"date":"2026-05-21T13:47:45","date_gmt":"2026-05-21T13:47:45","guid":{"rendered":"https:\/\/turkiyemhaber.com\/?p=1741"},"modified":"2026-05-21T13:47:49","modified_gmt":"2026-05-21T13:47:49","slug":"ibbye-yonelik-yolsuzluk-davasinda-9-kisi-hakkinda-tahliye-karari-verildi","status":"publish","type":"post","link":"https:\/\/turkiyemhaber.com\/?p=1741","title":{"rendered":"\u0130BB&#8217;ye y\u00f6nelik yolsuzluk davas\u0131nda 9 ki\u015fi hakk\u0131nda tahliye karar\u0131 verildi"},"content":{"rendered":"\n<p class=\"wp-block-paragraph\">\u0130stanbul 40. A\u011f\u0131r Ceza Mahkemesi tutuklu san\u0131klar Iraz Bayrak, Orhan Gazi Erdo\u011fan, Mustafa Kele\u015f, Engin Ulusoy, G\u00f6khan K\u00f6seo\u011flu, Seza B\u00fcy\u00fck\u00e7ulha, Ahmet \u015eahin, Cevat Kaya, Hakan Aplak hakk\u0131nda tahliye karar\u0131 verdi.<\/p>\n\n\n\n<p class=\"wp-block-paragraph\">Ayr\u0131nt\u0131lar geliyor&#8230;<\/p>\n","protected":false},"excerpt":{"rendered":"<p>\u0130stanbul 40. A\u011f\u0131r Ceza Mahkemesi tutuklu san\u0131klar Iraz Bayrak, Orhan Gazi Erdo\u011fan, Mustafa Kele\u015f, Engin<\/p>\n","protected":false},"author":1,"featured_media":1610,"comment_status":"open","ping_status":"open","sticky":false,"template":"","format":"standard","meta":{"_rtcl_gb_attr":"","footnotes":""},"categories":[43],"tags":[],"class_list":["post-1741","post","type-post","status-publish","format-standard","has-post-thumbnail","hentry","category-son-dakika"],"_links":{"self":[{"href":"https:\/\/turkiyemhaber.com\/index.php?rest_route=\/wp\/v2\/posts\/1741","targetHints":{"allow":["GET"]}}],"collection":[{"href":"https:\/\/turkiyemhaber.com\/index.php?rest_route=\/wp\/v2\/posts"}],"about":[{"href":"https:\/\/turkiyemhaber.com\/index.php?rest_route=\/wp\/v2\/types\/post"}],"author":[{"embeddable":true,"href":"https:\/\/turkiyemhaber.com\/index.php?rest_route=\/wp\/v2\/users\/1"}],"replies":[{"embeddable":true,"href":"https:\/\/turkiyemhaber.com\/index.php?rest_route=%2Fwp%2Fv2%2Fcomments&post=1741"}],"version-history":[{"count":1,"href":"https:\/\/turkiyemhaber.com\/index.php?rest_route=\/wp\/v2\/posts\/1741\/revisions"}],"predecessor-version":[{"id":1742,"href":"https:\/\/turkiyemhaber.com\/index.php?rest_route=\/wp\/v2\/posts\/1741\/revisions\/1742"}],"wp:featuredmedia":[{"embeddable":true,"href":"https:\/\/turkiyemhaber.com\/index.php?rest_route=\/wp\/v2\/media\/1610"}],"wp:attachment":[{"href":"https:\/\/turkiyemhaber.com\/index.php?rest_route=%2Fwp%2Fv2%2Fmedia&parent=1741"}],"wp:term":[{"taxonomy":"category","embeddable":true,"href":"https:\/\/turkiyemhaber.com\/index.php?rest_route=%2Fwp%2Fv2%2Fcategories&post=1741"},{"taxonomy":"post_tag","embeddable":true,"href":"https:\/\/turkiyemhaber.com\/index.php?rest_route=%2Fwp%2Fv2%2Ftags&post=1741"}],"curies":[{"name":"wp","href":"https:\/\/api.w.org\/{rel}","templated":true}]}}