{"id":1738,"date":"2026-05-21T13:25:36","date_gmt":"2026-05-21T13:25:36","guid":{"rendered":"https:\/\/turkiyemhaber.com\/?p=1738"},"modified":"2026-05-21T13:25:41","modified_gmt":"2026-05-21T13:25:41","slug":"tekirdagin-cografi-isaretli-lezzetleri-turk-mutfagi-haftasinda-tanitildi","status":"publish","type":"post","link":"https:\/\/turkiyemhaber.com\/?p=1738","title":{"rendered":"Tekirda\u011f&#8217;\u0131n co\u011frafi i\u015faretli lezzetleri T\u00fcrk Mutfa\u011f\u0131 Haftas\u0131&#8217;nda tan\u0131t\u0131ld\u0131"},"content":{"rendered":"\n<p class=\"wp-block-paragraph\">Tekirda\u011f&#8217;da T\u00fcrk Mutfa\u011f\u0131 Haftas\u0131 kapsam\u0131nda d\u00fczenlenen etkinlikte kentin co\u011frafi i\u015faretli lezzetleri vatanda\u015flarla bulu\u015ftu.<\/p>\n\n\n\n<p class=\"wp-block-paragraph\">Tekirda\u011f&#8217;da T\u00fcrk Mutfa\u011f\u0131 Haftas\u0131 kapsam\u0131nda d\u00fczenlenen etkinlikte kentin co\u011frafi i\u015faretli lezzetleri vatanda\u015flarla bulu\u015ftu.<\/p>\n\n\n\n<p class=\"wp-block-paragraph\">Yahya Kemal Beyatl\u0131 K\u00fclt\u00fcr Merkezi&#8217;nde ger\u00e7ekle\u015ftirilen programda, sayg\u0131 duru\u015fu ve \u0130stiklal Mar\u015f\u0131&#8217;n\u0131n okunmas\u0131n\u0131n ard\u0131ndan, Cumhurba\u015fkan\u0131 Recep Tayyip Erdo\u011fan&#8217;\u0131n e\u015fi Emine Erdo\u011fan&#8217;\u0131n videosu izletildi.<\/p>\n\n\n\n<p class=\"wp-block-paragraph\">Etkinlikte, Tekirda\u011f k\u00f6ftesi, Malkara eski ka\u015far\u0131, \u015eark\u00f6y zeytinya\u011f\u0131, Ramazan \u00e7\u00f6re\u011fi, Hayrabolu tatl\u0131s\u0131, Velime\u015fe bozas\u0131, Tekirda\u011f bulamas\u0131, \u00c7erkezm\u00fcsellim k\u00f6ftesi, peynir helvas\u0131 ve K\u0131nal\u0131 yap\u0131ncak yapra\u011f\u0131 kat\u0131l\u0131mc\u0131lara tan\u0131t\u0131ld\u0131.<\/p>\n\n\n\n<p class=\"wp-block-paragraph\">Daha sonra kat\u0131l\u0131mc\u0131lar stantlar\u0131 gezerek \u00fcr\u00fcnleri tatt\u0131.<\/p>\n\n\n\n<p class=\"wp-block-paragraph\">\u0130l K\u00fclt\u00fcr ve Turizm M\u00fcd\u00fcr\u00fc \u00d6mer Faruk Karak\u00fc\u00e7\u00fck, konu\u015fmas\u0131nda, T\u00fcrk Mutfa\u011f\u0131 Haftas\u0131&#8217;n\u0131n Cumhurba\u015fkan\u0131 Recep Tayyip Erdo\u011fan&#8217;\u0131n e\u015fi Emine Erdo\u011fan&#8217;\u0131n himayelerinde kutland\u0131\u011f\u0131n\u0131 s\u00f6yledi.<\/p>\n\n\n\n<p class=\"wp-block-paragraph\">T\u00fcrk Mutfa\u011f\u0131 Haftas\u0131&#8217;n\u0131n bu y\u0131lki temas\u0131n\u0131n &#8216;Bir Sofrada Miras&#8217; olarak belirlendi\u011fini hat\u0131rlatan Karak\u00fc\u00e7\u00fck, &#8220;\u00c7\u00fcnk\u00fc sofralar\u0131m\u0131z sadece yemeklerin bulu\u015ftu\u011fu yerler de\u011fil, k\u00fclt\u00fcrel birlikteli\u011fin payla\u015f\u0131m\u0131n nesilden nesile aktar\u0131ld\u0131\u011f\u0131, kadim de\u011ferlerin ya\u015fat\u0131ld\u0131\u011f\u0131 en \u00f6nemli miras alanlar\u0131ndan biridir.&#8221; dedi.<\/p>\n\n\n\n<p class=\"wp-block-paragraph\">Karak\u00fc\u00e7\u00fck, Tekirda\u011f&#8217;\u0131n gastronomi de\u011ferlerini daha geni\u015f kitlelere tan\u0131tmay\u0131 ama\u00e7lad\u0131klar\u0131n\u0131 dile getirdi.<\/p>\n\n\n\n<p class=\"wp-block-paragraph\">Tekirda\u011f mutfa\u011f\u0131n\u0131n k\u00f6fte ba\u015fta olmak \u00fczere bir\u00e7ok tescilli \u00fcr\u00fcne sahip oldu\u011funu ifade eden Karak\u00fc\u00e7\u00fck, hafta boyunca d\u00fczenlenecek etkinliklerle kentin mutfak k\u00fclt\u00fcr\u00fcn\u00fcn ziyaret\u00e7ilere tan\u0131t\u0131laca\u011f\u0131n\u0131 ifade etti.<\/p>\n\n\n\n<p class=\"wp-block-paragraph\">Programa, Tekirda\u011f Valisi Recep Soyt\u00fcrk ve e\u015fi Nurdan Soyt\u00fcrk, CHP Tekirda\u011f milletvekilleri \u0130lhami \u00d6zcan Aygun ile Nurten Yontar ve \u00e7e\u015fitli kurum temsilcileri kat\u0131ld\u0131.<\/p>\n\n\n\n<p class=\"wp-block-paragraph\">Protokol \u00fcyeleri stantlar\u0131 ziyaret ederek y\u00f6resel \u00fcr\u00fcnler hakk\u0131nda yetkililerden bilgi ald\u0131.<\/p>\n","protected":false},"excerpt":{"rendered":"<p>Tekirda\u011f&#8217;da T\u00fcrk Mutfa\u011f\u0131 Haftas\u0131 kapsam\u0131nda d\u00fczenlenen etkinlikte kentin co\u011frafi i\u015faretli lezzetleri vatanda\u015flarla bulu\u015ftu. Tekirda\u011f&#8217;da T\u00fcrk<\/p>\n","protected":false},"author":1,"featured_media":1739,"comment_status":"open","ping_status":"open","sticky":false,"template":"","format":"standard","meta":{"_rtcl_gb_attr":"","footnotes":""},"categories":[1],"tags":[],"class_list":["post-1738","post","type-post","status-publish","format-standard","has-post-thumbnail","hentry","category-http-turkiyemhaber-com-wp-content-uploads-2026-03-saray-59-haber-13-mart-pdf"],"_links":{"self":[{"href":"https:\/\/turkiyemhaber.com\/index.php?rest_route=\/wp\/v2\/posts\/1738","targetHints":{"allow":["GET"]}}],"collection":[{"href":"https:\/\/turkiyemhaber.com\/index.php?rest_route=\/wp\/v2\/posts"}],"about":[{"href":"https:\/\/turkiyemhaber.com\/index.php?rest_route=\/wp\/v2\/types\/post"}],"author":[{"embeddable":true,"href":"https:\/\/turkiyemhaber.com\/index.php?rest_route=\/wp\/v2\/users\/1"}],"replies":[{"embeddable":true,"href":"https:\/\/turkiyemhaber.com\/index.php?rest_route=%2Fwp%2Fv2%2Fcomments&post=1738"}],"version-history":[{"count":1,"href":"https:\/\/turkiyemhaber.com\/index.php?rest_route=\/wp\/v2\/posts\/1738\/revisions"}],"predecessor-version":[{"id":1740,"href":"https:\/\/turkiyemhaber.com\/index.php?rest_route=\/wp\/v2\/posts\/1738\/revisions\/1740"}],"wp:featuredmedia":[{"embeddable":true,"href":"https:\/\/turkiyemhaber.com\/index.php?rest_route=\/wp\/v2\/media\/1739"}],"wp:attachment":[{"href":"https:\/\/turkiyemhaber.com\/index.php?rest_route=%2Fwp%2Fv2%2Fmedia&parent=1738"}],"wp:term":[{"taxonomy":"category","embeddable":true,"href":"https:\/\/turkiyemhaber.com\/index.php?rest_route=%2Fwp%2Fv2%2Fcategories&post=1738"},{"taxonomy":"post_tag","embeddable":true,"href":"https:\/\/turkiyemhaber.com\/index.php?rest_route=%2Fwp%2Fv2%2Ftags&post=1738"}],"curies":[{"name":"wp","href":"https:\/\/api.w.org\/{rel}","templated":true}]}}