{"id":1735,"date":"2026-05-21T13:21:57","date_gmt":"2026-05-21T13:21:57","guid":{"rendered":"https:\/\/turkiyemhaber.com\/?p=1735"},"modified":"2026-05-21T13:22:01","modified_gmt":"2026-05-21T13:22:01","slug":"tekirdagda-sehit-olan-polis-memuru-emrah-koc-memleketi-vanda-son-yolculuguna-ugurlandi","status":"publish","type":"post","link":"https:\/\/turkiyemhaber.com\/?p=1735","title":{"rendered":"Tekirda\u011f&#8217;da \u015fehit olan polis memuru Emrah Ko\u00e7 memleketi Van&#8217;da son yolculu\u011funa u\u011furland\u0131"},"content":{"rendered":"\n<p class=\"wp-block-paragraph\">Tekirda\u011f&#8217;\u0131n \u00c7orlu il\u00e7esinde \u015fehit olan polis memuru Emrah Ko\u00e7&#8217;un cenazesi, memleketi Van&#8217;da d\u00fczenlenen t\u00f6renle topra\u011fa verildi.<\/p>\n\n\n\n<p class=\"wp-block-paragraph\">Tekirda\u011f&#8217;da \u015fehit olan polis memuru Emrah Ko\u00e7 i\u00e7in memleketi Van&#8217;da t\u00f6ren d\u00fczenlendi.<\/p>\n\n\n\n<p class=\"wp-block-paragraph\">\u015eehit Ko\u00e7&#8217;un naa\u015f\u0131, \u00c7orlu&#8217;da ger\u00e7ekle\u015ftirilen t\u00f6renin ard\u0131ndan T\u00fcrk Hava Kuvvetlerine ait u\u00e7akla Van Jandarma Hava Grup Komutanl\u0131\u011f\u0131&#8217;na getirildi.<\/p>\n\n\n\n<p class=\"wp-block-paragraph\">U\u00e7aktan indirilen \u015fehidin T\u00fcrk bayra\u011f\u0131na sar\u0131l\u0131 naa\u015f\u0131, silah arkada\u015flar\u0131 taraf\u0131ndan omuzlarda ta\u015f\u0131narak katafalka konuldu.<\/p>\n\n\n\n<p class=\"wp-block-paragraph\">Burada d\u00fczenlenen t\u00f6rende sayg\u0131 duru\u015funda bulunuldu, \u015fehidin \u00f6z ge\u00e7mi\u015fi okundu ve dua edildi.<\/p>\n\n\n\n<p class=\"wp-block-paragraph\">\u015eehidin annesi Birg\u00fcl, babas\u0131 Mahyettin ve yak\u0131nlar\u0131n\u0131 askerler teskin etmeye \u00e7al\u0131\u015ft\u0131.<\/p>\n\n\n\n<p class=\"wp-block-paragraph\">\u0130\u00e7i\u015fleri Bakan Yard\u0131mc\u0131s\u0131 Ali \u00c7elik, Van Valisi ve B\u00fcy\u00fck\u015fehir Belediye Ba\u015fkan Vekili Ozan Balc\u0131 ile protokol \u00fcyeleri \u015fehidin ailesine ba\u015fsa\u011fl\u0131\u011f\u0131 diledi.<\/p>\n\n\n\n<p class=\"wp-block-paragraph\">Omuzlarda ta\u015f\u0131narak cenaze arac\u0131na konulan \u015fehidin naa\u015f\u0131, defnedilmek \u00fczere \u00c7ald\u0131ran il\u00e7esine ba\u011fl\u0131 Kuskunk\u0131ran Mahallesi&#8217;ne u\u011furland\u0131.<\/p>\n\n\n\n<figure class=\"wp-block-image\"><img decoding=\"async\" src=\"https:\/\/web-cdnprod.aa.com.tr\/uploads\/Contents\/2026\/05\/18\/4c93d1d14de2f7ddc6834d2a7fa322a4.jpg\" alt=\"\"\/><\/figure>\n\n\n\n<p class=\"wp-block-paragraph\">Van&#8217;daki t\u00f6renin ard\u0131ndan \u015fehit Ko\u00e7&#8217;un naa\u015f\u0131, \u00c7ald\u0131ran il\u00e7esine ba\u011fl\u0131 Kuskunk\u0131ran Mahallesi&#8217;ndeki babaevine getirildi.<\/p>\n\n\n\n<p class=\"wp-block-paragraph\">T\u00fcrk bayra\u011f\u0131na sar\u0131l\u0131 \u015fehidin naa\u015f\u0131, burada helallik al\u0131nmas\u0131n\u0131n ard\u0131ndan mahalledeki camiye g\u00f6t\u00fcr\u00fcld\u00fc.<\/p>\n\n\n\n<p class=\"wp-block-paragraph\">Cami avlusundaki t\u00f6rende \u015fehidin annesi Birg\u00fcl, babas\u0131 Mahyettin, karde\u015fleri ve yak\u0131nlar\u0131 tabuta sar\u0131larak g\u00f6zya\u015f\u0131 d\u00f6kt\u00fc, polisler ise aileyi teskin etmeye \u00e7al\u0131\u015ft\u0131.<\/p>\n\n\n\n<p class=\"wp-block-paragraph\">\u0130\u00e7i\u015fleri Bakan Yard\u0131mc\u0131s\u0131 Ali \u00c7elik, Van Valisi ve B\u00fcy\u00fck\u015fehir Belediye Ba\u015fkan Vekili Ozan Balc\u0131, AK Parti Van Milletvekili Kayhan T\u00fcrkmeno\u011flu ile protokol \u00fcyeleri \u015fehidin ailesine ba\u015fsa\u011fl\u0131\u011f\u0131 dile\u011finde bulundu.<\/p>\n\n\n\n<p class=\"wp-block-paragraph\">Cenaze namaz\u0131n\u0131n k\u0131l\u0131nmas\u0131 ve dua edilmesinin ard\u0131ndan silah arkada\u015flar\u0131 taraf\u0131ndan omuzlarda ta\u015f\u0131nan \u015fehidin naa\u015f\u0131, mahalle mezarl\u0131\u011f\u0131nda defnedildi.<\/p>\n\n\n\n<p class=\"wp-block-paragraph\">T\u00f6rene, \u015fehidin ailesi ve yak\u0131nlar\u0131n\u0131n yan\u0131 s\u0131ra Van Jandarma Asayi\u015f Kolordu Komutan\u0131 T\u00fcmgeneral \u00dcnsal Bulut, Emniyet Genel M\u00fcd\u00fcr Yard\u0131mc\u0131s\u0131 Ali Ba\u015ft\u00fcrk, \u0130l Emniyet M\u00fcd\u00fcr\u00fc Murat Mutlu, \u0130l Jandarma Komutan\u0131 Tu\u011fgeneral M\u00fccahit Avk\u0131ran, AK Parti \u0130l Ba\u015fkan\u0131 Abdulahad Arvas, kurum amirleri, siyasi parti temsilcileri ve \u00e7ok say\u0131da vatanda\u015f kat\u0131ld\u0131.<\/p>\n\n\n\n<p class=\"wp-block-paragraph\">\u0130l\u00e7ede Kaymakaml\u0131k taraf\u0131ndan sokak direkleri ve \u00fcst ge\u00e7itlere, vatanda\u015flar taraf\u0131ndan da ev, i\u015f yeri ve ara\u00e7lara T\u00fcrk bayraklar\u0131 as\u0131ld\u0131.<\/p>\n\n\n\n<h2 class=\"wp-block-heading\">Tekirda\u011f&#8217;\u0131n \u00c7orlu il\u00e7esinde \u015fehit olan polis memurlar\u0131 Erkan T\u00fct\u00fcnc\u00fcler ve Emrah Ko\u00e7 i\u00e7in t\u00f6ren d\u00fczenlendi<\/h2>\n\n\n\n<p class=\"wp-block-paragraph\">\u00c7orlu Emniyet M\u00fcd\u00fcrl\u00fc\u011f\u00fcnde d\u00fczenlenen t\u00f6rene, \u015fehit polislerin ailelerinin yan\u0131 s\u0131ra \u0130\u00e7i\u015fleri Bakan\u0131 Mustafa \u00c7ift\u00e7i, Emniyet Genel M\u00fcd\u00fcr\u00fc Ali Fidan, Tekirda\u011f Valisi Recep Soyt\u00fcrk, Tekirda\u011f Emniyet M\u00fcd\u00fcr\u00fc Metin Turanl\u0131, baz\u0131 milletvekilleri, siyasi parti temsilcileri, il protokol\u00fc ile polis memurlar\u0131 kat\u0131ld\u0131.<\/p>\n\n\n\n<figure class=\"wp-block-image\"><img decoding=\"async\" src=\"https:\/\/web-cdnprod.aa.com.tr\/uploads\/Contents\/2026\/05\/18\/73e8a969bf383ca2b06c2385b7c2c855.jpg\" alt=\"\"\/><\/figure>\n\n\n\n<p class=\"wp-block-paragraph\">Bakan \u00c7ift\u00e7i, burada yapt\u0131\u011f\u0131 konu\u015fmada, bug\u00fcn b\u00fcy\u00fck bir ac\u0131n\u0131n tarifsiz bir y\u00fcrek yang\u0131n\u0131n i\u00e7inde olduklar\u0131n\u0131 belirtti.<\/p>\n\n\n\n<p class=\"wp-block-paragraph\">\u00c7orlu Asayi\u015f B\u00fcro Amirli\u011finde g\u00f6rev yapan kahraman polis memurlar\u0131 T\u00fct\u00fcnc\u00fcler ve Ko\u00e7&#8217;u dualarla ebedi aleme u\u011furlad\u0131klar\u0131n\u0131 ifade eden Bakan \u00c7ift\u00e7i, &#8220;Erkan T\u00fct\u00fcnc\u00fcler karde\u015fimiz Samsun&#8217;un yi\u011fit bir evlad\u0131, ailesinin dire\u011fi, bir yavrumuzun kahraman babas\u0131yd\u0131. G\u00f6revini sadakatiyle yapan, kendinden daima s\u00f6z ettiren, mesai arkada\u015flar\u0131n\u0131n g\u00f6nl\u00fcnde iz b\u0131rakan, cesur y\u00fcrekli bir polisti. Emrah Ko\u00e7 karde\u015fimiz Van&#8217;\u0131n mert bir evlad\u0131, devletine ba\u011fl\u0131l\u0131\u011f\u0131 ve g\u00f6rev ahlak\u0131yla gen\u00e7 ya\u015fam\u0131na s\u0131\u011fd\u0131rd\u0131\u011f\u0131 y\u00fcksek sorumluluk duygusuyla herkesin kalbinde m\u00fcstesna bir yere sahipti. Onlar ay y\u0131ld\u0131zl\u0131 bayra\u011f\u0131m\u0131z\u0131n g\u00f6lgesinde milletimizin huzuru i\u00e7in g\u00f6rev yapt\u0131lar. \u00dcniformalar\u0131n\u0131 \u015feref bildiler. Devletin emanetini omuzlar\u0131nda ta\u015f\u0131d\u0131lar.&#8221; diye konu\u015ftu.<\/p>\n\n\n\n<p class=\"wp-block-paragraph\">Polisli\u011fin bu topraklarda a\u011f\u0131r bir sorumluluk gerektirdi\u011fini vurgulayan Bakan \u00c7ift\u00e7i, polislerin \u015fehrin huzuru i\u00e7in kendi huzurlar\u0131ndan vazge\u00e7ti\u011fini anlatt\u0131.<\/p>\n\n\n\n<figure class=\"wp-block-image\"><img decoding=\"async\" src=\"https:\/\/web-cdnprod.aa.com.tr\/uploads\/Contents\/2026\/05\/18\/ea00977121108fd04c18704c9657c035.jpg\" alt=\"\"\/><\/figure>\n\n\n\n<h2 class=\"wp-block-heading\">&#8220;Sizin ac\u0131n\u0131z kelimelerin ta\u015f\u0131yamayaca\u011f\u0131 kadar a\u011f\u0131rd\u0131r&#8221;<\/h2>\n\n\n\n<p class=\"wp-block-paragraph\">\u015eehit polislerin ailelerine seslenen Bakan \u00c7ift\u00e7i, \u015f\u00f6yle konu\u015ftu:<\/p>\n\n\n\n<p class=\"wp-block-paragraph\">&#8220;Sizin ac\u0131n\u0131z kelimelerin ta\u015f\u0131yamayaca\u011f\u0131 kadar a\u011f\u0131rd\u0131r. \u0130nsan y\u00fcre\u011fine d\u00fc\u015fen en b\u00fcy\u00fck imtihanlardan birini veriyorsunuz. Bu imtihanda yaln\u0131z b\u0131rak\u0131lmayacaks\u0131n\u0131z. Sizler bu millete kahramanlar yeti\u015ftirdiniz. Allah sizlerden b\u00f6yle evlatlar yeti\u015ftirdi\u011finiz i\u00e7in raz\u0131 ve memnun olsun. Rabbim \u00f6nce sizlere, sonra aziz milletimize sabr\u0131 cemil ihsan eylesin. Rabbim y\u00fcre\u011finize y\u00fcre\u011fimize metanet versin. Bizim inanc\u0131m\u0131zda \u015fehitlik peygamberlikten sonra gelen en y\u00fcce makamlardan biridir.<\/p>\n\n\n\n<figure class=\"wp-block-image\"><img decoding=\"async\" src=\"https:\/\/web-cdnprod.aa.com.tr\/uploads\/Contents\/2026\/05\/18\/b8020bee3295582b180214de4b3ce297.jpg\" alt=\"\"\/><\/figure>\n\n\n\n<p class=\"wp-block-paragraph\">Y\u00fcce kitab\u0131m\u0131z Kur&#8217;an-\u0131 Kerim&#8217;de Rabbimiz \u015f\u00f6yle buyurur &#8216;Allah yolunda \u00f6ld\u00fcr\u00fclenlere \u00f6l\u00fcler demeyiniz. Bilakis onlar diridirler fakat siz bunun fark\u0131n\u0131 olamazs\u0131n\u0131z.&#8217; Biz bu ilahi m\u00fcjdeye inan\u0131yoruz. \u015eehitlerimizi topra\u011fa verirken onlar\u0131 milletimizin ebedi haf\u0131zas\u0131na, dualar\u0131m\u0131za ve Rabbimizin rahmetine emanet ediyoruz. \u015eehitlerimizin hat\u0131ras\u0131n\u0131 ya\u015fatmak, onlar\u0131n u\u011fruna can verdi\u011fi bu vatana sahip \u00e7\u0131kmak hepimizin boynunun borcudur. Bu topraklar\u0131n huzuruna, milletimizin birli\u011fine, devletimizin bekas\u0131na y\u00f6nelen her karanl\u0131k niyet kar\u015f\u0131s\u0131nda \u0130\u00e7i\u015fleri Bakanl\u0131\u011f\u0131m\u0131z\u0131 bulacakt\u0131r. &#8220;<\/p>\n\n\n\n<figure class=\"wp-block-image\"><img decoding=\"async\" src=\"https:\/\/web-cdnprod.aa.com.tr\/uploads\/Contents\/2026\/05\/18\/4aa52e365980ab5f17570362f6df438b.jpg\" alt=\"\"\/><\/figure>\n\n\n\n<p class=\"wp-block-paragraph\">\u015eehit polisler T\u00fct\u00fcnc\u00fcler ve Ko\u00e7&#8217;a rahmet dileyen \u00c7ift\u00e7i, ailelerine ve T\u00fcrk milletine de sab\u0131r ve ba\u015fsa\u011fl\u0131\u011f\u0131 temenni etti. Ard\u0131ndan Tekirda\u011f M\u00fcft\u00fc Vekili Ahmet Nuri Bayraktutan \u015fehitler i\u00e7in dua etti.<\/p>\n\n\n\n<p class=\"wp-block-paragraph\">T\u00f6ren mangas\u0131 taraf\u0131ndan omuzlarda ta\u015f\u0131narak araca konulan \u015fehit polis memurlar\u0131n\u0131n naa\u015flar\u0131 cenaze namaz\u0131 i\u00e7in Hac\u0131 Mehmet \u015eirik\u00e7i Camisi&#8217;ne g\u00f6t\u00fcr\u00fcld\u00fc.<\/p>\n\n\n\n<figure class=\"wp-block-image\"><img decoding=\"async\" src=\"https:\/\/web-cdnprod.aa.com.tr\/uploads\/Contents\/2026\/05\/18\/1c4704a9ea40e300ec5dcd4c3c2f505a.jpg\" alt=\"\"\/><\/figure>\n\n\n\n<p class=\"wp-block-paragraph\">Cenaze namaz\u0131n\u0131n ard\u0131ndan \u015fehitlerden Ko\u00e7&#8217;un naa\u015f\u0131 memleketi Van&#8217;a g\u00f6nderilmek \u00fczere \u00c7orlu Atat\u00fcrk Havaliman\u0131&#8217;na g\u00f6t\u00fcr\u00fclecek. \u015eehit polis memuru Erkan T\u00fct\u00fcnc\u00fcler&#8217;in naa\u015f\u0131 da \u00c7orlu \u015eehitli\u011fi&#8217;nde topra\u011fa verilecek.<\/p>\n\n\n\n<p class=\"wp-block-paragraph\">Tekirda\u011f&#8217;\u0131n \u00c7orlu il\u00e7esinde g\u00f6revli polis memurlar\u0131 Erkan T\u00fct\u00fcnc\u00fcler ve Emrah Ko\u00e7, d\u00fcn Re\u015fadiye Mahallesi Kumyol Caddesi&#8217;ndeki bir i\u015f merkezinde Orhan Altan&#8217;\u0131n (24) a\u00e7t\u0131\u011f\u0131 ate\u015f sonucu \u015fehit d\u00fc\u015fm\u00fc\u015ft\u00fc.<\/p>\n","protected":false},"excerpt":{"rendered":"<p>Tekirda\u011f&#8217;\u0131n \u00c7orlu il\u00e7esinde \u015fehit olan polis memuru Emrah Ko\u00e7&#8217;un cenazesi, memleketi Van&#8217;da d\u00fczenlenen t\u00f6renle topra\u011fa<\/p>\n","protected":false},"author":1,"featured_media":1736,"comment_status":"open","ping_status":"open","sticky":false,"template":"","format":"standard","meta":{"_rtcl_gb_attr":"","footnotes":""},"categories":[1],"tags":[],"class_list":["post-1735","post","type-post","status-publish","format-standard","has-post-thumbnail","hentry","category-http-turkiyemhaber-com-wp-content-uploads-2026-03-saray-59-haber-13-mart-pdf"],"_links":{"self":[{"href":"https:\/\/turkiyemhaber.com\/index.php?rest_route=\/wp\/v2\/posts\/1735","targetHints":{"allow":["GET"]}}],"collection":[{"href":"https:\/\/turkiyemhaber.com\/index.php?rest_route=\/wp\/v2\/posts"}],"about":[{"href":"https:\/\/turkiyemhaber.com\/index.php?rest_route=\/wp\/v2\/types\/post"}],"author":[{"embeddable":true,"href":"https:\/\/turkiyemhaber.com\/index.php?rest_route=\/wp\/v2\/users\/1"}],"replies":[{"embeddable":true,"href":"https:\/\/turkiyemhaber.com\/index.php?rest_route=%2Fwp%2Fv2%2Fcomments&post=1735"}],"version-history":[{"count":1,"href":"https:\/\/turkiyemhaber.com\/index.php?rest_route=\/wp\/v2\/posts\/1735\/revisions"}],"predecessor-version":[{"id":1737,"href":"https:\/\/turkiyemhaber.com\/index.php?rest_route=\/wp\/v2\/posts\/1735\/revisions\/1737"}],"wp:featuredmedia":[{"embeddable":true,"href":"https:\/\/turkiyemhaber.com\/index.php?rest_route=\/wp\/v2\/media\/1736"}],"wp:attachment":[{"href":"https:\/\/turkiyemhaber.com\/index.php?rest_route=%2Fwp%2Fv2%2Fmedia&parent=1735"}],"wp:term":[{"taxonomy":"category","embeddable":true,"href":"https:\/\/turkiyemhaber.com\/index.php?rest_route=%2Fwp%2Fv2%2Fcategories&post=1735"},{"taxonomy":"post_tag","embeddable":true,"href":"https:\/\/turkiyemhaber.com\/index.php?rest_route=%2Fwp%2Fv2%2Ftags&post=1735"}],"curies":[{"name":"wp","href":"https:\/\/api.w.org\/{rel}","templated":true}]}}