{"id":1732,"date":"2026-05-21T13:11:14","date_gmt":"2026-05-21T13:11:14","guid":{"rendered":"https:\/\/turkiyemhaber.com\/?p=1732"},"modified":"2026-05-21T13:11:18","modified_gmt":"2026-05-21T13:11:18","slug":"10-mavi-bayrak-sahibi-tekirdag-bayram-tatiline-hazir","status":"publish","type":"post","link":"https:\/\/turkiyemhaber.com\/?p=1732","title":{"rendered":"10 mavi bayrak sahibi Tekirda\u011f bayram tatiline haz\u0131r"},"content":{"rendered":"\n<p class=\"wp-block-paragraph\">Yaz sezonunda 10 mavi bayrakl\u0131 plajla turistlere hizmet verecek olan Tekirda\u011f&#8217;da Kurban Bayram\u0131 \u00f6ncesi haz\u0131rl\u0131klar yo\u011funla\u015ft\u0131r\u0131ld\u0131.<br>Kurban Bayram\u0131 tatilinin 9 g\u00fcn olarak a\u00e7\u0131klanmas\u0131n\u0131n ard\u0131ndan Tekirda\u011f B\u00fcy\u00fck\u015fehir Belediyesi, kent genelinde bayram ve yaz sezonu haz\u0131rl\u0131klar\u0131n\u0131 h\u0131zland\u0131rd\u0131. \u0130stanbul&#8217;a yak\u0131n konumu, yakla\u015f\u0131k 135 kilometrelik sahil \u015feridi, Marmara ve Karadeniz k\u0131y\u0131s\u0131ndaki mavi bayrakl\u0131 plajlar\u0131yla \u00f6ne \u00e7\u0131kan Tekirda\u011f&#8217;da bayram s\u00fcresince yo\u011fun ziyaret\u00e7i hareketlili\u011fi bekleniyor. Tekirda\u011f B\u00fcy\u00fck\u015fehir Belediyesi taraf\u0131ndan sahillerde bak\u0131m, temizlik, \u00e7evre d\u00fczenleme ve altyap\u0131 \u00e7al\u0131\u015fmalar\u0131 s\u00fcrd\u00fcr\u00fcl\u00fcrken, ilgili birimlerin de bayram boyunca g\u00f6rev planlamalar\u0131n\u0131 tamamlad\u0131\u011f\u0131 belirtildi. Zab\u0131ta, itfaiye ve TESK\u0130 ekiplerinin kent genelinde ya\u015fanabilecek olumsuzluklara kar\u015f\u0131 g\u00f6rev ba\u015f\u0131nda olaca\u011f\u0131 ifade edildi.<br>Tekirda\u011f&#8217;da mavi bayrakl\u0131 plaj say\u0131s\u0131n\u0131n son iki y\u0131lda art\u0131r\u0131ld\u0131\u011f\u0131 belirtilirken, 2026 yaz sezonunda kent genelinde 10 mavi bayrakl\u0131 plajla hizmet verilece\u011fi kaydedildi. Tekirda\u011f&#8217;\u0131n bu say\u0131yla Marmara Denizi k\u0131y\u0131s\u0131ndaki iller aras\u0131nda en fazla mavi bayra\u011fa sahip oldu\u011fu bildirildi.<br>\u00d6te yandan Mezarl\u0131klar Dairesi Ba\u015fkanl\u0131\u011f\u0131 ekiplerince il genelindeki 560 mezarl\u0131k alan\u0131nda yabani ot temizli\u011fi, ila\u00e7lama, bak\u0131m ve \u00e7evre d\u00fczenleme \u00e7al\u0131\u015fmalar\u0131n\u0131n s\u00fcrd\u00fcr\u00fcld\u00fc\u011f\u00fc \u00f6\u011frenildi. Kabristanlar\u0131n bayram ziyaretlerine haz\u0131r hale getirildi\u011fi aktar\u0131ld\u0131.<br>Vatanda\u015flar\u0131n kurban ibadetlerini hijyenik \u015fartlarda yerine getirebilmesi i\u00e7in \u015eark\u00f6y, \u00c7orlu ve \u00c7erkezk\u00f6y mezbahalar\u0131 ile Malkara Et Kombina Tesisi&#8217;nde de haz\u0131rl\u0131klar\u0131n tamamland\u0131\u011f\u0131 belirtildi. Bayram s\u00fcresince tesislerde randevu sistemiyle kesim hizmeti verilece\u011fi ve vatanda\u015flara \u00fccretsiz so\u011fuk hava deposu hizmeti sunulaca\u011f\u0131 ifade edildi.<br>B\u00fcy\u00fck\u015fehir Belediyesi yetkilileri, vatanda\u015flar\u0131n talep ve ihbarlar\u0131n\u0131 Alo 153 Candan \u00c7\u00f6z\u00fcm Merkezi, 0850 459 59 59 numaral\u0131 \u00e7a\u011fr\u0131 merkezi ile TESK\u0130 185 hatt\u0131 \u00fczerinden 7 g\u00fcn 24 saat iletebilece\u011fini bildirdi.<\/p>\n","protected":false},"excerpt":{"rendered":"<p>Yaz sezonunda 10 mavi bayrakl\u0131 plajla turistlere hizmet verecek olan Tekirda\u011f&#8217;da Kurban Bayram\u0131 \u00f6ncesi haz\u0131rl\u0131klar<\/p>\n","protected":false},"author":1,"featured_media":1733,"comment_status":"open","ping_status":"open","sticky":false,"template":"","format":"standard","meta":{"_rtcl_gb_attr":"","footnotes":""},"categories":[1],"tags":[],"class_list":["post-1732","post","type-post","status-publish","format-standard","has-post-thumbnail","hentry","category-http-turkiyemhaber-com-wp-content-uploads-2026-03-saray-59-haber-13-mart-pdf"],"_links":{"self":[{"href":"https:\/\/turkiyemhaber.com\/index.php?rest_route=\/wp\/v2\/posts\/1732","targetHints":{"allow":["GET"]}}],"collection":[{"href":"https:\/\/turkiyemhaber.com\/index.php?rest_route=\/wp\/v2\/posts"}],"about":[{"href":"https:\/\/turkiyemhaber.com\/index.php?rest_route=\/wp\/v2\/types\/post"}],"author":[{"embeddable":true,"href":"https:\/\/turkiyemhaber.com\/index.php?rest_route=\/wp\/v2\/users\/1"}],"replies":[{"embeddable":true,"href":"https:\/\/turkiyemhaber.com\/index.php?rest_route=%2Fwp%2Fv2%2Fcomments&post=1732"}],"version-history":[{"count":1,"href":"https:\/\/turkiyemhaber.com\/index.php?rest_route=\/wp\/v2\/posts\/1732\/revisions"}],"predecessor-version":[{"id":1734,"href":"https:\/\/turkiyemhaber.com\/index.php?rest_route=\/wp\/v2\/posts\/1732\/revisions\/1734"}],"wp:featuredmedia":[{"embeddable":true,"href":"https:\/\/turkiyemhaber.com\/index.php?rest_route=\/wp\/v2\/media\/1733"}],"wp:attachment":[{"href":"https:\/\/turkiyemhaber.com\/index.php?rest_route=%2Fwp%2Fv2%2Fmedia&parent=1732"}],"wp:term":[{"taxonomy":"category","embeddable":true,"href":"https:\/\/turkiyemhaber.com\/index.php?rest_route=%2Fwp%2Fv2%2Fcategories&post=1732"},{"taxonomy":"post_tag","embeddable":true,"href":"https:\/\/turkiyemhaber.com\/index.php?rest_route=%2Fwp%2Fv2%2Ftags&post=1732"}],"curies":[{"name":"wp","href":"https:\/\/api.w.org\/{rel}","templated":true}]}}