{"id":1729,"date":"2026-05-21T13:01:08","date_gmt":"2026-05-21T13:01:08","guid":{"rendered":"https:\/\/turkiyemhaber.com\/?p=1729"},"modified":"2026-05-21T13:01:12","modified_gmt":"2026-05-21T13:01:12","slug":"tekirdagda-10-dakikalik-saganak-hayati-felc-etti-bazi-araclar-suya-gomuldu","status":"publish","type":"post","link":"https:\/\/turkiyemhaber.com\/?p=1729","title":{"rendered":"Tekirda\u011f&#8217;da 10 dakikal\u0131k sa\u011fanak hayat\u0131 fel\u00e7 etti Baz\u0131 ara\u00e7lar suya g\u00f6m\u00fcld\u00fc"},"content":{"rendered":"\n<p class=\"wp-block-paragraph\">Tekirda\u011f&#8217;\u0131n S\u00fcleymanpa\u015fa il\u00e7esinde etkili olan yakla\u015f\u0131k 10 dakikal\u0131k \u015fiddetli sa\u011fanak ya\u011f\u0131\u015f nedeniyle yollar g\u00f6le d\u00f6nd\u00fc, ara\u00e7lar ilerlemekte g\u00fc\u00e7l\u00fck \u00e7ekti.<br>Kent merkezinde aniden bast\u0131ran sa\u011fanak ya\u011f\u0131\u015f, g\u00fcnl\u00fck ya\u015fam\u0131 olumsuz etkiledi. K\u0131sa s\u00fcrede cadde ve sokaklarda su birikintileri olu\u015furken, baz\u0131 yollar adeta dereye d\u00f6nd\u00fc. S\u00fcr\u00fcc\u00fcler suyla kaplanan yollarda kontroll\u00fc \u015fekilde ilerlemeye \u00e7al\u0131\u015f\u0131rken, baz\u0131 ara\u00e7lar yolda mahsur kalma tehlikesi ya\u015fad\u0131.<\/p>\n\n\n\n<p class=\"wp-block-paragraph\">Ara\u00e7 suya g\u00f6m\u00fcld\u00fc<br>Vatanda\u015flar da ya\u011f\u0131\u015f s\u0131ras\u0131nda zor anlar ya\u015fad\u0131. \u00d6zellikle pazar alan\u0131nda su bask\u0131n\u0131 meydana gelirken, esnaf ve vatanda\u015flar ya\u011fmurdan korunmaya \u00e7al\u0131\u015ft\u0131. Ya\u011f\u0131\u015f nedeniyle baz\u0131 noktalarda mazgallar\u0131n yetersiz kald\u0131\u011f\u0131 g\u00f6r\u00fcld\u00fc.<br>\u00d6te yandan il\u00e7edeki baz\u0131 k\u00f6pr\u00fc altlar\u0131n\u0131 da su bast\u0131. Su birikintileri nedeniyle ara\u00e7 ge\u00e7i\u015flerinde aksama ya\u015fan\u0131rken, bir ara\u00e7 suya g\u00f6m\u00fcld\u00fc.<\/p>\n","protected":false},"excerpt":{"rendered":"<p>Tekirda\u011f&#8217;\u0131n S\u00fcleymanpa\u015fa il\u00e7esinde etkili olan yakla\u015f\u0131k 10 dakikal\u0131k \u015fiddetli sa\u011fanak ya\u011f\u0131\u015f nedeniyle yollar g\u00f6le d\u00f6nd\u00fc,<\/p>\n","protected":false},"author":1,"featured_media":1730,"comment_status":"open","ping_status":"open","sticky":false,"template":"","format":"standard","meta":{"_rtcl_gb_attr":"","footnotes":""},"categories":[43],"tags":[],"class_list":["post-1729","post","type-post","status-publish","format-standard","has-post-thumbnail","hentry","category-son-dakika"],"_links":{"self":[{"href":"https:\/\/turkiyemhaber.com\/index.php?rest_route=\/wp\/v2\/posts\/1729","targetHints":{"allow":["GET"]}}],"collection":[{"href":"https:\/\/turkiyemhaber.com\/index.php?rest_route=\/wp\/v2\/posts"}],"about":[{"href":"https:\/\/turkiyemhaber.com\/index.php?rest_route=\/wp\/v2\/types\/post"}],"author":[{"embeddable":true,"href":"https:\/\/turkiyemhaber.com\/index.php?rest_route=\/wp\/v2\/users\/1"}],"replies":[{"embeddable":true,"href":"https:\/\/turkiyemhaber.com\/index.php?rest_route=%2Fwp%2Fv2%2Fcomments&post=1729"}],"version-history":[{"count":1,"href":"https:\/\/turkiyemhaber.com\/index.php?rest_route=\/wp\/v2\/posts\/1729\/revisions"}],"predecessor-version":[{"id":1731,"href":"https:\/\/turkiyemhaber.com\/index.php?rest_route=\/wp\/v2\/posts\/1729\/revisions\/1731"}],"wp:featuredmedia":[{"embeddable":true,"href":"https:\/\/turkiyemhaber.com\/index.php?rest_route=\/wp\/v2\/media\/1730"}],"wp:attachment":[{"href":"https:\/\/turkiyemhaber.com\/index.php?rest_route=%2Fwp%2Fv2%2Fmedia&parent=1729"}],"wp:term":[{"taxonomy":"category","embeddable":true,"href":"https:\/\/turkiyemhaber.com\/index.php?rest_route=%2Fwp%2Fv2%2Fcategories&post=1729"},{"taxonomy":"post_tag","embeddable":true,"href":"https:\/\/turkiyemhaber.com\/index.php?rest_route=%2Fwp%2Fv2%2Ftags&post=1729"}],"curies":[{"name":"wp","href":"https:\/\/api.w.org\/{rel}","templated":true}]}}