{"id":1726,"date":"2026-05-21T12:55:58","date_gmt":"2026-05-21T12:55:58","guid":{"rendered":"https:\/\/turkiyemhaber.com\/?p=1726"},"modified":"2026-05-21T12:56:02","modified_gmt":"2026-05-21T12:56:02","slug":"bu-kadari-da-fazla-artik-tupras-stadyumuna-yapilana-tepki-yagiyor","status":"publish","type":"post","link":"https:\/\/turkiyemhaber.com\/?p=1726","title":{"rendered":"Bu kadar\u0131 da fazla art\u0131k! T\u00fcpra\u015f Stadyumu\u2019na yap\u0131lana tepki ya\u011f\u0131yor"},"content":{"rendered":"\n<p class=\"wp-block-paragraph\">UEFA Avrupa Ligi finali i\u00e7in \u0130stanbul\u2019a gelen Freiburg taraftarlar\u0131n\u0131n, T\u00fcpra\u015f Stadyumu\u2019nda kendilerine ayr\u0131lan t\u00fcm koltuklara tak\u0131m temal\u0131 sticker yap\u0131\u015ft\u0131rd\u0131\u011f\u0131 g\u00f6r\u00fcld\u00fc. G\u00f6r\u00fcnt\u00fcler tepki \u00e7ekti.<\/p>\n\n\n\n<p class=\"wp-block-paragraph\">UEFA Avrupa Ligi finali i\u00e7in \u0130stanbul\u2019a gelen Freiburg taraftarlar\u0131n\u0131n&nbsp;<a href=\"https:\/\/www.sondakika.com\/tupras\/\">T\u00fcpra\u015f<\/a>&nbsp;Stadyumu\u2019nda yapt\u0131\u011f\u0131 detay dikkat \u00e7ekti. Alman taraftarlar\u0131n kendilerine ayr\u0131lan trib\u00fcnlerdeki koltuklara Freiburg temal\u0131 stickerlar yap\u0131\u015ft\u0131rd\u0131\u011f\u0131 g\u00f6r\u00fcld\u00fc.<\/p>\n\n\n\n<figure class=\"wp-block-image\"><img decoding=\"async\" src=\"https:\/\/foto.sondakika.com\/haber\/2026\/05\/21\/bu-kadari-da-fazla-artik-tupra-24315089-1757_1_m.jpg\" alt=\"Bu kadar\u0131 da fazla art\u0131k! T\u00fcpra\u015f Stadyumu\u2019na yap\u0131lana tepki ya\u011f\u0131yor\"\/><\/figure>\n\n\n\n<h3 class=\"wp-block-heading\">F\u0130NAL \u0130\u00c7\u0130N \u0130STANBUL\u2019A AKIN ETT\u0130LER<\/h3>\n\n\n\n<p class=\"wp-block-paragraph\">UEFA Avrupa Ligi finalinde Freiburg ile Aston Villa, Be\u015fikta\u015f\u2019\u0131n stad\u0131 T\u00fcpra\u015f Stadyumu\u2019nda kar\u015f\u0131 kar\u015f\u0131ya geldi.&nbsp;Binlerce Alman taraftar dev final i\u00e7in \u0130stanbul\u2019a geldi.<\/p>\n\n\n\n<figure class=\"wp-block-image\"><img decoding=\"async\" src=\"https:\/\/foto.sondakika.com\/haber\/2026\/05\/21\/bu-kadari-da-fazla-artik-tupra-24402010-5695_1_m.jpg\" alt=\"Bu kadar\u0131 da fazla art\u0131k! T\u00fcpra\u015f Stadyumu\u2019na yap\u0131lana tepki ya\u011f\u0131yor\"\/><\/figure>\n\n\n\n<h3 class=\"wp-block-heading\">KOLTUKLARA STICKER YAPI\u015eTIRDILAR<\/h3>\n\n\n\n<p class=\"wp-block-paragraph\">Kar\u015f\u0131la\u015fma \u00f6ncesi Freiburg taraftarlar\u0131n\u0131n trib\u00fcnlerde yapt\u0131\u011f\u0131 hareket dikkat \u00e7ekti.&nbsp;Alman futbolseverlerin kendilerine ayr\u0131lan koltuklar\u0131n tamam\u0131na Freiburg logolu ve tak\u0131m temal\u0131 stickerlar yap\u0131\u015ft\u0131rd\u0131\u011f\u0131 g\u00f6r\u00fcld\u00fc.<\/p>\n\n\n\n<figure class=\"wp-block-image\"><img decoding=\"async\" src=\"https:\/\/foto.sondakika.com\/haber\/2026\/05\/21\/bu-kadari-da-fazla-artik-tupra-30876306-2489_1_m.jpg\" alt=\"Bu kadar\u0131 da fazla art\u0131k! T\u00fcpra\u015f Stadyumu\u2019na yap\u0131lana tepki ya\u011f\u0131yor\"\/><\/figure>\n\n\n\n<h3 class=\"wp-block-heading\">BE\u015e\u0130KTA\u015e STADYUMU DETAYI G\u00dcNDEM OLDU<\/h3>\n\n\n\n<p class=\"wp-block-paragraph\">Ya\u015fanan g\u00f6r\u00fcnt\u00fcler sosyal medyada k\u0131sa s\u00fcrede g\u00fcndem oldu.&nbsp;Baz\u0131 futbolseverler, T\u00fcpra\u015f Stadyumu\u2019nun Be\u015fikta\u015f\u2019a ait oldu\u011funu hat\u0131rlatarak yap\u0131lan hareketi ele\u015ftirdi.<\/p>\n\n\n\n<figure class=\"wp-block-image\"><img decoding=\"async\" src=\"https:\/\/foto.sondakika.com\/haber\/2026\/05\/21\/bu-kadari-da-fazla-artik-tupra-77253660-4301_1_m.jpg\" alt=\"Bu kadar\u0131 da fazla art\u0131k! T\u00fcpra\u015f Stadyumu\u2019na yap\u0131lana tepki ya\u011f\u0131yor\"\/><\/figure>\n\n\n\n<h3 class=\"wp-block-heading\">TR\u0130B\u00dcNLER KIRMIZI-BEYAZA B\u00dcR\u00dcND\u00dc<\/h3>\n\n\n\n<p class=\"wp-block-paragraph\">Freiburg taraftarlar\u0131n\u0131n yapt\u0131\u011f\u0131 haz\u0131rl\u0131k sonras\u0131 trib\u00fcnlerde yo\u011fun k\u0131rm\u0131z\u0131-beyaz g\u00f6r\u00fcnt\u00fcler olu\u015ftu.&nbsp;Alman ekibinin taraftarlar\u0131 ma\u00e7 boyunca da yo\u011fun destek verdi.<\/p>\n\n\n\n<figure class=\"wp-block-image\"><img decoding=\"async\" src=\"https:\/\/foto.sondakika.com\/haber\/2026\/05\/21\/bu-kadari-da-fazla-artik-tupra-30249716-3750_1_m.jpg\" alt=\"Bu kadar\u0131 da fazla art\u0131k! T\u00fcpra\u015f Stadyumu\u2019na yap\u0131lana tepki ya\u011f\u0131yor\"\/><\/figure>\n\n\n\n<h3 class=\"wp-block-heading\">\u0130STANBUL\u2019DA FUTBOL \u015e\u00d6LEN\u0130<\/h3>\n\n\n\n<p class=\"wp-block-paragraph\">UEFA Avrupa Ligi finali nedeniyle \u0130stanbul\u2019da g\u00fcn boyu renkli g\u00f6r\u00fcnt\u00fcler ya\u015fand\u0131.&nbsp;Aston Villa ve Freiburg taraftarlar\u0131 \u015fehirde b\u00fcy\u00fck atmosfer olu\u015fturdu.<\/p>\n\n\n\n<figure class=\"wp-block-image\"><img decoding=\"async\" src=\"https:\/\/foto.sondakika.com\/haber\/2026\/05\/21\/bu-kadari-da-fazla-artik-tupra-33999701-5085_1_m.jpg\" alt=\"Bu kadar\u0131 da fazla art\u0131k! T\u00fcpra\u015f Stadyumu\u2019na yap\u0131lana tepki ya\u011f\u0131yor\"\/><\/figure>\n\n\n\n<h3 class=\"wp-block-heading\">KUPAYI ASTON VILLA KAZANDI<\/h3>\n\n\n\n<p class=\"wp-block-paragraph\">T\u00fcpra\u015f Stadyumu\u2019nda oynanan finalde Aston Villa, Freiburg\u2019u 3-0 ma\u011flup ederek UEFA Avrupa Ligi \u015fampiyonu oldu.&nbsp;\u0130ngiliz ekibi tarihi gecede kupay\u0131 m\u00fczesine g\u00f6t\u00fcrd\u00fc.<\/p>\n","protected":false},"excerpt":{"rendered":"<p>UEFA Avrupa Ligi finali i\u00e7in \u0130stanbul\u2019a gelen Freiburg taraftarlar\u0131n\u0131n, T\u00fcpra\u015f Stadyumu\u2019nda kendilerine ayr\u0131lan t\u00fcm koltuklara<\/p>\n","protected":false},"author":1,"featured_media":1727,"comment_status":"open","ping_status":"open","sticky":false,"template":"","format":"standard","meta":{"_rtcl_gb_attr":"","footnotes":""},"categories":[3],"tags":[],"class_list":["post-1726","post","type-post","status-publish","format-standard","has-post-thumbnail","hentry","category-spor"],"_links":{"self":[{"href":"https:\/\/turkiyemhaber.com\/index.php?rest_route=\/wp\/v2\/posts\/1726","targetHints":{"allow":["GET"]}}],"collection":[{"href":"https:\/\/turkiyemhaber.com\/index.php?rest_route=\/wp\/v2\/posts"}],"about":[{"href":"https:\/\/turkiyemhaber.com\/index.php?rest_route=\/wp\/v2\/types\/post"}],"author":[{"embeddable":true,"href":"https:\/\/turkiyemhaber.com\/index.php?rest_route=\/wp\/v2\/users\/1"}],"replies":[{"embeddable":true,"href":"https:\/\/turkiyemhaber.com\/index.php?rest_route=%2Fwp%2Fv2%2Fcomments&post=1726"}],"version-history":[{"count":1,"href":"https:\/\/turkiyemhaber.com\/index.php?rest_route=\/wp\/v2\/posts\/1726\/revisions"}],"predecessor-version":[{"id":1728,"href":"https:\/\/turkiyemhaber.com\/index.php?rest_route=\/wp\/v2\/posts\/1726\/revisions\/1728"}],"wp:featuredmedia":[{"embeddable":true,"href":"https:\/\/turkiyemhaber.com\/index.php?rest_route=\/wp\/v2\/media\/1727"}],"wp:attachment":[{"href":"https:\/\/turkiyemhaber.com\/index.php?rest_route=%2Fwp%2Fv2%2Fmedia&parent=1726"}],"wp:term":[{"taxonomy":"category","embeddable":true,"href":"https:\/\/turkiyemhaber.com\/index.php?rest_route=%2Fwp%2Fv2%2Fcategories&post=1726"},{"taxonomy":"post_tag","embeddable":true,"href":"https:\/\/turkiyemhaber.com\/index.php?rest_route=%2Fwp%2Fv2%2Ftags&post=1726"}],"curies":[{"name":"wp","href":"https:\/\/api.w.org\/{rel}","templated":true}]}}