{"id":1720,"date":"2026-05-21T12:50:12","date_gmt":"2026-05-21T12:50:12","guid":{"rendered":"https:\/\/turkiyemhaber.com\/?p=1720"},"modified":"2026-05-21T12:50:17","modified_gmt":"2026-05-21T12:50:17","slug":"bakan-ciftciden-uyusturucu-operasyonuna-ilk-degerlendirme-unlu-unsuz-ayrimimiz-yok","status":"publish","type":"post","link":"https:\/\/turkiyemhaber.com\/?p=1720","title":{"rendered":"Bakan \u00c7ift\u00e7i&#8217;den uyu\u015fturucu operasyonuna ilk de\u011ferlendirme: \u00dcnl\u00fc-\u00fcns\u00fcz ayr\u0131m\u0131m\u0131z yok"},"content":{"rendered":"\n<p class=\"wp-block-paragraph\">\u0130\u00e7i\u015fleri Bakan\u0131 Mustafa \u00c7ift\u00e7i, Mabel Matiz, Berkay \u015eahin ve Tan Ta\u015f\u00e7\u0131 gibi isimlerin g\u00f6zalt\u0131na al\u0131nd\u0131\u011f\u0131 son uyu\u015fturucu operasyonuyla ilgili konu\u015ftu. Bakan \u00c7ift\u00e7i, \u201c19 ilde 25 \u015f\u00fcpheliye y\u00f6nelik operasyon yap\u0131ld\u0131. Bizim \u00fcnl\u00fc-\u00fcns\u00fcz diye ayr\u0131m\u0131m\u0131z yok. Kim ise yakalay\u0131p teslim etmek g\u00f6revlerimizden biri&#8221; ifadelerini kulland\u0131.<\/p>\n\n\n\n<p class=\"wp-block-paragraph\">\u0130stanbul&#8217;da d\u00fczenlenen uyu\u015fturucu operasyonunda aralar\u0131nda Mabel Matiz, Feyza Civelek, Volkan Bah\u00e7ekapal\u0131, Onur Tuna, Berkay \u015eahin ve Tan Ta\u015f\u00e7\u0131&#8217;n\u0131n da bulundu\u011fu 18 ki\u015fi g\u00f6zalt\u0131na al\u0131nd\u0131. 25 ki\u015fi hakk\u0131nda g\u00f6zalt\u0131 karar\u0131 oldu\u011fu \u00f6\u011frenildi.&nbsp;&nbsp;<a href=\"https:\/\/www.sondakika.com\/icisleri-bakani\/\">\u0130\u00e7i\u015fleri Bakan\u0131<\/a>&nbsp;<a href=\"https:\/\/www.sondakika.com\/mustafa-ciftci\/\">Mustafa \u00c7ift\u00e7i<\/a>, Haberler.com Ankara Temsilcisi \u015eerife G\u00fczel&#8217;in de kat\u0131ld\u0131\u011f\u0131, medya kurulu\u015flar\u0131n\u0131n Ankara temsilcileriyle bir araya geldi\u011fi toplant\u0131da d\u00fczenlenen son uyu\u015fturucu operasyonuyla ilgili konu\u015ftu.&nbsp;<\/p>\n\n\n\n<h3 class=\"wp-block-heading\">&#8220;\u00dcNL\u00dc-\u00dcNS\u00dcZ G\u0130B\u0130 B\u0130R AYRIMIMIZ YOK&#8221;<\/h3>\n\n\n\n<p class=\"wp-block-paragraph\">Bakan \u00c7ift\u00e7i, \u201c19 ilde 25 \u015f\u00fcpheliye y\u00f6nelik operasyon yap\u0131ld\u0131. Bizim \u00fcnl\u00fc-\u00fcns\u00fcz diye ayr\u0131m\u0131m\u0131z yok. Kim ise yakalay\u0131p teslim etmek g\u00f6revlerimizden biri. Herhangi bir ayr\u0131m yapm\u0131yoruz. Uyu\u015fturucu ile m\u00fccadeleye kararl\u0131l\u0131kla devam edece\u011fiz. Topluma \u00e7a\u011fr\u0131m, sat\u0131c\u0131s\u0131ndan baronlara kadar her an polis enselerinde olabilir. M\u00fccadelemiz s\u00fcrecek. Toplumu zehir tacirlerinin insaf\u0131na terk etmeyece\u011fiz.\u201d ifadelerini kulland\u0131.<\/p>\n\n\n\n<figure class=\"wp-block-image\"><img decoding=\"async\" src=\"https:\/\/foto.sondakika.com\/haber\/2026\/05\/21\/bakan-ciftciden-uyusturucu-ope-85551382-6084_1_m.jpg\" alt=\"Bakan \u00c7ift\u00e7i'den uyu\u015fturucu operasyonuna ilk de\u011ferlendirme: \u00dcnl\u00fc-\u00fcns\u00fcz ayr\u0131m\u0131m\u0131z yok\"\/><\/figure>\n\n\n\n<h3 class=\"wp-block-heading\">\u0130ZM\u0130R\u2019DEK\u0130 DORUKHAN B\u00dcY\u00dcKI\u015eIK G\u00d6ZALTILARI<\/h3>\n\n\n\n<p class=\"wp-block-paragraph\">Bakan \u00c7ift\u00e7i, \u0130zmir\u2019de 13 May\u0131s 2018\u2019de hayat\u0131n\u0131 kaybeden 26 ya\u015f\u0131ndaki Dorukhan B\u00fcy\u00fck\u0131\u015f\u0131k\u2019\u0131n \u015f\u00fcpheli \u00f6l\u00fcm\u00fc ile ilgili de, \u201c26 ki\u015fi hakk\u0131nda g\u00f6zalt\u0131 karar\u0131 verildi. 9\u2019u emniyet mensubu. 5\u2019i aktif g\u00f6revde 3\u2019\u00fc emekli, biri istifa etmi\u015f. \u0130zmir merkezli 9 ilde operasyon ger\u00e7ekle\u015ftirildi. G\u00f6zalt\u0131ndakilerin i\u015flemleri devam ediyor\u201d dedi.<\/p>\n\n\n\n<h3 class=\"wp-block-heading\">G\u00dcL\u0130STAN DOKU SORU\u015eTURMASI: UCU NEREYE DOKUNURSA DOKUNSUN<\/h3>\n\n\n\n<p class=\"wp-block-paragraph\">Tunceli\u2019deki G\u00fclistan Doku soru\u015fturmas\u0131n\u0131 da hat\u0131rlatan Bakan \u00c7ift\u00e7i, \u201cFaili me\u00e7hullerin ayd\u0131nlat\u0131lmas\u0131 i\u00e7in \u00fczerimize d\u00fc\u015feni yapmaya devam edece\u011fiz. Ucu nereye dokunursa dokunsun ayd\u0131nlat\u0131lmas\u0131 i\u00e7in t\u00fcm imkanlar\u0131m\u0131z\u0131 seferber edece\u011fiz. 20\u2019ye yak\u0131n ekip \u00e7al\u0131\u015fmas\u0131n\u0131 devam ettiriyor. Raporlar\u0131 hen\u00fcz tamamlanmad\u0131. Ek soru\u015fturma onaylar\u0131n\u0131 da al\u0131yorlar. \u00c7al\u0131\u015fmalar \u00e7ok boyutlu olarak devam ediyor. G\u00fclistan Doku cinayetini iki y\u00f6nl\u00fc soru\u015fturuyoruz. Soru\u015fturman\u0131n etkin yap\u0131l\u0131p yap\u0131lmad\u0131\u011f\u0131 soru\u015fturmas\u0131 y\u00fcr\u00fcyor. Bir de zaman\u0131n Tunceli valisiyle ilgili soru\u015fturma y\u00fcr\u00fct\u00fcl\u00fcyor. Hen\u00fcz soru\u015fturma devam ediyor\u201d diye konu\u015ftu.<\/p>\n\n\n\n<figure class=\"wp-block-image\"><img decoding=\"async\" src=\"https:\/\/foto.sondakika.com\/haber\/2026\/05\/21\/bakan-ciftciden-uyusturucu-ope-23593068-8829_1_m.jpg\" alt=\"Bakan \u00c7ift\u00e7i'den uyu\u015fturucu operasyonuna ilk de\u011ferlendirme: \u00dcnl\u00fc-\u00fcns\u00fcz ayr\u0131m\u0131m\u0131z yok\"\/><\/figure>\n\n\n\n<h3 class=\"wp-block-heading\">UYU\u015eTURUCU SORU\u015eTURMASI HAKKINDA<\/h3>\n\n\n\n<p class=\"wp-block-paragraph\">Bak\u0131rk\u00f6y Cumhuriyet Ba\u015fsavc\u0131l\u0131\u011f\u0131&#8217;nca y\u00fcr\u00fct\u00fclen soru\u015fturma kapsam\u0131nda gelen ihbar, incelenen dijital materyaller ve elde edilen bilgiler neticesinde kamuoyunda \u00fcnl\u00fc olarak tabir edilen ki\u015filerin uyu\u015fturucu ve uyar\u0131c\u0131 madde kulland\u0131\u011f\u0131na dair makul \u015f\u00fcphelerin bulundu\u011fu tespit edilerek operasyon d\u00fczenlendi.&nbsp;<\/p>\n\n\n\n<p class=\"wp-block-paragraph\">Bu kapsamda \u0130stanbul \u0130l Jandarma Komutanl\u0131\u011f\u0131 ekipleri taraf\u0131ndan sabah saat 07.00&#8217;den itibaren \u0130stanbul ili Be\u015fikta\u015f, Sar\u0131yer, Beyo\u011flu, Ka\u011f\u0131thane, \u00dcsk\u00fcdar il\u00e7elerinde 24 ve Mu\u011fla&#8217;da 1 adres olmak \u00fczere 25 adreste, 25 \u015f\u00fcpheliye y\u00f6nelik operasyon d\u00fczenlendi.&nbsp;<\/p>\n\n\n\n<p class=\"wp-block-paragraph\"><a href=\"https:\/\/www.sondakika.com\/operasyon\/\">Operasyon<\/a>&nbsp;s\u0131ras\u0131nda adreslerde arama yap\u0131l\u0131rken, aralar\u0131nda Mabel Matiz (Fatih Karaca), Feyza Civelek, Volkan Bah\u00e7ekapal\u0131, Onur Tuna, Berkay \u015eahin, Osman Haktan Canevi, Asl\u0131han Turanl\u0131, K\u00fcbra \u0130mren Siyahdemir, Mehmet Rah\u015fan, Cansu Tekin, \u00d6zg\u00fcr Deniz Cellat, Tar\u0131k Tunca Bak\u0131r, Aycan Ya\u011fc\u0131, Tu\u011f\u00e7e Posto\u011flu, Eda Dora, Hanzade G\u00fcrkanlar, Yasemin ikbal ve Tan Ta\u015f\u00e7\u0131&#8217;n\u0131n g\u00f6zalt\u0131na al\u0131nd\u0131\u011f\u0131 \u00f6\u011frenildi.<\/p>\n\n\n\n<figure class=\"wp-block-image\"><img decoding=\"async\" src=\"https:\/\/foto.sondakika.com\/haber\/2026\/05\/21\/bakan-ciftciden-uyusturucu-ope-64986637-2038_1_m.jpg\" alt=\"Bakan \u00c7ift\u00e7i'den uyu\u015fturucu operasyonuna ilk de\u011ferlendirme: \u00dcnl\u00fc-\u00fcns\u00fcz ayr\u0131m\u0131m\u0131z yok\"\/><\/figure>\n\n\n\n<p class=\"wp-block-paragraph\"><strong>G\u00f6zalt\u0131 karar\u0131 verilen isimler (Tam liste):<\/strong><\/p>\n\n\n\n<p class=\"wp-block-paragraph\">Berkay \u015eAH\u0130N<\/p>\n\n\n\n<p class=\"wp-block-paragraph\">Tan TA\u015e\u00c7I<\/p>\n\n\n\n<p class=\"wp-block-paragraph\">Ya\u011fmur \u00dcNAL<\/p>\n\n\n\n<p class=\"wp-block-paragraph\">Mirg\u00fcn S\u0131rr\u0131 CABAS<\/p>\n\n\n\n<p class=\"wp-block-paragraph\">Hakan AYDIN (BLOK 3)<\/p>\n\n\n\n<p class=\"wp-block-paragraph\">Mabel MAT\u0130Z(Fatih KARACA)<\/p>\n\n\n\n<p class=\"wp-block-paragraph\">Feyza C\u0130VELEK<\/p>\n\n\n\n<p class=\"wp-block-paragraph\">Niran \u00dcNSAL<\/p>\n\n\n\n<p class=\"wp-block-paragraph\">Volkan BAH\u00c7EKAPILI<\/p>\n\n\n\n<p class=\"wp-block-paragraph\">Onur TUNA<\/p>\n\n\n\n<p class=\"wp-block-paragraph\">Osman Haktan CANEV\u0130<\/p>\n\n\n\n<p class=\"wp-block-paragraph\">Asl\u0131han TURANLI<\/p>\n\n\n\n<p class=\"wp-block-paragraph\">Eren KES\u0130MER<\/p>\n\n\n\n<p class=\"wp-block-paragraph\">K\u00fcbra \u0130mren S\u0130YAHDEM\u0130R<\/p>\n\n\n\n<p class=\"wp-block-paragraph\">Mehmet Rah\u015fan<\/p>\n\n\n\n<p class=\"wp-block-paragraph\">Cansu TEK\u0130N<\/p>\n\n\n\n<p class=\"wp-block-paragraph\">\u00d6zg\u00fcr Deniz CELLAT<\/p>\n\n\n\n<p class=\"wp-block-paragraph\">Yasemin \u0130KBAL<\/p>\n\n\n\n<p class=\"wp-block-paragraph\">Tar\u0131k TUNCA BAKIR<\/p>\n\n\n\n<p class=\"wp-block-paragraph\">Hanzede G\u00dcRKANLAR<\/p>\n\n\n\n<p class=\"wp-block-paragraph\">Aycan YA\u011eCI<\/p>\n\n\n\n<p class=\"wp-block-paragraph\">Tu\u011f\u00e7e POSTO\u011eLU<\/p>\n\n\n\n<p class=\"wp-block-paragraph\">Eda DORA<\/p>\n\n\n\n<p class=\"wp-block-paragraph\">Semiha BEZEK<\/p>\n\n\n\n<p class=\"wp-block-paragraph\"><a href=\"https:\/\/www.sondakika.com\/guncel\/haber-yakalama-karari-cikarilan-serenay-sarikayadan-ilk-19867749\/\" target=\"_blank\" rel=\"noreferrer noopener\"><\/a><\/p>\n","protected":false},"excerpt":{"rendered":"<p>\u0130\u00e7i\u015fleri Bakan\u0131 Mustafa \u00c7ift\u00e7i, Mabel Matiz, Berkay \u015eahin ve Tan Ta\u015f\u00e7\u0131 gibi isimlerin g\u00f6zalt\u0131na al\u0131nd\u0131\u011f\u0131<\/p>\n","protected":false},"author":1,"featured_media":1721,"comment_status":"open","ping_status":"open","sticky":false,"template":"","format":"standard","meta":{"_rtcl_gb_attr":"","footnotes":""},"categories":[43],"tags":[],"class_list":["post-1720","post","type-post","status-publish","format-standard","has-post-thumbnail","hentry","category-son-dakika"],"_links":{"self":[{"href":"https:\/\/turkiyemhaber.com\/index.php?rest_route=\/wp\/v2\/posts\/1720","targetHints":{"allow":["GET"]}}],"collection":[{"href":"https:\/\/turkiyemhaber.com\/index.php?rest_route=\/wp\/v2\/posts"}],"about":[{"href":"https:\/\/turkiyemhaber.com\/index.php?rest_route=\/wp\/v2\/types\/post"}],"author":[{"embeddable":true,"href":"https:\/\/turkiyemhaber.com\/index.php?rest_route=\/wp\/v2\/users\/1"}],"replies":[{"embeddable":true,"href":"https:\/\/turkiyemhaber.com\/index.php?rest_route=%2Fwp%2Fv2%2Fcomments&post=1720"}],"version-history":[{"count":1,"href":"https:\/\/turkiyemhaber.com\/index.php?rest_route=\/wp\/v2\/posts\/1720\/revisions"}],"predecessor-version":[{"id":1722,"href":"https:\/\/turkiyemhaber.com\/index.php?rest_route=\/wp\/v2\/posts\/1720\/revisions\/1722"}],"wp:featuredmedia":[{"embeddable":true,"href":"https:\/\/turkiyemhaber.com\/index.php?rest_route=\/wp\/v2\/media\/1721"}],"wp:attachment":[{"href":"https:\/\/turkiyemhaber.com\/index.php?rest_route=%2Fwp%2Fv2%2Fmedia&parent=1720"}],"wp:term":[{"taxonomy":"category","embeddable":true,"href":"https:\/\/turkiyemhaber.com\/index.php?rest_route=%2Fwp%2Fv2%2Fcategories&post=1720"},{"taxonomy":"post_tag","embeddable":true,"href":"https:\/\/turkiyemhaber.com\/index.php?rest_route=%2Fwp%2Fv2%2Ftags&post=1720"}],"curies":[{"name":"wp","href":"https:\/\/api.w.org\/{rel}","templated":true}]}}