{"id":1717,"date":"2026-05-21T12:46:34","date_gmt":"2026-05-21T12:46:34","guid":{"rendered":"https:\/\/turkiyemhaber.com\/?p=1717"},"modified":"2026-05-21T12:46:38","modified_gmt":"2026-05-21T12:46:38","slug":"efes-2026-tatbikatinin-gunduz-safhasi-nefes-kesti","status":"publish","type":"post","link":"https:\/\/turkiyemhaber.com\/?p=1717","title":{"rendered":"EFES-2026 Tatbikat\u0131&#8217;n\u0131n g\u00fcnd\u00fcz safhas\u0131 nefes kesti"},"content":{"rendered":"\n<p class=\"wp-block-paragraph\">T\u00fcrk Silahl\u0131 Kuvvetlerinin (TSK) en b\u00fcy\u00fck birle\u015fik m\u00fc\u015fterek tatbikatlar\u0131ndan EFES-2026&#8217;n\u0131n se\u00e7kin g\u00f6zlemci g\u00fcn\u00fc kapsam\u0131ndaki g\u00fcnd\u00fcz faaliyetleri ger\u00e7ekle\u015ftirildi. Cumhurba\u015fkan\u0131 Recep Tayyip Erdo\u011fan&#8217;\u0131n da izledi\u011fi tatbikat nefes kesti.<\/p>\n\n\n\n<p class=\"wp-block-paragraph\">T\u00fcrkiye&#8217;nin ev sahipli\u011finde, Ege Ordusu Komutanl\u0131\u011f\u0131&#8217;n\u0131n sevk ve idaresinde, dost ve m\u00fcttefik \u00fclke unsurlar\u0131n\u0131n kat\u0131l\u0131m\u0131yla ger\u00e7ekle\u015ftirilen EFES-2026 Birle\u015fik, M\u00fc\u015fterek, Fiili At\u0131\u015fl\u0131 Arazi Tatbikat\u0131&#8217;n\u0131n Se\u00e7kin G\u00f6zlemci G\u00fcn\u00fc&#8217;n\u00fcn g\u00fcnd\u00fcz safhas\u0131 nefes kesti.<\/p>\n\n\n\n<h3 class=\"wp-block-heading\">10 B\u0130NDEN FAZLA PERSONEL KATILDI<\/h3>\n\n\n\n<p class=\"wp-block-paragraph\">\u0130zmir&#8217;in Seferihisar il\u00e7esindeki Do\u011fanbey mevkisinde d\u00fczenlenen Se\u00e7kin G\u00f6zlemci G\u00fcn\u00fc&#8217;n\u00fcn g\u00fcnd\u00fcz safhas\u0131na milli unsurlarla birlikte 50 \u00fclkeden g\u00f6zlemci, birlik ve unsurlar\u0131n yer ald\u0131\u011f\u0131 10 binden fazla personel kat\u0131ld\u0131. Tatbikat\u0131n Se\u00e7kin G\u00f6zlemci G\u00fcn\u00fc&#8217;n\u00fcn g\u00fcnd\u00fcz safhas\u0131, Cumhurba\u015fkan\u0131 Recep Tayyip Erdo\u011fan, Milli&nbsp;<a href=\"https:\/\/www.sondakika.com\/savunma\/\">Savunma<\/a>&nbsp;Bakan\u0131 Ya\u015far G\u00fcler, Genelkurmay Ba\u015fkan\u0131 Orgeneral Sel\u00e7uk Bayraktaro\u011flu, kuvvet komutanlar\u0131, TSK komuta kademesi ve di\u011fer \u00fclkelerden se\u00e7kin g\u00f6zlemcilerin kat\u0131l\u0131m\u0131yla ger\u00e7ekle\u015ftirildi.<\/p>\n\n\n\n<figure class=\"wp-block-image\"><img decoding=\"async\" src=\"https:\/\/foto.sondakika.com\/haber\/2026\/05\/21\/efes-2026-gunduz-safhasi-basladi-19867900_o.jpg\" alt=\"EFES-2026 Tatbikat\u0131'n\u0131n g\u00fcnd\u00fcz safhas\u0131 nefes kesti\"\/><\/figure>\n\n\n\n<h3 class=\"wp-block-heading\">G\u00dcND\u00dcZ SAFHASI TB-3 S\u0130HA&#8217;NIN TCG ANADOLU&#8217;DAN KALKI\u015eIYLA BA\u015eLADI<\/h3>\n\n\n\n<p class=\"wp-block-paragraph\">G\u00fcnd\u00fcz safhas\u0131, TB-3 S\u0130HA&#8217;n\u0131n TCG Anadolu&#8217;dan kalk\u0131\u015f\u0131yla ba\u015flad\u0131. Ard\u0131ndan kara bombard\u0131man\u0131 ger\u00e7ekle\u015ftirildi. Amfibi Harekat\u0131 Destekleyen Ate\u015fler kapsam\u0131nda top\u00e7u ve havan at\u0131\u015flar\u0131 yap\u0131ld\u0131. Gece ba\u015flayan Hava H\u00fccum Harekat\u0131&#8217;na (HHH) devam edildi. Top\/ob\u00fcs ve komuta kontrol ara\u00e7lar\u0131 havadan ta\u015f\u0131nd\u0131. \u0130nme ve hava ba\u015f\u0131 geni\u015fletildi. Yaral\u0131 personel helikopter ile seyyar sahra hastanesine sevk edildi. Amfibi H\u00fccum Harekat\u0131&#8217;na y\u00f6nelik yak\u0131n hava deste\u011fi verildi. Amfibi harekat kapsam\u0131nda makinal\u0131 t\u00fcfek ve RPG-7 R\/A at\u0131\u015flar\u0131 yap\u0131ld\u0131. Amfibi Hedef Sahas\u0131&#8217;ndaki (AHS) muhas\u0131m denizalt\u0131 (D\/A) tespit edildi, Talim torpidosu at\u0131\u015f\u0131 yap\u0131ld\u0131 ve D\/A sat\u0131h yapt\u0131. Amfibi harekat\u0131 destekleyen ate\u015fler kapsam\u0131nda top\u00e7u at\u0131\u015flar\u0131 ile Aksungur S\u0130HA at\u0131\u015f\u0131 ger\u00e7ekle\u015ftirildi. Yama\u00e7 \u00e7\u00f6kertmesi yap\u0131larak, may\u0131nl\u0131 saha ve tel engellerinden ge\u00e7it a\u00e7\u0131ld\u0131.<\/p>\n\n\n\n<figure class=\"wp-block-image\"><img decoding=\"async\" src=\"https:\/\/foto.sondakika.com\/haber\/2026\/05\/21\/efes-2026-tatbikatinin-gunduz-19867900-8199_1_m.jpg\" alt=\"EFES-2026 Tatbikat\u0131'n\u0131n g\u00fcnd\u00fcz safhas\u0131 nefes kesti\"\/><\/figure>\n\n\n\n<h3 class=\"wp-block-heading\">AMF\u0130B\u0130 HAREKATINI TOP\u00c7U VE ZAHA ATI\u015eLARI DESTEKLED\u0130<\/h3>\n\n\n\n<p class=\"wp-block-paragraph\">2&#8217;nci dalgan\u0131n kapak atmas\u0131 ve manevras\u0131 sonras\u0131nda amfibi h\u00fccum harekat\u0131n\u0131 destekleyen top\u00e7u ve ZAHA at\u0131\u015flar\u0131 ger\u00e7ekle\u015ftirildi. Keskin ni\u015fanc\u0131 at\u0131\u015flar\u0131 yap\u0131ld\u0131. Amfibi H\u00fccum Harekat\u0131&#8217;n\u0131 destekleyen havan at\u0131\u015flar\u0131 yap\u0131ld\u0131. May\u0131n Avlama Gemisi (MAG) tespit etti\u011fi may\u0131n otonom sualt\u0131 arac\u0131 ve may\u0131n harbi dalg\u0131\u00e7lar\u0131 ile te\u015fhis ederek imha etti. Ard\u0131ndan 2&#8217;nci dalga kapak att\u0131. \u00c7\u0131karma yapan unsurlar manevra yapt\u0131. Ard\u0131ndan May\u0131n Avlama Gemisi (MAG) tespit etti\u011fi may\u0131n\u0131 otonom sualt\u0131 arac\u0131 ve may\u0131n harbi dalg\u0131\u00e7lar\u0131 ile te\u015fhis ederek ve imha etti. Amfibi harekat\u0131 destekleyen top\u00e7u at\u0131\u015flar\u0131 ger\u00e7ekle\u015ftirildi. 2&#8217;nci dalgada \u00e7\u0131kan unsurlar\u0131n at\u0131\u015flar\u0131 yap\u0131ld\u0131. Amfibi harekat\u0131 destekleyen at\u0131\u015flar kapsam\u0131nda taarruz helikopter at\u0131\u015flar\u0131 icra edildi. Gemiden hedefe manevra yap\u0131ld\u0131. Bot harekat\u0131n\u0131n \u0130cras\u0131 ger\u00e7ekle\u015ftirildi. 3&#8217;\u00fcnc\u00fc dalgan\u0131n kapak atmas\u0131 ve \u00e7\u0131kan unsurlar\u0131n manevras\u0131 ve at\u0131\u015flar\u0131 ger\u00e7ekle\u015ftirildi. Denizde arama kurtarma ve s\u0131hhi tahliye yap\u0131ld\u0131. Denizalt\u0131dan TCG Sancaktar&#8217;a s\u0131hhi tahliye ger\u00e7ekle\u015ftirildi.<\/p>\n\n\n\n<figure class=\"wp-block-image\"><img decoding=\"async\" src=\"https:\/\/foto.sondakika.com\/haber\/2026\/05\/21\/efes-2026-gunduz-safhasi-basladi-5-19867900_o.jpg\" alt=\"EFES-2026 Tatbikat\u0131'n\u0131n g\u00fcnd\u00fcz safhas\u0131 nefes kesti\"\/><\/figure>\n\n\n\n<h3 class=\"wp-block-heading\">KR\u0130T\u0130K HEDEFLER ETK\u0130S\u0130Z HALE GET\u0130R\u0130LD\u0130<\/h3>\n\n\n\n<p class=\"wp-block-paragraph\">ADK tedbiri al\u0131nd\u0131. Tespit edilen d\u00fc\u015fman z\u0131rhl\u0131 ara\u00e7lar\u0131n imhas\u0131 kapsam\u0131nda tanksavar at\u0131\u015f\u0131 yap\u0131ld\u0131. Harekat\u0131n yak\u0131n hava deste\u011fi icra edildi. Muharebe Arama Kurtarma Harekat\u0131 ve Hava Savunmas\u0131 yap\u0131ld\u0131. Zamana Duyarl\u0131 Y\u00fcksek De\u011ferde Hedefe Direkt G\u00f6rev Harekat\u0131 icras\u0131 ger\u00e7ekle\u015ftirildi. Himaye g\u00f6revi yap\u0131ld\u0131. Uzman ni\u015fanc\u0131 unsuru taraf\u0131ndan kritik hedefler etkisiz hale getirildi. \u00c7a\u011fr\u0131 dalgas\u0131 kapak att\u0131. Ak\u0131nc\u0131 S\u0130HA At\u0131\u015f\u0131, Nefer Kuleli ZMA, destek ate\u015fleri kapsam\u0131nda top\u00e7u ve havan at\u0131\u015flar\u0131 yap\u0131ld\u0131. Havadan lojistik ikmal deste\u011fi verildi. Meskun mahal muharebesi icra edildi. Tespit edilen d\u00fc\u015fman z\u0131rhl\u0131 ara\u00e7lar\u0131n\u0131n imhas\u0131 kapsam\u0131nda tanksavar at\u0131\u015f\u0131 yap\u0131ld\u0131. Harekata yak\u0131n hava deste\u011fi verildi. Tank topu at\u0131\u015f\u0131 ve top\u00e7u at\u0131\u015flar\u0131 yap\u0131ld\u0131. Birle\u015fme Harekat\u0131 Destek Ate\u015fleri kapsam\u0131nda top\u00e7u ve havan at\u0131\u015flar\u0131 yap\u0131ld\u0131. Birle\u015fme Harekat\u0131&#8217;n\u0131n icras\u0131 ger\u00e7ekle\u015ftirildi. Yang\u0131na havadan m\u00fcdahale g\u00f6sterisi yap\u0131ld\u0131. Ard\u0131ndan tatbikat sona erdi.<\/p>\n\n\n\n<figure class=\"wp-block-image\"><img decoding=\"async\" src=\"https:\/\/foto.sondakika.com\/haber\/2026\/05\/21\/efes-2026-tatbikatinin-gunduz-19867900-4833_1_m.jpg\" alt=\"EFES-2026 Tatbikat\u0131'n\u0131n g\u00fcnd\u00fcz safhas\u0131 nefes kesti\"\/><\/figure>\n\n\n\n<figure class=\"wp-block-image\"><img decoding=\"async\" src=\"https:\/\/foto.sondakika.com\/haber\/2026\/05\/21\/efes-2026-gunduz-safhasi-basladi-6-19867900_o.jpg\" alt=\"EFES-2026 Tatbikat\u0131'n\u0131n g\u00fcnd\u00fcz safhas\u0131 nefes kesti\"\/><\/figure>\n\n\n\n<figure class=\"wp-block-image\"><img decoding=\"async\" src=\"https:\/\/foto.sondakika.com\/haber\/2026\/05\/21\/efes-2026-tatbikatinin-gunduz-19867900-2801_1_m.jpg\" alt=\"EFES-2026 Tatbikat\u0131'n\u0131n g\u00fcnd\u00fcz safhas\u0131 nefes kesti\"\/><\/figure>\n\n\n\n<figure class=\"wp-block-image\"><img decoding=\"async\" src=\"https:\/\/foto.sondakika.com\/haber\/2026\/05\/21\/efes-2026-gunduz-safhasi-basladi-8-19867900_o.jpg\" alt=\"EFES-2026 Tatbikat\u0131'n\u0131n g\u00fcnd\u00fcz safhas\u0131 nefes kesti\"\/><\/figure>\n\n\n\n<figure class=\"wp-block-image\"><img decoding=\"async\" src=\"https:\/\/foto.sondakika.com\/haber\/2026\/05\/21\/efes-2026-gunduz-safhasi-basladi-12-19867900_o.jpg\" alt=\"EFES-2026 Tatbikat\u0131'n\u0131n g\u00fcnd\u00fcz safhas\u0131 nefes kesti\"\/><\/figure>\n\n\n\n<figure class=\"wp-block-image\"><img decoding=\"async\" src=\"https:\/\/foto.sondakika.com\/haber\/2026\/05\/21\/efes-2026-tatbikatinin-gunduz-19867900-3471_1_m.jpg\" alt=\"EFES-2026 Tatbikat\u0131'n\u0131n g\u00fcnd\u00fcz safhas\u0131 nefes kesti\"\/><\/figure>\n\n\n\n<figure class=\"wp-block-image\"><img decoding=\"async\" src=\"https:\/\/foto.sondakika.com\/haber\/2026\/05\/21\/efes-2026-gunduz-safhasi-basladi-2-19867900_o.jpg\" alt=\"EFES-2026 Tatbikat\u0131'n\u0131n g\u00fcnd\u00fcz safhas\u0131 nefes kesti\"\/><\/figure>\n\n\n\n<figure class=\"wp-block-image\"><img decoding=\"async\" src=\"https:\/\/foto.sondakika.com\/haber\/2026\/05\/21\/efes-2026-tatbikatinin-gunduz-19867900-7248_1_m.jpg\" alt=\"EFES-2026 Tatbikat\u0131'n\u0131n g\u00fcnd\u00fcz safhas\u0131 nefes kesti\"\/><\/figure>\n\n\n\n<figure class=\"wp-block-image\"><img decoding=\"async\" src=\"https:\/\/foto.sondakika.com\/haber\/2026\/05\/21\/efes-2026-tatbikatinin-gunduz-19867900-9891_1_m.jpg\" alt=\"EFES-2026 Tatbikat\u0131'n\u0131n g\u00fcnd\u00fcz safhas\u0131 nefes kesti\"\/><\/figure>\n\n\n\n<figure class=\"wp-block-image\"><img decoding=\"async\" src=\"https:\/\/foto.sondakika.com\/haber\/2026\/05\/21\/efes-2026-tatbikatinin-gunduz-19867900-7749_1_m.jpg\" alt=\"EFES-2026 Tatbikat\u0131'n\u0131n g\u00fcnd\u00fcz safhas\u0131 nefes kesti\"\/><\/figure>\n\n\n\n<figure class=\"wp-block-image\"><img decoding=\"async\" src=\"https:\/\/foto.sondakika.com\/haber\/2026\/05\/21\/efes-2026-tatbikatinin-gunduz-19867900-1035_1_m.jpg\" alt=\"EFES-2026 Tatbikat\u0131'n\u0131n g\u00fcnd\u00fcz safhas\u0131 nefes kesti\"\/><\/figure>\n\n\n\n<figure class=\"wp-block-image\"><img decoding=\"async\" src=\"https:\/\/foto.sondakika.com\/haber\/2026\/05\/21\/efes-2026-tatbikatinin-gunduz-19867900-4640_1_m.jpg\" alt=\"EFES-2026 Tatbikat\u0131'n\u0131n g\u00fcnd\u00fcz safhas\u0131 nefes kesti\"\/><\/figure>\n\n\n\n<figure class=\"wp-block-image\"><img decoding=\"async\" src=\"https:\/\/foto.sondakika.com\/haber\/2026\/05\/21\/efes-2026-tatbikatinin-gunduz-19867900-5532_1_m.jpg\" alt=\"EFES-2026 Tatbikat\u0131'n\u0131n g\u00fcnd\u00fcz safhas\u0131 nefes kesti\"\/><\/figure>\n\n\n\n<figure class=\"wp-block-image\"><img decoding=\"async\" src=\"https:\/\/foto.sondakika.com\/haber\/2026\/05\/21\/efes-2026-tatbikatinin-gunduz-19867900-3408_1_m.jpg\" alt=\"EFES-2026 Tatbikat\u0131'n\u0131n g\u00fcnd\u00fcz safhas\u0131 nefes kesti\"\/><\/figure>\n\n\n\n<figure class=\"wp-block-image\"><img decoding=\"async\" src=\"https:\/\/foto.sondakika.com\/haber\/2026\/05\/21\/efes-2026-tatbikatinin-gunduz-19867900-4303_2_m.jpg\" alt=\"EFES-2026 Tatbikat\u0131'n\u0131n g\u00fcnd\u00fcz safhas\u0131 nefes kesti\"\/><\/figure>\n\n\n\n<figure class=\"wp-block-image\"><img decoding=\"async\" src=\"https:\/\/foto.sondakika.com\/haber\/2026\/05\/21\/efes-2026-tatbikatinin-gunduz-19867900-9325_3_m.jpg\" alt=\"EFES-2026 Tatbikat\u0131'n\u0131n g\u00fcnd\u00fcz safhas\u0131 nefes kesti\"\/><\/figure>\n\n\n\n<figure class=\"wp-block-image\"><img decoding=\"async\" src=\"https:\/\/foto.sondakika.com\/haber\/2026\/05\/21\/efes-2026-tatbikatinin-gunduz-19867900-5425_4_m.jpg\" alt=\"EFES-2026 Tatbikat\u0131'n\u0131n g\u00fcnd\u00fcz safhas\u0131 nefes kesti\"\/><\/figure>\n\n\n\n<figure class=\"wp-block-image\"><img decoding=\"async\" src=\"https:\/\/foto.sondakika.com\/haber\/2026\/05\/21\/efes-2026-tatbikatinin-gunduz-19867900-6932_5_m.jpg\" alt=\"EFES-2026 Tatbikat\u0131'n\u0131n g\u00fcnd\u00fcz safhas\u0131 nefes kesti\"\/><\/figure>\n","protected":false},"excerpt":{"rendered":"<p>T\u00fcrk Silahl\u0131 Kuvvetlerinin (TSK) en b\u00fcy\u00fck birle\u015fik m\u00fc\u015fterek tatbikatlar\u0131ndan EFES-2026&#8217;n\u0131n se\u00e7kin g\u00f6zlemci g\u00fcn\u00fc kapsam\u0131ndaki g\u00fcnd\u00fcz<\/p>\n","protected":false},"author":1,"featured_media":1718,"comment_status":"open","ping_status":"open","sticky":false,"template":"","format":"standard","meta":{"_rtcl_gb_attr":"","footnotes":""},"categories":[1],"tags":[],"class_list":["post-1717","post","type-post","status-publish","format-standard","has-post-thumbnail","hentry","category-http-turkiyemhaber-com-wp-content-uploads-2026-03-saray-59-haber-13-mart-pdf"],"_links":{"self":[{"href":"https:\/\/turkiyemhaber.com\/index.php?rest_route=\/wp\/v2\/posts\/1717","targetHints":{"allow":["GET"]}}],"collection":[{"href":"https:\/\/turkiyemhaber.com\/index.php?rest_route=\/wp\/v2\/posts"}],"about":[{"href":"https:\/\/turkiyemhaber.com\/index.php?rest_route=\/wp\/v2\/types\/post"}],"author":[{"embeddable":true,"href":"https:\/\/turkiyemhaber.com\/index.php?rest_route=\/wp\/v2\/users\/1"}],"replies":[{"embeddable":true,"href":"https:\/\/turkiyemhaber.com\/index.php?rest_route=%2Fwp%2Fv2%2Fcomments&post=1717"}],"version-history":[{"count":1,"href":"https:\/\/turkiyemhaber.com\/index.php?rest_route=\/wp\/v2\/posts\/1717\/revisions"}],"predecessor-version":[{"id":1719,"href":"https:\/\/turkiyemhaber.com\/index.php?rest_route=\/wp\/v2\/posts\/1717\/revisions\/1719"}],"wp:featuredmedia":[{"embeddable":true,"href":"https:\/\/turkiyemhaber.com\/index.php?rest_route=\/wp\/v2\/media\/1718"}],"wp:attachment":[{"href":"https:\/\/turkiyemhaber.com\/index.php?rest_route=%2Fwp%2Fv2%2Fmedia&parent=1717"}],"wp:term":[{"taxonomy":"category","embeddable":true,"href":"https:\/\/turkiyemhaber.com\/index.php?rest_route=%2Fwp%2Fv2%2Fcategories&post=1717"},{"taxonomy":"post_tag","embeddable":true,"href":"https:\/\/turkiyemhaber.com\/index.php?rest_route=%2Fwp%2Fv2%2Ftags&post=1717"}],"curies":[{"name":"wp","href":"https:\/\/api.w.org\/{rel}","templated":true}]}}