{"id":1714,"date":"2026-05-21T12:42:05","date_gmt":"2026-05-21T12:42:05","guid":{"rendered":"https:\/\/turkiyemhaber.com\/?p=1714"},"modified":"2026-05-21T12:42:09","modified_gmt":"2026-05-21T12:42:09","slug":"tokat-sele-hazirlaniyor-15-bin-kisi-tahliye-edildi-vatandaslar-arabalarini-agaca-bagladi","status":"publish","type":"post","link":"https:\/\/turkiyemhaber.com\/?p=1714","title":{"rendered":"Tokat sele haz\u0131rlan\u0131yor! 15 bin ki\u015fi tahliye edildi, vatanda\u015flar arabalar\u0131n\u0131 a\u011faca ba\u011flad\u0131"},"content":{"rendered":"\n<p class=\"wp-block-paragraph\">Tokat\u2019ta a\u015f\u0131r\u0131 ya\u011f\u0131\u015flar nedeniyle Almus Baraj\u0131 33 y\u0131l sonra ilk kez tam kapasiteye ula\u015f\u0131p ta\u015farken, sel riskine kar\u015f\u0131 15 mahalle ve 7 k\u00f6y tahliye edildi, iki k\u00f6pr\u00fc daha kontroll\u00fc \u015fekilde y\u0131k\u0131ld\u0131 ve yakla\u015f\u0131k 15 bin ki\u015fi g\u00fcvenli b\u00f6lgelere ta\u015f\u0131nd\u0131. Barajdaki ta\u015fk\u0131nda suyun debisi artarken baz\u0131 vatanda\u015flar sele kar\u015f\u0131 \u00f6nlem olarak ara\u00e7lar\u0131n\u0131 a\u011faca ba\u011flad\u0131.<\/p>\n\n\n\n<p class=\"wp-block-paragraph\"><a href=\"https:\/\/www.sondakika.com\/tokat\/\">Tokat<\/a>&#8216;taki&nbsp;<a href=\"https:\/\/www.sondakika.com\/almus\/\">Almus<\/a>&nbsp;Baraj\u0131, a\u015f\u0131r\u0131 ya\u011f\u0131\u015flar\u0131n etkisiyle 33 y\u0131l sonra ilk kez y\u00fczde 100 kapasiteye ula\u015ft\u0131 ve d\u00fcn sabah saatleri itibar\u0131yla ta\u015fmaya ba\u015flad\u0131.<\/p>\n\n\n\n<h3 class=\"wp-block-heading\">22 YERLE\u015e\u0130M YER\u0130 TAHL\u0130YE ED\u0130LD\u0130<\/h3>\n\n\n\n<p class=\"wp-block-paragraph\">Ta\u015fk\u0131n riskine kar\u015f\u0131 kentte \u00f6nlem ama\u00e7l\u0131 setler olu\u015fturuldu, 15 mahalle ve 7 k\u00f6y tahliye edildi ve risk olu\u015fturan iki k\u00f6pr\u00fc daha y\u0131k\u0131ld\u0131. Belediye ekipleri b\u00f6lgede s\u00fcrekli sel uyar\u0131s\u0131 yap\u0131yor. AFAD ve Jandarma ekipleri kent merkezinde ve \u00e7evre yerle\u015fim yerlerinde \u00f6nlemlerini art\u0131rd\u0131.<\/p>\n\n\n\n<figure class=\"wp-block-image\"><img decoding=\"async\" src=\"https:\/\/foto.sondakika.com\/haber\/2026\/05\/21\/20260521_a585fedd233d411dbfa357f77c6301cd.jpg\" alt=\"Tokat sele haz\u0131rlan\u0131yor! 15 bin ki\u015fi tahliye edildi, vatanda\u015flar arabalar\u0131n\u0131 a\u011faca ba\u011flad\u0131\"\/><\/figure>\n\n\n\n<h3 class=\"wp-block-heading\">2 K\u00d6PR\u00dc YIKILDI<\/h3>\n\n\n\n<p class=\"wp-block-paragraph\">Devlet yetkilileri i\u015f makineleriyle ta\u015f ta\u015f\u0131yarak \u0131rmak kenar\u0131na set kurdu. Vatanda\u015flar da bunlara ek olarak kendi \u00f6nlemlerini ald\u0131. Tokat i\u00e7inden ge\u00e7en nehir \u00fczerindeki k\u00f6pr\u00fcler g\u00f6zden ge\u00e7irildi, iki k\u00f6pr\u00fc ta\u015fk\u0131n riskini ortadan kald\u0131rmak i\u00e7in y\u0131k\u0131ld\u0131.<\/p>\n\n\n\n<figure class=\"wp-block-image\"><img decoding=\"async\" src=\"https:\/\/foto.sondakika.com\/haber\/2026\/05\/21\/tokat-sele-hazirlaniyor-15-bin-19867890-2858_1_m.jpg\" alt=\"Tokat sele haz\u0131rlan\u0131yor! 15 bin ki\u015fi tahliye edildi, vatanda\u015flar arabalar\u0131n\u0131 a\u011faca ba\u011flad\u0131\"\/><\/figure>\n\n\n\n<h3 class=\"wp-block-heading\">ARACINI A\u011eACA BA\u011eLADI<\/h3>\n\n\n\n<p class=\"wp-block-paragraph\">Tokatsondakika adl\u0131 Instagram hesab\u0131n\u0131n aktard\u0131\u011f\u0131na g\u00f6re bir\u00e7ok ki\u015fi evlerinin, d\u00fckkanlar\u0131n\u0131n \u00f6n\u00fcne kum torbalar\u0131 yerle\u015ftirdi. Baz\u0131 vatanda\u015flar ara\u00e7lar\u0131n\u0131 a\u011fa\u00e7lara ba\u011flad\u0131 ve \u00fczerlerini mu\u015fambayla kapatt\u0131. Bir vatanda\u015f, arac\u0131n\u0131 a\u011faca ba\u011flarken, \u201cBelediyemiz \u00e7al\u0131\u015f\u0131yor, biz de at\u0131m\u0131z\u0131 arabam\u0131z\u0131 sa\u011flam kaz\u0131\u011fa ba\u011fl\u0131yoruz. Ka\u00e7arsa ka\u00e7s\u0131n. \u201d dedi.<\/p>\n\n\n\n<figure class=\"wp-block-image\"><img decoding=\"async\" src=\"https:\/\/foto.sondakika.com\/haber\/2026\/05\/21\/20260521_7cdcb4a6741a450c8ffcd54cd3df16b6.jpg\" alt=\"Tokat sele haz\u0131rlan\u0131yor! 15 bin ki\u015fi tahliye edildi, vatanda\u015flar arabalar\u0131n\u0131 a\u011faca ba\u011flad\u0131\"\/><\/figure>\n\n\n\n<h3 class=\"wp-block-heading\">ALMUS BARAJI&#8217;NIN TA\u015eKININDA DEB\u0130 ARTIYOR<\/h3>\n\n\n\n<p class=\"wp-block-paragraph\">Ye\u015fil\u0131rmak\u2019\u0131n ta\u015fmas\u0131na neden olaca\u011f\u0131 \u00f6n g\u00f6r\u00fclen Almus baraj\u0131 da tamamen dolunca ge\u00e7ti\u011fimiz g\u00fcnden itibaren baraj\u0131n dolusavak\u0131ndan su tahliyesi ba\u015flad\u0131. B\u00f6lgede devam eden ya\u011f\u0131\u015flarla birlikte savaktan b\u0131rak\u0131lan su miktar\u0131 artmaya ba\u015flad\u0131. 3 milyon ton su kapasiteli, 21 bin hektar alana sahip barajdan tahliye edilen suyun Ye\u015fil\u0131rmak\u2019ta ta\u015fk\u0131na neden olabilece\u011fi tahmin ediliyor.&nbsp;<\/p>\n\n\n\n<figure class=\"wp-block-image\"><img decoding=\"async\" src=\"https:\/\/foto.sondakika.com\/haber\/2026\/05\/21\/20260521_0ca6a9cc3b3e4c038855a9d44ca7ed82.jpg\" alt=\"Tokat sele haz\u0131rlan\u0131yor! 15 bin ki\u015fi tahliye edildi, vatanda\u015flar arabalar\u0131n\u0131 a\u011faca ba\u011flad\u0131\"\/><\/figure>\n\n\n\n<h3 class=\"wp-block-heading\">15 B\u0130N K\u0130\u015e\u0130 TAHL\u0130YE ED\u0130LD\u0130<\/h3>\n\n\n\n<p class=\"wp-block-paragraph\">AFAD Ba\u015fkan\u0131 Ali Hamza Pehlivan, Ye\u015fil\u0131rmak&#8217;ta su seviyesinin ve debisinin atmas\u0131 sonucu \u00f6n g\u00f6r\u00fclen ta\u015fk\u0131n ve sel \u00f6ncesi al\u0131nan tedbirleri yerinde inceledi.&nbsp;<\/p>\n\n\n\n<p class=\"wp-block-paragraph\">AFAD Tokat \u0130l M\u00fcd\u00fcrl\u00fc\u011f\u00fc&#8217;nde ilgili birim amirleriyle de toplant\u0131 yapan Pehlivan, toplant\u0131 sonras\u0131 yapt\u0131\u011f\u0131 a\u00e7\u0131klamada \u00f6nleyici tedbirler kapsam\u0131nda 15 bin ki\u015finin g\u00fcvenli b\u00f6lgelere nakledildi\u011fini s\u00f6yledi. Pehlivan, b\u00f6lgede bulunan barajlardaki doluluk oran\u0131n\u0131n maksimum seviyelere ula\u015ft\u0131\u011f\u0131n\u0131 hat\u0131rlatarak, &#8220;Meydana gelen ta\u015fk\u0131nlar ve barajlarda doluluk oran\u0131n\u0131n maksimum seviyeye ula\u015fmas\u0131yla birlikte olu\u015fan risklere ve buna istinaden al\u0131nan tedbirlere, \u00f6nlemlere, risk azaltma \u00e7al\u0131\u015fmalar\u0131na ve ihale \u00e7al\u0131\u015fmalar\u0131na ili\u015fkin bu toplant\u0131y\u0131 ger\u00e7ekle\u015ftirdik. B\u00fct\u00fcn afetlerde oldu\u011fu gibi burada sadece m\u00fcdahale de\u011fil, m\u00fcdahale \u00e7al\u0131\u015fmalar\u0131yla risk azaltma \u00e7al\u0131\u015fmalar\u0131 e\u015fg\u00fcd\u00fcm i\u00e7erisinde ger\u00e7ekle\u015ftirildi&#8221; dedi.<\/p>\n\n\n\n<figure class=\"wp-block-image\"><img decoding=\"async\" src=\"https:\/\/foto.sondakika.com\/haber\/2026\/05\/21\/20260521_891d9b893fdf41048d647066b49c4ba9.jpg\" alt=\"Tokat sele haz\u0131rlan\u0131yor! 15 bin ki\u015fi tahliye edildi, vatanda\u015flar arabalar\u0131n\u0131 a\u011faca ba\u011flad\u0131\"\/><\/figure>\n\n\n\n<p class=\"wp-block-paragraph\">\u00d6n g\u00f6r\u00fclen ta\u015fk\u0131nlarla ilgili al\u0131nan tedbirlere de\u011finen Pehlivan, &#8220;Bu sene \u00f6zellikle k\u0131\u015f mevsimi ve bahar mevsimi ya\u011f\u0131\u015flar\u0131, ya\u011fmurlar\u0131 bol \u015fekilde ald\u0131\u011f\u0131m\u0131z bir mevsim oldu. Tabii bunun \u00f6ncelikle \u015f\u00fckr\u00fcn\u00fc ya\u015f\u0131yoruz. Bunun \u00f6ncesinde kurak aylar, y\u0131llar ya\u015fad\u0131k. Elbette bu nimetin birtak\u0131m yan etkileri de olabiliyor. Bize d\u00fc\u015fen elbette tedbirleri almak ve uygulamak. Tokat \u00f6zelinde de bu anlamda bir yandan m\u00fcdahaleyle ilgili ekipler sahada \u00e7al\u0131\u015f\u0131rken, bir yandan da i\u015fte \u00c7EDA\u015e K\u00f6pr\u00fcs\u00fc&#8217;nde kontrol\u00fc y\u0131k\u0131m DS\u0130&#8217;nin bilimsel verileri \u0131\u015f\u0131\u011f\u0131nda ger\u00e7ekle\u015ftirilirdi. Devam\u0131nda yeni sanayi sitesinde yine s\u0131k\u0131nt\u0131 olu\u015fturabilecek bir k\u00f6pr\u00fcn\u00fcn y\u0131k\u0131m\u0131 ger\u00e7ekle\u015ftirildi. Yine DS\u0130 M\u00fcd\u00fcrl\u00fc\u011f\u00fcm\u00fcz taraf\u0131ndan b\u00fct\u00fcn nedir boyunca, \u00f6zellikle de Turhal il\u00e7esinde tahkimatlar ger\u00e7ekle\u015ftirilirdi&#8221; diye konu\u015ftu.<\/p>\n\n\n\n<p class=\"wp-block-paragraph\">Pehlivan, 15 bin ki\u015finin g\u00fcvenli b\u00f6lgelere ta\u015f\u0131nd\u0131\u011f\u0131n\u0131 belirterek, &#8220;Malumunuz Almus Baraj\u0131 y\u00fczde 100 doldu. Dolusavaktan su atmaya ba\u015flad\u0131. Bununla birlikte K\u0131l\u0131\u00e7kaya Baraj\u0131 da Kelkit Vadisi&#8217;nde suyun artmas\u0131na neden odu. Dolay\u0131s\u0131yla Tokat&#8217;\u0131m\u0131z\u0131n hemen hemen b\u00fct\u00fcn il\u00e7elerinde bir yandan tahkimatlar, tahliyeler yap\u0131ld\u0131, bir yandan da m\u00fcdahaleler ger\u00e7ekle\u015ftirildi. 4 binin \u00fczerinde hanenin tahliyesi ger\u00e7ekle\u015ftirildi. Yakla\u015f\u0131k 15 bin vatanda\u015f\u0131m\u0131z g\u00fcvenli b\u00f6lgelere al\u0131nd\u0131. Bu konuda vatanda\u015flar\u0131m\u0131za da te\u015fekk\u00fcr ediyoruz, anlay\u0131\u015f g\u00f6sterdiler. Biz kamu misafirhanelerini say\u0131n valimizin talimatlar\u0131yla a\u00e7m\u0131\u015ft\u0131k. Orada bine yak\u0131n vatanda\u015f\u0131m\u0131z\u0131 misafir ettik. Zarar tespiti, hasar tespitini \u00e7evrecilik ekipleri taraf\u0131ndan ger\u00e7ekle\u015ftiriyoruz. Elektrikle ilgili yine \u00e7al\u0131\u015fmalar, tahliye konusunda jandarmam\u0131z, trafik konusunda emniyetimiz topyek\u00fbn bir \u00e7al\u0131\u015fma ger\u00e7ekle\u015ftiriyor&#8221; ifadelerini kulland\u0131.&nbsp;<\/p>\n","protected":false},"excerpt":{"rendered":"<p>Tokat\u2019ta a\u015f\u0131r\u0131 ya\u011f\u0131\u015flar nedeniyle Almus Baraj\u0131 33 y\u0131l sonra ilk kez tam kapasiteye ula\u015f\u0131p ta\u015farken,<\/p>\n","protected":false},"author":1,"featured_media":1715,"comment_status":"open","ping_status":"open","sticky":false,"template":"","format":"standard","meta":{"_rtcl_gb_attr":"","footnotes":""},"categories":[43],"tags":[],"class_list":["post-1714","post","type-post","status-publish","format-standard","has-post-thumbnail","hentry","category-son-dakika"],"_links":{"self":[{"href":"https:\/\/turkiyemhaber.com\/index.php?rest_route=\/wp\/v2\/posts\/1714","targetHints":{"allow":["GET"]}}],"collection":[{"href":"https:\/\/turkiyemhaber.com\/index.php?rest_route=\/wp\/v2\/posts"}],"about":[{"href":"https:\/\/turkiyemhaber.com\/index.php?rest_route=\/wp\/v2\/types\/post"}],"author":[{"embeddable":true,"href":"https:\/\/turkiyemhaber.com\/index.php?rest_route=\/wp\/v2\/users\/1"}],"replies":[{"embeddable":true,"href":"https:\/\/turkiyemhaber.com\/index.php?rest_route=%2Fwp%2Fv2%2Fcomments&post=1714"}],"version-history":[{"count":1,"href":"https:\/\/turkiyemhaber.com\/index.php?rest_route=\/wp\/v2\/posts\/1714\/revisions"}],"predecessor-version":[{"id":1716,"href":"https:\/\/turkiyemhaber.com\/index.php?rest_route=\/wp\/v2\/posts\/1714\/revisions\/1716"}],"wp:featuredmedia":[{"embeddable":true,"href":"https:\/\/turkiyemhaber.com\/index.php?rest_route=\/wp\/v2\/media\/1715"}],"wp:attachment":[{"href":"https:\/\/turkiyemhaber.com\/index.php?rest_route=%2Fwp%2Fv2%2Fmedia&parent=1714"}],"wp:term":[{"taxonomy":"category","embeddable":true,"href":"https:\/\/turkiyemhaber.com\/index.php?rest_route=%2Fwp%2Fv2%2Fcategories&post=1714"},{"taxonomy":"post_tag","embeddable":true,"href":"https:\/\/turkiyemhaber.com\/index.php?rest_route=%2Fwp%2Fv2%2Ftags&post=1714"}],"curies":[{"name":"wp","href":"https:\/\/api.w.org\/{rel}","templated":true}]}}