{"id":1711,"date":"2026-05-21T12:38:03","date_gmt":"2026-05-21T12:38:03","guid":{"rendered":"https:\/\/turkiyemhaber.com\/?p=1711"},"modified":"2026-05-21T12:38:07","modified_gmt":"2026-05-21T12:38:07","slug":"yakalama-karari-cikarilan-serenay-sarikayadan-ilk-aciklama-17-unlu-isim-gozaltina-alindi","status":"publish","type":"post","link":"https:\/\/turkiyemhaber.com\/?p=1711","title":{"rendered":"Yakalama karar\u0131 \u00e7\u0131kar\u0131lan Serenay Sar\u0131kaya&#8217;dan ilk a\u00e7\u0131klama! 17 \u00fcnl\u00fc isim g\u00f6zalt\u0131na al\u0131nd\u0131"},"content":{"rendered":"\n<p class=\"wp-block-paragraph\">\u0130stanbul\u2019da \u00fcnl\u00fc isimlere y\u00f6nelik d\u00fczenlenen uyu\u015fturucu operasyonunda Serenay Sar\u0131kaya dahil 25 ki\u015fi hakk\u0131nda g\u00f6zalt\u0131 karar\u0131 verildi. Yurt d\u0131\u015f\u0131nda oldu\u011fu \u00f6\u011frenilen Sar\u0131kaya, ilk a\u00e7\u0131klamas\u0131nda T\u00fcrkiye\u2019ye d\u00f6nerek gerekli i\u015flemleri yerine getirece\u011fini s\u00f6yledi. Hakk\u0131nda yakalama karar\u0131 verilen Tan Ta\u015f\u00e7\u0131 da polis merkezine gidip ifade verece\u011fini duyurdu. B\u00f6ylelikle operasyon kapsam\u0131nda g\u00f6zalt\u0131na al\u0131nan \u00fcnl\u00fc isimlerin say\u0131s\u0131 18&#8217;e y\u00fckseldi.<\/p>\n\n\n\n<p class=\"wp-block-paragraph\">Bak\u0131rk\u00f6y Cumhuriyet Ba\u015fsavc\u0131l\u0131\u011f\u0131 taraf\u0131ndan y\u00fcr\u00fct\u00fclen soru\u015fturma kapsam\u0131nda \u0130stanbul merkezli geni\u015f \u00e7apl\u0131 bir operasyon d\u00fczenlendi. Gelen ihbarlar, incelenen dijital materyaller ve elde edilen bilgiler do\u011frultusunda kamuoyunda tan\u0131nan baz\u0131 isimlerin uyu\u015fturucu ve uyar\u0131c\u0131 madde kulland\u0131\u011f\u0131 y\u00f6n\u00fcnde makul \u015f\u00fcphe olu\u015ftu\u011fu belirtildi.<\/p>\n\n\n\n<p class=\"wp-block-paragraph\">\u0130stanbul \u0130l Jandarma Komutanl\u0131\u011f\u0131 ekipleri taraf\u0131ndan sabah saatlerinde \u0130stanbul\u2019un Be\u015fikta\u015f, Sar\u0131yer, Beyo\u011flu, Ka\u011f\u0131thane ve \u00dcsk\u00fcdar il\u00e7eleri ile Mu\u011fla\u2019da belirlenen toplam 25 adrese e\u015f zamanl\u0131 operasyon yap\u0131ld\u0131.&nbsp;<a href=\"https:\/\/www.sondakika.com\/operasyon\/\">Operasyon<\/a>&nbsp;kapsam\u0131nda 25 ki\u015fi hakk\u0131nda g\u00f6zalt\u0131 karar\u0131 verildi.<\/p>\n\n\n\n<figure class=\"wp-block-image\"><img decoding=\"async\" src=\"https:\/\/foto.sondakika.com\/haber\/2026\/05\/21\/yakalama-karari-cikarilan-sere-97809973-4037_1_m.jpg\" alt=\"Yakalama karar\u0131 \u00e7\u0131kar\u0131lan <a class='keyword-sd' href='\/serenay-sarikaya\/' title='Serenay Sar\u0131kaya'&gt;Serenay Sar\u0131kaya<\/a&gt;'dan ilk a\u00e7\u0131klama! 17 \u00fcnl\u00fc isim g\u00f6zalt\u0131na al\u0131nd\u0131\"\/><\/figure>\n\n\n\n<h3 class=\"wp-block-heading\">SERENAY SARIKAYA\u2019DAN \u0130LK A\u00c7IKLAMA<\/h3>\n\n\n\n<p class=\"wp-block-paragraph\">Hakk\u0131nda g\u00f6zalt\u0131 karar\u0131 \u00e7\u0131kar\u0131lan oyuncu Serenay Sar\u0131kaya, geli\u015fmeler sonras\u0131 sosyal medya hesab\u0131ndan a\u00e7\u0131klama yapt\u0131. Uzun s\u00fcredir planlad\u0131\u011f\u0131 yurt d\u0131\u015f\u0131 seyahatinde oldu\u011funu belirten Sar\u0131kaya \u015fu ifadeleri kulland\u0131:<\/p>\n\n\n\n<figure class=\"wp-block-image\"><img decoding=\"async\" src=\"https:\/\/foto.sondakika.com\/haber\/2026\/05\/21\/yakalama-karari-cikarilan-sere-56705373-7486_1_m.jpg\" alt=\"Yakalama karar\u0131 \u00e7\u0131kar\u0131lan Serenay Sar\u0131kaya'dan ilk a\u00e7\u0131klama! 17 \u00fcnl\u00fc isim g\u00f6zalt\u0131na al\u0131nd\u0131\"\/><\/figure>\n\n\n\n<p class=\"wp-block-paragraph\">\u201cMerhaba\u2026 Uzun s\u00fcreden beri planlad\u0131\u011f\u0131m yurtd\u0131\u015f\u0131 seyahatinde ald\u0131m haberi\u2026 M\u00fcmk\u00fcn olan en k\u0131sa s\u00fcrede \u00fclkeme d\u00f6n\u00fcp t\u00fcm gerekli prosed\u00fcrleri yerine getirece\u011fim herkesin yapt\u0131\u011f\u0131 gibi\u2026 Ben iyiyim bir sorun yok merak eden herkese sevgiler\u2026\u201d<\/p>\n\n\n\n<p class=\"wp-block-paragraph\">Sar\u0131kaya\u2019n\u0131n a\u00e7\u0131klamas\u0131 k\u0131sa s\u00fcrede g\u00fcndem olurken, oyuncunun T\u00fcrkiye\u2019ye d\u00f6n\u00fc\u015f\u00fcn\u00fcn ard\u0131ndan ifade vermesi bekleniyor.<\/p>\n\n\n\n<p class=\"wp-block-paragraph\">Serenay Sar\u0131kaya&#8217;n\u0131n sevgilisi \u00fcnl\u00fc \u015fark\u0131c\u0131 Mert Demir&#8217;de ayn\u0131 soru\u015fturma kapsam\u0131nda ge\u00e7ti\u011fimiz aylarda g\u00f6zalt\u0131na al\u0131nm\u0131\u015f ve test sonucu negatif \u00e7\u0131km\u0131\u015ft\u0131.&nbsp;<\/p>\n\n\n\n<figure class=\"wp-block-image\"><img decoding=\"async\" src=\"https:\/\/foto.sondakika.com\/haber\/2026\/05\/21\/yakalama-karari-cikarilan-sere-50975947-1451_1_m.jpg\" alt=\"Yakalama karar\u0131 \u00e7\u0131kar\u0131lan Serenay Sar\u0131kaya'dan ilk a\u00e7\u0131klama! 17 \u00fcnl\u00fc isim g\u00f6zalt\u0131na al\u0131nd\u0131\"\/><\/figure>\n\n\n\n<h3 class=\"wp-block-heading\"><\/h3>\n\n\n\n<h3 class=\"wp-block-heading\">TAN TA\u015e\u00c7I DA G\u00d6ZALTINA ALINDI<\/h3>\n\n\n\n<p class=\"wp-block-paragraph\">Soru\u015fturmada ad\u0131 ge\u00e7en \u015fark\u0131c\u0131 Tan Ta\u015f\u00e7\u0131 da sosyal medya hesab\u0131ndan a\u00e7\u0131klama yapt\u0131. Ad\u0131n\u0131n operasyonla birlikte g\u00fcndeme geldi\u011fini bas\u0131ndan \u00f6\u011frendi\u011fini belirten Ta\u015f\u00e7\u0131 \u015fu ifadeleri kulland\u0131:<\/p>\n\n\n\n<figure class=\"wp-block-image\"><img decoding=\"async\" src=\"https:\/\/foto.sondakika.com\/haber\/2026\/05\/21\/yakalama-karari-cikarilan-sere-10387069-7126_1_m.jpg\" alt=\"Yakalama karar\u0131 \u00e7\u0131kar\u0131lan Serenay Sar\u0131kaya'dan ilk a\u00e7\u0131klama! 17 \u00fcnl\u00fc isim g\u00f6zalt\u0131na al\u0131nd\u0131\"\/><\/figure>\n\n\n\n<p class=\"wp-block-paragraph\">\u201cBahsi ge\u00e7en yasakl\u0131 madde operasyonunda ad\u0131m\u0131n ge\u00e7ti\u011fini ben de sizler gibi sosyal medyadan ve magazinden \u00f6\u011frendim. A\u00e7\u0131k\u00e7as\u0131 ben de \u015fa\u015fk\u0131n\u0131m. \u015eu an Bodrum\u2019daki evimdeyim ve planlanan konserlerimiz i\u00e7in \u0130zmir\u2019e hareket etmek \u00fczereyim. Konuyla ilgili resmi s\u00fcreci avukat\u0131m arac\u0131l\u0131\u011f\u0131yla takip ediyor, detayl\u0131 bilgiyi kendisinden bekliyorum.&nbsp;Planlanan konserlerimizle ilgili \u015fu an i\u00e7in herhangi bir aksama ya da iptal durumu s\u00f6z konusu de\u011fildir.&nbsp;Geli\u015fmeleri netle\u015ftik\u00e7e do\u011frudan sizlerle payla\u015faca\u011f\u0131m.\u201d<\/p>\n\n\n\n<p class=\"wp-block-paragraph\"><img decoding=\"async\" alt=\"Tan Ta\u015f\u00e7\u0131\" src=\"https:\/\/foto.sondakika.com\/haber\/2026\/05\/21\/yakalama-karari-cikarilan-sere-19867748-7169_1_m.jpg\">Tan Ta\u015f\u00e7\u0131<\/p>\n\n\n\n<p class=\"wp-block-paragraph\">Bu a\u00e7\u0131klaman\u0131n ard\u0131ndan \u00fcnl\u00fc \u015fark\u0131c\u0131 polise gidip ifade verdi\u011fini duyurdu. Ta\u015f\u00e7\u0131,&nbsp;&#8220;Avukat\u0131mla yapt\u0131\u011f\u0131m g\u00f6r\u00fc\u015fme sonucunda, \u0130zmir yolundan d\u00f6nerek gerekli i\u015flemlerin yap\u0131lmas\u0131 ad\u0131na Bodrum Jandarma Komutanl\u0131\u011f\u0131\u2019na gidiyorum.&nbsp;Bak\u0131rk\u00f6y Cumhuriyet Ba\u015fsavc\u0131l\u0131\u011f\u0131 taraf\u0131ndan y\u00fcr\u00fct\u00fclen soru\u015fturma kapsam\u0131nda verilecek t\u00fcm kararlara sayg\u0131 duydu\u011fumu belirtmek isterim.&nbsp;S\u00fcrecin en k\u0131sa s\u00fcrede t\u00fcm a\u00e7\u0131kl\u0131\u011f\u0131yla netle\u015fece\u011fine inan\u0131yor, kamuoyunun sa\u011fduyusuna te\u015fekk\u00fcr ediyorum.&#8221;<\/p>\n\n\n\n<figure class=\"wp-block-image\"><img decoding=\"async\" src=\"https:\/\/foto.sondakika.com\/haber\/2026\/05\/21\/yakalama-karari-cikarilan-sere-19867748-9844_1_m.jpg\" alt=\"Yakalama karar\u0131 \u00e7\u0131kar\u0131lan Serenay Sar\u0131kaya'dan ilk a\u00e7\u0131klama! 17 \u00fcnl\u00fc isim g\u00f6zalt\u0131na al\u0131nd\u0131\"\/><\/figure>\n\n\n\n<h3 class=\"wp-block-heading\"><\/h3>\n\n\n\n<h3 class=\"wp-block-heading\">M\u0130RG\u00dcN SIRRI CABAS: D\u00dcN BABAMI KAYBETT\u0130M<\/h3>\n\n\n\n<p class=\"wp-block-paragraph\">Gazeteci ve sunucu Mirg\u00fcn S\u0131rr\u0131 Cabas da hakk\u0131ndaki geli\u015fmeler sonras\u0131 a\u00e7\u0131klama yapt\u0131. Babas\u0131n\u0131n cenazesi nedeniyle \u0130zmir\u2019de bulundu\u011funu belirten Cabas \u015fu ifadeleri kulland\u0131:<\/p>\n\n\n\n<p class=\"wp-block-paragraph\">\u201cBu sabah ismimin bir soru\u015fturmada ge\u00e7ti\u011fini bas\u0131ndan \u00f6\u011frendim. D\u00fcn babam\u0131 kaybettim, babam\u0131n cenazesi i\u00e7in \u0130zmir\u2019deyim. Avukatlar\u0131m soru\u015fturma makam\u0131yla g\u00f6r\u00fc\u015f\u00fcyor, bilgi sahibi olunca gere\u011fini yapaca\u011f\u0131m. Merak etmeyin.\u201d<\/p>\n\n\n\n<figure class=\"wp-block-image\"><img decoding=\"async\" src=\"https:\/\/foto.sondakika.com\/haber\/2026\/05\/21\/yakalama-karari-cikarilan-sere-23536018-6772_1_m.jpg\" alt=\"Yakalama karar\u0131 \u00e7\u0131kar\u0131lan Serenay Sar\u0131kaya'dan ilk a\u00e7\u0131klama! 17 \u00fcnl\u00fc isim g\u00f6zalt\u0131na al\u0131nd\u0131\"\/><\/figure>\n\n\n\n<h3 class=\"wp-block-heading\">G\u00d6ZALTINA ALINAN \u0130S\u0130MLER D\u0130KKAT \u00c7EKT\u0130<\/h3>\n\n\n\n<p class=\"wp-block-paragraph\">Operasyon kapsam\u0131nda adreslerde yap\u0131lan aramalarda aralar\u0131nda Mabel Matiz (Fatih Karaca),&nbsp;<a href=\"https:\/\/www.sondakika.com\/feyza-civelek\/\">Feyza Civelek<\/a>, Volkan Bah\u00e7ekapal\u0131, Onur Tuna, Berkay \u015eahin, Osman Haktan Canevi, Asl\u0131han Turanl\u0131, K\u00fcbra \u0130mren Siyahdemir, Mehmet Rah\u015fan, Cansu Tekin, \u00d6zg\u00fcr Deniz Cellat, Tar\u0131k Tunca Bak\u0131r, Aycan Ya\u011fc\u0131, Tu\u011f\u00e7e Posto\u011flu, Eda Dora, Hanzade G\u00fcrkanlar ve Yasemin \u0130kbal\u2019in de bulundu\u011fu 17 ki\u015finin g\u00f6zalt\u0131na al\u0131nd\u0131\u011f\u0131 \u00f6\u011frenildi.<\/p>\n\n\n\n<p class=\"wp-block-paragraph\">Tan Ta\u015f\u00e7\u0131&#8217;n\u0131n polis karakoluna gidip ifade vermesiyle say\u0131 18&#8217;e y\u00fckseldi.&nbsp;<\/p>\n\n\n\n<p class=\"wp-block-paragraph\">Soru\u015fturmada ad\u0131 ge\u00e7en di\u011fer isimler aras\u0131nda Ya\u011fmur \u00dcnal, Mirg\u00fcn S\u0131rr\u0131 Cabas, Hakan Ayd\u0131n (Blok 3), Niran \u00dcnsal, Eren Kesimer, Serenay Sar\u0131kaya ve Semiha Bezek de yer ald\u0131.<\/p>\n\n\n\n<p class=\"wp-block-paragraph\"><strong>G\u00f6zalt\u0131 karar\u0131 verilen isimler (Tam liste):<\/strong><\/p>\n\n\n\n<ul class=\"wp-block-list\">\n<li>Berkay \u015eAH\u0130N<\/li>\n\n\n\n<li>Tan TA\u015e\u00c7I<\/li>\n\n\n\n<li>Ya\u011fmur \u00dcNAL<\/li>\n\n\n\n<li>Mirg\u00fcn S\u0131rr\u0131 CABAS<\/li>\n\n\n\n<li>Hakan AYDIN (BLOK 3)<\/li>\n\n\n\n<li>Mabel MAT\u0130Z(Fatih KARACA)<\/li>\n\n\n\n<li>Feyza C\u0130VELEK<\/li>\n\n\n\n<li>Niran \u00dcNSAL<\/li>\n\n\n\n<li>Volkan BAH\u00c7EKAPILI<\/li>\n\n\n\n<li>Onur TUNA<\/li>\n\n\n\n<li>Osman Haktan CANEV\u0130<\/li>\n\n\n\n<li>Asl\u0131han TURANLI<\/li>\n\n\n\n<li>Eren KES\u0130MER<\/li>\n\n\n\n<li>K\u00fcbra \u0130mren S\u0130YAHDEM\u0130R<\/li>\n\n\n\n<li>Mehmet Rah\u015fan<\/li>\n\n\n\n<li>Cansu TEK\u0130N<\/li>\n\n\n\n<li>\u00d6zg\u00fcr Deniz CELLAT<\/li>\n\n\n\n<li>Yasemin \u0130KBAL<\/li>\n\n\n\n<li>Tar\u0131k TUNCA BAKIR<\/li>\n\n\n\n<li>Hanzede G\u00dcRKANLAR<\/li>\n\n\n\n<li>Aycan YA\u011eCI<\/li>\n\n\n\n<li>Tu\u011f\u00e7e POSTO\u011eLU<\/li>\n\n\n\n<li>Eda DORA<\/li>\n\n\n\n<li>Semiha BEZEK<\/li>\n<\/ul>\n\n\n\n<h3 class=\"wp-block-heading\">SORU\u015eTURMA DEVAM ED\u0130YOR<\/h3>\n\n\n\n<p class=\"wp-block-paragraph\">Bak\u0131rk\u00f6y Cumhuriyet Ba\u015fsavc\u0131l\u0131\u011f\u0131 taraf\u0131ndan y\u00fcr\u00fct\u00fclen soru\u015fturman\u0131n s\u00fcrd\u00fc\u011f\u00fc \u00f6\u011frenilirken, g\u00f6zalt\u0131 karar\u0131 verilen isimlerle ilgili adli s\u00fcrecin devam etti\u011fi belirtildi. Operasyon kapsam\u0131nda elde edilen dijital materyaller ve di\u011fer delillerin incelemeye al\u0131nd\u0131\u011f\u0131 ifade edildi.<\/p>\n\n\n\n<h3 class=\"wp-block-heading\">EVLERDEK\u0130 ARAMALARDA D\u0130KKAT \u00c7EKEN BULGULAR<\/h3>\n\n\n\n<p class=\"wp-block-paragraph\">\u015e\u00fcphelilerin adreslerinde yap\u0131lan aramalarda elde edilen baz\u0131 materyallerin soru\u015fturma dosyas\u0131na dahil edildi\u011fi \u00f6\u011frenildi. Operasyon kapsam\u0131nda evlerden \u00e7\u0131kan bulgular\u0131n incelemeye al\u0131nd\u0131\u011f\u0131 belirtildi.<\/p>\n\n\n\n<p class=\"wp-block-paragraph\"><img decoding=\"async\" alt=\"Rap\u00e7i Blok 3'\u00fcn adres aramas\u0131nda ele ge\u00e7irilenler\" src=\"https:\/\/foto.sondakika.com\/haber\/2026\/05\/21\/yakalama-karari-cikarilan-sere-75170291-3326_1_m.jpg\"><\/p>\n\n\n\n<p class=\"wp-block-paragraph\">Rap\u00e7i Blok 3&#8217;\u00fcn adres aramas\u0131nda ele ge\u00e7irilenler<\/p>\n\n\n\n<p class=\"wp-block-paragraph\"><img decoding=\"async\" alt=\"\u00dcnl\u00fclerin doktoru olarak bilinen Mehmet Rah\u015fan'\u0131n ev ve i\u015f yerinden \u00e7\u0131kanlar\" src=\"https:\/\/foto.sondakika.com\/haber\/2026\/05\/21\/yakalama-karari-cikarilan-sere-55089845-8186_1_m.jpg\"><\/p>\n\n\n\n<p class=\"wp-block-paragraph\">\u00dcnl\u00fclerin doktoru olarak bilinen Mehmet Rah\u015fan&#8217;\u0131n ev ve i\u015f yerinden \u00e7\u0131kanlar<\/p>\n\n\n\n<figure class=\"wp-block-image\"><img decoding=\"async\" src=\"https:\/\/foto.sondakika.com\/haber\/2026\/05\/21\/yakalama-karari-cikarilan-sere-35286287-8871_1_m.jpg\" alt=\"Yakalama karar\u0131 \u00e7\u0131kar\u0131lan Serenay Sar\u0131kaya'dan ilk a\u00e7\u0131klama! 17 \u00fcnl\u00fc isim g\u00f6zalt\u0131na al\u0131nd\u0131\"\/><\/figure>\n\n\n\n<figure class=\"wp-block-image\"><img decoding=\"async\" src=\"https:\/\/foto.sondakika.com\/haber\/2026\/05\/21\/yakalama-karari-cikarilan-sere-89104877-8447_1_m.jpg\" alt=\"Yakalama karar\u0131 \u00e7\u0131kar\u0131lan Serenay Sar\u0131kaya'dan ilk a\u00e7\u0131klama! 17 \u00fcnl\u00fc isim g\u00f6zalt\u0131na al\u0131nd\u0131\"\/><\/figure>\n","protected":false},"excerpt":{"rendered":"<p>\u0130stanbul\u2019da \u00fcnl\u00fc isimlere y\u00f6nelik d\u00fczenlenen uyu\u015fturucu operasyonunda Serenay Sar\u0131kaya dahil 25 ki\u015fi hakk\u0131nda g\u00f6zalt\u0131 karar\u0131<\/p>\n","protected":false},"author":1,"featured_media":1712,"comment_status":"open","ping_status":"open","sticky":false,"template":"","format":"standard","meta":{"_rtcl_gb_attr":"","footnotes":""},"categories":[43],"tags":[],"class_list":["post-1711","post","type-post","status-publish","format-standard","has-post-thumbnail","hentry","category-son-dakika"],"_links":{"self":[{"href":"https:\/\/turkiyemhaber.com\/index.php?rest_route=\/wp\/v2\/posts\/1711","targetHints":{"allow":["GET"]}}],"collection":[{"href":"https:\/\/turkiyemhaber.com\/index.php?rest_route=\/wp\/v2\/posts"}],"about":[{"href":"https:\/\/turkiyemhaber.com\/index.php?rest_route=\/wp\/v2\/types\/post"}],"author":[{"embeddable":true,"href":"https:\/\/turkiyemhaber.com\/index.php?rest_route=\/wp\/v2\/users\/1"}],"replies":[{"embeddable":true,"href":"https:\/\/turkiyemhaber.com\/index.php?rest_route=%2Fwp%2Fv2%2Fcomments&post=1711"}],"version-history":[{"count":1,"href":"https:\/\/turkiyemhaber.com\/index.php?rest_route=\/wp\/v2\/posts\/1711\/revisions"}],"predecessor-version":[{"id":1713,"href":"https:\/\/turkiyemhaber.com\/index.php?rest_route=\/wp\/v2\/posts\/1711\/revisions\/1713"}],"wp:featuredmedia":[{"embeddable":true,"href":"https:\/\/turkiyemhaber.com\/index.php?rest_route=\/wp\/v2\/media\/1712"}],"wp:attachment":[{"href":"https:\/\/turkiyemhaber.com\/index.php?rest_route=%2Fwp%2Fv2%2Fmedia&parent=1711"}],"wp:term":[{"taxonomy":"category","embeddable":true,"href":"https:\/\/turkiyemhaber.com\/index.php?rest_route=%2Fwp%2Fv2%2Fcategories&post=1711"},{"taxonomy":"post_tag","embeddable":true,"href":"https:\/\/turkiyemhaber.com\/index.php?rest_route=%2Fwp%2Fv2%2Ftags&post=1711"}],"curies":[{"name":"wp","href":"https:\/\/api.w.org\/{rel}","templated":true}]}}