{"id":1708,"date":"2026-05-21T12:31:34","date_gmt":"2026-05-21T12:31:34","guid":{"rendered":"https:\/\/turkiyemhaber.com\/?p=1708"},"modified":"2026-05-21T13:54:12","modified_gmt":"2026-05-21T13:54:12","slug":"hayat-112-acil-devreye-girdi-polis-ambulans-itfaiye-artik-tek-tik-mesafede","status":"publish","type":"post","link":"https:\/\/turkiyemhaber.com\/?p=1708","title":{"rendered":"&#8220;Hayat 112 Acil&#8221; devreye girdi! Polis, ambulans, itfaiye art\u0131k tek t\u0131k mesafede"},"content":{"rendered":"\n<p class=\"wp-block-paragraph\">\u0130\u00e7i\u015fleri Bakanl\u0131\u011f\u0131, polis, ambulans, itfaiye ve AFAD hizmetlerini tek \u00e7at\u0131 alt\u0131nda toplayan \u201cHAYAT 112 AC\u0130L\u201d mobil uygulamas\u0131n\u0131 kullan\u0131ma sundu. KADES, okul acil \u00e7a\u011fr\u0131lar\u0131, depremde \u201cenkaz alt\u0131nday\u0131m\u201d bildirimi ve \u201cg\u00fcvendeyim\u201d mesaj\u0131 gibi bir\u00e7ok kritik \u00f6zellik art\u0131k tek uygulamada bir araya geldi. Bakan Mustafa \u00c7ift\u00e7i, uygulaman\u0131n e-Devlet ile g\u00fcvenli giri\u015f sistemiyle \u00e7al\u0131\u015faca\u011f\u0131n\u0131 a\u00e7\u0131klad\u0131.<\/p>\n\n\n\n<p class=\"wp-block-paragraph\"><a href=\"https:\/\/www.sondakika.com\/icisleri-bakanligi\/\">\u0130\u00e7i\u015fleri Bakanl\u0131\u011f\u0131<\/a>, acil yard\u0131m hatt\u0131 112\u2019ye cep telefonlar\u0131ndan ula\u015f\u0131labilmesi i\u00e7in \u201cHAYAT 112 AC\u0130L\u201d mobil uygulamas\u0131n\u0131 hayata ge\u00e7irdi. Bug\u00fcn ba\u015flayan uygulaman\u0131n detaylar\u0131n\u0131 \u0130\u00e7i\u015fleri Bakan\u0131&nbsp;<a href=\"https:\/\/www.sondakika.com\/mustafa-ciftci\/\">Mustafa \u00c7ift\u00e7i<\/a>&nbsp;anlatt\u0131. Vatanda\u015f art\u0131k acil yard\u0131m \u00e7a\u011fr\u0131lar\u0131n\u0131 mobil telefonundan yapabilecek. \u0130lk yard\u0131m, trafik kazas\u0131, emniyet acil \u00e7a\u011fr\u0131lar\u0131n\u0131n yan\u0131 s\u0131ra, kad\u0131nlar\u0131n \u015fiddet durumunda kulland\u0131\u011f\u0131 KADES uygulamas\u0131 da ayn\u0131 uygulaman\u0131n i\u00e7ine dahil edildi. Deprem sonras\u0131 \u201cenkaz alt\u0131nday\u0131m\u201d \u00e7a\u011fr\u0131s\u0131 sisteme d\u00fc\u015fecek ya da \u201cg\u00fcvendeyim\u201d acil \u00e7a\u011fr\u0131s\u0131 da yine mobil uygulama \u00fczerinden, ki\u015finin daha \u00f6nce belirledi\u011fi yak\u0131nlar\u0131na iletilecek.<\/p>\n\n\n\n<p class=\"wp-block-paragraph\"><img alt=\"\">Polis, ambulans, itfaiye art\u0131k tek t\u0131k mesafede&#8221; src=&#8221;https:\/\/foto.sondakika.com\/haber\/2026\/05\/21\/hayat-112-acil-devreye-girdi-p-58696043-1812_1_m.jpg&#8221; &gt;<\/p>\n\n\n\n<h3 class=\"wp-block-heading\">112 \u00c7A\u011eRI MERKEZ\u0130 D\u0130J\u0130TAL ORTAMDA DA B\u0130RLE\u015eT\u0130R\u0130LD\u0130<\/h3>\n\n\n\n<p class=\"wp-block-paragraph\">\u0130\u00e7i\u015fleri Bakan\u0131 Mustafa \u00c7ift\u00e7i, medya kurulu\u015flar\u0131n\u0131n Ankara temsilcileriyle bir araya geldi. Haberler.com Ankara Temsilcisi \u015eerife G\u00fczel&#8217;in kat\u0131ld\u0131\u011f\u0131 toplant\u0131da Bakan \u00c7ift\u00e7i, bug\u00fcn hayata ge\u00e7irilen \u201cHAYAT 112 AC\u0130L\u201d uygulamas\u0131n\u0131n detaylar\u0131n\u0131 payla\u015ft\u0131. Buna g\u00f6re 112 \u00e7a\u011fr\u0131 merkezi alt\u0131nda tek bir \u00e7a\u011fr\u0131 merkeziyle birle\u015ftirilen polis, trafik, itfaiye ve acil yard\u0131m hatlar\u0131, dijital ortamda da birle\u015ftirildi.<\/p>\n\n\n\n<figure class=\"wp-block-image\"><img decoding=\"async\" src=\"https:\/\/foto.sondakika.com\/haber\/2026\/05\/21\/hayat-112-acil-devreye-girdi-p-78130817-5588_1_m.jpg\" alt=\"\"\/><\/figure>\n\n\n\n<h3 class=\"wp-block-heading\">KADES VE OKUL AC\u0130L \u00c7A\u011eRILARI DA CEPTE<\/h3>\n\n\n\n<p class=\"wp-block-paragraph\">Bakan \u00c7ift\u00e7i, kad\u0131nlar\u0131n \u015fiddet durumunda kullanmas\u0131 i\u00e7in geli\u015ftirilen KADES uygulamas\u0131n\u0131 da sisteme dahil ettiklerini belirtirken, Kahramanmara\u015f ve \u015eanl\u0131urfa okul sald\u0131r\u0131lar\u0131n\u0131n ard\u0131ndan Milli E\u011fitim Bakanl\u0131\u011f\u0131 ile ortak \u00e7al\u0131\u015fma sonucu, \u201cOkul acil\u201d hatt\u0131n\u0131 da mobil uygulamaya koyduklar\u0131n\u0131 s\u00f6yledi.<\/p>\n\n\n\n<p class=\"wp-block-paragraph\">\u00c7ift\u00e7i, \u201cB\u00fct\u00fcn \u00f6\u011fretmenlerin bilgileri MEB\u2019den al\u0131nd\u0131. \u00d6\u011fretmenler uygulamay\u0131 sadece okulda \u00e7al\u0131\u015ft\u0131\u011f\u0131 zamanlarda kullanabilecek. \u00d6\u011fretmen acil durumlarda, g\u00fcvenlik problemi oldu\u011funda uygulamay\u0131 kullanabiliyor. G\u00fcvenlik birimlerinin h\u0131zl\u0131ca intikalini sa\u011flayacak bir uygulama\u201d dedi.<\/p>\n\n\n\n<figure class=\"wp-block-image\"><img decoding=\"async\" src=\"https:\/\/foto.sondakika.com\/haber\/2026\/05\/21\/hayat-112-acil-devreye-girdi-p-43196443-8503_1_m.jpg\" alt=\"\"\/><\/figure>\n\n\n\n<h3 class=\"wp-block-heading\">\u201cUYGULAMAYA E-DEVLET \u0130LE G\u0130R\u0130LECEK\u201d<\/h3>\n\n\n\n<p class=\"wp-block-paragraph\">Bakan \u00c7ift\u00e7i, \u201cUygulama e-devlet bilgileriyle g\u00fcvenle kullan\u0131lacak. Bilgilerin dijital dilek\u00e7e olarak de\u011ferlendiriyoruz. O nedenle e-devlet ile girilmesi d\u00fc\u015f\u00fcn\u00fcld\u00fc\u201d diye konu\u015ftu.<\/p>\n\n\n\n<h3 class=\"wp-block-heading\">S\u0130STEM, KONUMU ALGILAYIP VATANDA\u015eA ULA\u015eACAK<\/h3>\n\n\n\n<p class=\"wp-block-paragraph\">Bakan \u00c7ift\u00e7i\u2019nin verdi\u011fi bilgiye g\u00f6re mobil uygulama ekran\u0131nda \u201cilk yard\u0131m\u201d b\u00f6l\u00fcm\u00fc olacak. Sistem, bulunulan yeri otomatik alg\u0131lay\u0131p vatanda\u015fa ula\u015fabilecek. Ayr\u0131ca vatanda\u015flar, foto\u011fraf ve k\u0131sa video \u00e7ekip sisteme g\u00f6nderebilecek.<\/p>\n\n\n\n<figure class=\"wp-block-image\"><img decoding=\"async\" src=\"https:\/\/foto.sondakika.com\/haber\/2026\/05\/21\/hayat-112-acil-devreye-girdi-p-39665517-5515_1_m.jpg\" alt=\"\"\/><\/figure>\n\n\n\n<h3 class=\"wp-block-heading\">BAKAN \u00c7\u0130FT\u00c7\u0130\u2019DEN \u201cASILSIZ \u0130HBARDA BULUNULMASIN\u201d R\u0130CASI<\/h3>\n\n\n\n<p class=\"wp-block-paragraph\">Bakan \u00c7ift\u00e7i, \u201cVatanda\u015flar\u0131m\u0131zdan istirham\u0131m. \u00c7ok say\u0131da as\u0131ls\u0131z ihbar al\u0131yoruz. Acil ihtiyac\u0131 olan vatanda\u015flar\u0131n haklar\u0131na girmesinler. Bunu bilin\u00e7li \u015fekilde kullans\u0131n\u201d dedi.<\/p>\n\n\n\n<h3 class=\"wp-block-heading\">KAVGA VE ASAY\u0130\u015e OLAYLARI DA B\u0130LD\u0130R\u0130LEB\u0130LECEK<\/h3>\n\n\n\n<p class=\"wp-block-paragraph\">Uygulamada kavga, h\u0131rs\u0131zl\u0131k gibi asayi\u015f olaylar\u0131 ve uyu\u015fturucu ile ilgili ihbar b\u00f6l\u00fcm\u00fc de olacak. Uyu\u015fturucu ihbar\u0131nda bulunan vatanda\u015flar\u0131n bilgileri gizli tutulacak.<\/p>\n\n\n\n<figure class=\"wp-block-image\"><img decoding=\"async\" src=\"https:\/\/foto.sondakika.com\/haber\/2026\/05\/21\/hayat-112-acil-devreye-girdi-p-74963242-8132_1_m.jpg\" alt=\"\"\/><\/figure>\n\n\n\n<p class=\"wp-block-paragraph\">Uygulamada ayr\u0131ca AFAD\u2019\u0131n deprem uygulamas\u0131 da yer alacak. Deprem an\u0131nda telefonlara y\u00fcklenmeden kaynakl\u0131 ileti\u015fim sorunu ya\u015fand\u0131\u011f\u0131 durumlarda kullan\u0131labilecek. Uygulamay\u0131 indirenler, 5 telefon numaras\u0131 bildirecek. Durumu iyi olan vatanda\u015flar\u0131n, \u201cg\u00fcvendeyim\u201d mesaj\u0131, bildirdi\u011fi yak\u0131nlar\u0131n\u0131n cep telefonlar\u0131na bildirim olarak iletilecek. D\u00fcd\u00fck uygulamas\u0131 ile de uygulama, arama kurtarma k\u00f6peklerinin alg\u0131layabilece\u011fi bir sinyali yayacak.<\/p>\n\n\n\n<p class=\"wp-block-paragraph\">Sahipsiz sokak hayvanlar\u0131yla ilgili ihbarlar da yine mobil uygulamadan yap\u0131labilecek. Bakan \u00c7ift\u00e7i, 81 ilde sokak hayvanlar\u0131n\u0131n y\u00fczde 81\u2019inin bar\u0131naklara al\u0131nd\u0131\u011f\u0131n\u0131 a\u00e7\u0131klad\u0131. \u201csahipsiz sokak hayvanlar\u0131n\u0131 51 il tamamen toplad\u0131. 9 b\u00fcy\u00fck\u015fehir tamamen toplad\u0131. Geriye kalan b\u00fcy\u00fck\u015fehirlerin 21\u2019inde s\u00fcre\u00e7 devam ediyor. Daha \u00f6nce 112 aranarak ihbarda bulunulabiliyordu, \u015fimdi uygulamay\u0131 kullanarak ihbarda bulunabilecek. Amac\u0131m\u0131z sokaklar\u0131m\u0131z\u0131 daha g\u00fcvenli hale getirmek\u201d dedi.<\/p>\n\n\n\n<figure class=\"wp-block-image\"><img decoding=\"async\" src=\"https:\/\/foto.sondakika.com\/haber\/2026\/05\/21\/hayat-112-acil-devreye-girdi-p-96653174-4767_1_m.jpg\" alt=\"\"\/><\/figure>\n\n\n\n<h3 class=\"wp-block-heading\">\u201cTEK TU\u015e\u201d \u0130LE HIZLI ER\u0130\u015e\u0130M<\/h3>\n\n\n\n<p class=\"wp-block-paragraph\">Trafik kazas\u0131, yang\u0131n ve cinsel sald\u0131r\u0131, darp, intihar gibi di\u011fer ihbarlar\u0131n yap\u0131labilece\u011fi uygulamada, mobil telefon kullan\u0131m\u0131nda zorluk ya\u015fayan vatanda\u015flar i\u00e7in \u201ctek tu\u015f\u201dla ihbar imkan\u0131 da getiriliyor. Uygulamay\u0131 kullanma imkan\u0131 olmayan vatanda\u015flar, ekran\u0131n alt k\u0131sm\u0131nda yer alan \u201cacil\u201d \u00e7a\u011fr\u0131 butonuna basarak derdini anlatabilecek.<\/p>\n\n\n\n<p class=\"wp-block-paragraph\">Uygulama ile ayn\u0131 zamanda yak\u0131nlardaki n\u00f6bet\u00e7i eczane ve hastaneler de \u00f6\u011frenilebilecek.<\/p>\n\n\n\n<h3 class=\"wp-block-heading\">BU UYGULAMA TUZAK KURMADI\u011eIMIZIN EN B\u00dcY\u00dcK TEM\u0130NATI<\/h3>\n\n\n\n<p class=\"wp-block-paragraph\">Trafikteki temel amac\u0131n ceza yazmak de\u011fil, can g\u00fcvenli\u011fini sa\u011flamak oldu\u011funu kaydeden Bakan \u00c7ift\u00e7i, Devletin vatanda\u015fa tuzak kurmad\u0131\u011f\u0131n\u0131 vurgulad\u0131. Portal i\u00e7erisinde radar noktalar\u0131n\u0131n yer almas\u0131 tuzak kurulmad\u0131\u011f\u0131n\u0131n en b\u00fcy\u00fck teminat\u0131 oldu\u011funu belirtti. Bakan \u00c7ift\u00e7i, \u2018\u2019Art\u0131k yola \u00e7\u0131kmadan rotan\u0131z\u0131 olu\u015fturdu\u011funuzda; g\u00fczerg\u00e2h\u0131n\u0131zdaki EDS&#8217;leri, sabit radarlar\u0131 ile h\u0131z koridorlar\u0131n\u0131 t\u00fcm \u015feffafl\u0131\u011f\u0131yla ekran\u0131n\u0131zda g\u00f6rebileceksiniz. G\u00fcvenlik gere\u011fi \u00e7evirme noktalar\u0131n\u0131n tam konumunu vermesek de yol boyunca toplam ka\u00e7 trafik kontrol\u00fcnden ge\u00e7ece\u011finizi sizlere en ba\u015f\u0131ndan bildiriyoruz. Buradaki tek gayemiz; sizleri kurallara uymaya te\u015fvik ederek kazalar\u0131 \u00f6nlemek ve her bir vatanda\u015f\u0131m\u0131z\u0131n sevdiklerine sa\u011f salim ula\u015fmas\u0131n\u0131 sa\u011flamakt\u0131r\u2019\u2019 a\u00e7\u0131klamas\u0131nda bulundu.<\/p>\n","protected":false},"excerpt":{"rendered":"<p>\u0130\u00e7i\u015fleri Bakanl\u0131\u011f\u0131, polis, ambulans, itfaiye ve AFAD hizmetlerini tek \u00e7at\u0131 alt\u0131nda toplayan \u201cHAYAT 112 AC\u0130L\u201d<\/p>\n","protected":false},"author":1,"featured_media":1752,"comment_status":"open","ping_status":"open","sticky":false,"template":"","format":"standard","meta":{"_rtcl_gb_attr":"","footnotes":""},"categories":[1],"tags":[],"class_list":["post-1708","post","type-post","status-publish","format-standard","has-post-thumbnail","hentry","category-http-turkiyemhaber-com-wp-content-uploads-2026-03-saray-59-haber-13-mart-pdf"],"_links":{"self":[{"href":"https:\/\/turkiyemhaber.com\/index.php?rest_route=\/wp\/v2\/posts\/1708","targetHints":{"allow":["GET"]}}],"collection":[{"href":"https:\/\/turkiyemhaber.com\/index.php?rest_route=\/wp\/v2\/posts"}],"about":[{"href":"https:\/\/turkiyemhaber.com\/index.php?rest_route=\/wp\/v2\/types\/post"}],"author":[{"embeddable":true,"href":"https:\/\/turkiyemhaber.com\/index.php?rest_route=\/wp\/v2\/users\/1"}],"replies":[{"embeddable":true,"href":"https:\/\/turkiyemhaber.com\/index.php?rest_route=%2Fwp%2Fv2%2Fcomments&post=1708"}],"version-history":[{"count":1,"href":"https:\/\/turkiyemhaber.com\/index.php?rest_route=\/wp\/v2\/posts\/1708\/revisions"}],"predecessor-version":[{"id":1710,"href":"https:\/\/turkiyemhaber.com\/index.php?rest_route=\/wp\/v2\/posts\/1708\/revisions\/1710"}],"wp:featuredmedia":[{"embeddable":true,"href":"https:\/\/turkiyemhaber.com\/index.php?rest_route=\/wp\/v2\/media\/1752"}],"wp:attachment":[{"href":"https:\/\/turkiyemhaber.com\/index.php?rest_route=%2Fwp%2Fv2%2Fmedia&parent=1708"}],"wp:term":[{"taxonomy":"category","embeddable":true,"href":"https:\/\/turkiyemhaber.com\/index.php?rest_route=%2Fwp%2Fv2%2Fcategories&post=1708"},{"taxonomy":"post_tag","embeddable":true,"href":"https:\/\/turkiyemhaber.com\/index.php?rest_route=%2Fwp%2Fv2%2Ftags&post=1708"}],"curies":[{"name":"wp","href":"https:\/\/api.w.org\/{rel}","templated":true}]}}