{"id":1705,"date":"2026-05-21T12:28:10","date_gmt":"2026-05-21T12:28:10","guid":{"rendered":"https:\/\/turkiyemhaber.com\/?p=1705"},"modified":"2026-05-21T12:28:14","modified_gmt":"2026-05-21T12:28:14","slug":"unlu-ekonomistten-uyari-bayram-oncesi-gram-altinda-deprem-olacak","status":"publish","type":"post","link":"https:\/\/turkiyemhaber.com\/?p=1705","title":{"rendered":"\u00dcnl\u00fc ekonomistten uyar\u0131: Bayram \u00f6ncesi gram alt\u0131nda deprem olacak"},"content":{"rendered":"\n<p class=\"wp-block-paragraph\">Prof. Dr. Murat Ferman, bayram \u00f6ncesi artan nakit ihtiyac\u0131n\u0131n alt\u0131n fiyatlar\u0131nda k\u0131sa vadeli bask\u0131 olu\u015fturabilece\u011fini belirterek gram alt\u0131nda 200-300 TL geri \u00e7ekilme ya\u015fanabilece\u011fini ifade etti. Ferman, buna ra\u011fmen alt\u0131n\u0131n orta ve uzun vadede y\u00fckseli\u015f e\u011filimini s\u00fcrd\u00fcrece\u011fini ifade etti.<\/p>\n\n\n\n<p class=\"wp-block-paragraph\">Alt\u0131n piyasas\u0131nda dalgal\u0131 seyir devam ederken, Prof. Dr. Murat Ferman\u2019dan dikkat \u00e7eken de\u011ferlendirmeler geldi. Ferman, bayram \u00f6ncesi artan nakit ihtiyac\u0131n\u0131n alt\u0131n fiyatlar\u0131 \u00fczerinde k\u0131sa vadeli bask\u0131 olu\u015fturabilece\u011fini belirterek gram alt\u0131nda 200-300 TL civar\u0131nda geri \u00e7ekilme ya\u015fanabilece\u011fini s\u00f6yledi.<\/p>\n\n\n\n<h3 class=\"wp-block-heading\">\u201cBAYRAM D\u00d6NEM\u0130NDE NAK\u0130T \u0130HT\u0130YACI ARTIYOR\u201d<\/h3>\n\n\n\n<p class=\"wp-block-paragraph\">Prof. Dr. Murat Ferman, uzat\u0131lm\u0131\u015f bayram tatillerinin ekonomik davran\u0131\u015flar\u0131 do\u011frudan etkiledi\u011fini ifade etti.&nbsp;Bayram d\u00f6nemlerinde vatanda\u015flar\u0131n nakde y\u00f6neldi\u011fini ve \u00f6zellikle Kurban Bayram\u0131 \u00f6ncesinde TL ihtiyac\u0131n\u0131n artt\u0131\u011f\u0131n\u0131 belirten Ferman, bunun alt\u0131n fiyatlar\u0131 \u00fczerinde k\u0131sa s\u00fcreli sat\u0131\u015f bask\u0131s\u0131 olu\u015fturabilece\u011fini s\u00f6yledi.<\/p>\n\n\n\n<h3 class=\"wp-block-heading\">\u201cGRAM ALTINDA 200-300 TL GER\u0130 \u00c7EK\u0130LME G\u00d6R\u00dcLEB\u0130L\u0130R\u201d<\/h3>\n\n\n\n<p class=\"wp-block-paragraph\">Alt\u0131n fiyatlar\u0131na ili\u015fkin de\u011ferlendirmelerde bulunan Ferman, bayram etkisiyle gram alt\u0131nda a\u015fa\u011f\u0131 y\u00f6nl\u00fc hareketlerin g\u00f6r\u00fclebilece\u011fini ifade etti.&nbsp;Ferman, \u201cGram alt\u0131nda 200-300 TL civar\u0131nda geri \u00e7ekilme g\u00f6r\u00fclebilir\u201d dedi.&nbsp;<\/p>\n\n\n\n<p class=\"wp-block-paragraph\">Son d\u00f6nemde gram alt\u0131n\u0131n 7 bin TL seviyelerinde kal\u0131c\u0131 olmakta zorland\u0131\u011f\u0131n\u0131 belirten Ferman, fiyat hareketlerinin arkas\u0131nda k\u00fcresel ekonomik geli\u015fmelerin bulundu\u011funu vurgulad\u0131.<\/p>\n\n\n\n<h3 class=\"wp-block-heading\">\u201cORTA VE UZUN VADEDE Y\u00dcKSEL\u0130\u015e DEVAM EDECEK\u201d<\/h3>\n\n\n\n<p class=\"wp-block-paragraph\">K\u0131sa vadeli dalgalanmalara ra\u011fmen alt\u0131n\u0131n orta ve uzun vadede y\u00fckseli\u015f e\u011filimini s\u00fcrd\u00fcrece\u011fini s\u00f6yleyen Ferman, alt\u0131n\u0131n ge\u00e7mi\u015fte yat\u0131r\u0131mc\u0131s\u0131na \u00f6nemli kazan\u00e7 sa\u011flad\u0131\u011f\u0131n\u0131 hat\u0131rlatt\u0131.&nbsp;Ferman, \u201cAlt\u0131nda y\u00f6n orta ve uzun vadede yukar\u0131d\u0131r\u201d ifadelerini kulland\u0131.<\/p>\n\n\n\n<h3 class=\"wp-block-heading\">FED VE DOLAR VURGUSU<\/h3>\n\n\n\n<p class=\"wp-block-paragraph\">Faiz politikalar\u0131n\u0131n alt\u0131n fiyatlar\u0131 \u00fczerinde belirleyici oldu\u011funa dikkat \u00e7eken Ferman, faiz art\u0131\u015flar\u0131n\u0131n alt\u0131n\u0131 bask\u0131lad\u0131\u011f\u0131n\u0131, faiz indirimi beklentilerinin ise alt\u0131na destek verdi\u011fini s\u00f6yledi.<\/p>\n\n\n\n<p class=\"wp-block-paragraph\">ABD Merkez Bankas\u0131\u2019n\u0131n faiz politikalar\u0131na ili\u015fkin de\u011ferlendirmelerde bulunan Ferman, FED tutanaklar\u0131nda faiz indirimlerinin ertelenebilece\u011fine y\u00f6nelik sinyaller bulundu\u011funu ifade etti.<\/p>\n\n\n\n<p class=\"wp-block-paragraph\">Dolar\u0131n g\u00fc\u00e7lenmesinin de alt\u0131n \u00fczerinde bask\u0131 olu\u015fturdu\u011funu belirtti.<\/p>\n\n\n\n<h3 class=\"wp-block-heading\">PETROL F\u0130YATLARI DA ETK\u0130L\u0130 OLUYOR<\/h3>\n\n\n\n<p class=\"wp-block-paragraph\">Alt\u0131n ile petrol fiyatlar\u0131 aras\u0131nda g\u00fc\u00e7l\u00fc ili\u015fki bulundu\u011funu belirten Ferman, petrol fiyatlar\u0131ndaki y\u00fckseli\u015fin alt\u0131n\u0131 bask\u0131lad\u0131\u011f\u0131n\u0131, d\u00fc\u015f\u00fc\u015flerin ise alt\u0131na alan a\u00e7t\u0131\u011f\u0131n\u0131 s\u00f6yledi.<\/p>\n\n\n\n<p class=\"wp-block-paragraph\">K\u00fcresel geli\u015fmelerin finansal piyasalar\u0131 do\u011frudan etkiledi\u011fini ifade eden Ferman, belirsizlik d\u00f6nemlerinde t\u00fcm varl\u0131k s\u0131n\u0131flar\u0131n\u0131n birbirine ba\u011fl\u0131 hareket etti\u011fini vurgulad\u0131.<\/p>\n\n\n\n<h3 class=\"wp-block-heading\">\u201cSTAGFLASYON R\u0130SK\u0130 ARTIYOR\u201d<\/h3>\n\n\n\n<p class=\"wp-block-paragraph\">D\u00fcnya ekonomisinde b\u00fcy\u00fcme beklentilerinin a\u015fa\u011f\u0131 y\u00f6nl\u00fc revize edildi\u011fini belirten Ferman, ayn\u0131 anda enflasyonun y\u00fckselmeye devam etti\u011fini s\u00f6yledi.<\/p>\n\n\n\n<p class=\"wp-block-paragraph\">Bu durumun \u201cstagflasyon\u201d riskini art\u0131rd\u0131\u011f\u0131na dikkat \u00e7eken Ferman, hem T\u00fcrkiye hem de k\u00fcresel ekonomi a\u00e7\u0131s\u0131ndan zorlu bir tablo olu\u015ftu\u011funu ifade etti.<\/p>\n\n\n\n<h3 class=\"wp-block-heading\">\u201cALTIN SPEK\u00dcLAT\u0130F DE\u011e\u0130L, DE\u011eER KORUMA ARACI\u201d<\/h3>\n\n\n\n<p class=\"wp-block-paragraph\">Alt\u0131n\u0131n k\u0131sa vadeli kazan\u00e7 arac\u0131 olarak g\u00f6r\u00fclmemesi gerekti\u011fini vurgulayan Ferman, yat\u0131r\u0131mc\u0131lar\u0131n ki\u015fisel ihtiya\u00e7 ve risk profiline g\u00f6re hareket etmesi gerekti\u011fini s\u00f6yledi.<\/p>\n\n\n\n<p class=\"wp-block-paragraph\">Ferman, alt\u0131n\u0131n t\u00fcketim de\u011fil, uzun vadeli de\u011fer koruma amac\u0131 ta\u015f\u0131yan bir yat\u0131r\u0131m arac\u0131 oldu\u011funu belirtti.<\/p>\n","protected":false},"excerpt":{"rendered":"<p>Prof. Dr. Murat Ferman, bayram \u00f6ncesi artan nakit ihtiyac\u0131n\u0131n alt\u0131n fiyatlar\u0131nda k\u0131sa vadeli bask\u0131 olu\u015fturabilece\u011fini<\/p>\n","protected":false},"author":1,"featured_media":1706,"comment_status":"open","ping_status":"open","sticky":false,"template":"","format":"standard","meta":{"_rtcl_gb_attr":"","footnotes":""},"categories":[14],"tags":[],"class_list":["post-1705","post","type-post","status-publish","format-standard","has-post-thumbnail","hentry","category-ekonomi"],"_links":{"self":[{"href":"https:\/\/turkiyemhaber.com\/index.php?rest_route=\/wp\/v2\/posts\/1705","targetHints":{"allow":["GET"]}}],"collection":[{"href":"https:\/\/turkiyemhaber.com\/index.php?rest_route=\/wp\/v2\/posts"}],"about":[{"href":"https:\/\/turkiyemhaber.com\/index.php?rest_route=\/wp\/v2\/types\/post"}],"author":[{"embeddable":true,"href":"https:\/\/turkiyemhaber.com\/index.php?rest_route=\/wp\/v2\/users\/1"}],"replies":[{"embeddable":true,"href":"https:\/\/turkiyemhaber.com\/index.php?rest_route=%2Fwp%2Fv2%2Fcomments&post=1705"}],"version-history":[{"count":1,"href":"https:\/\/turkiyemhaber.com\/index.php?rest_route=\/wp\/v2\/posts\/1705\/revisions"}],"predecessor-version":[{"id":1707,"href":"https:\/\/turkiyemhaber.com\/index.php?rest_route=\/wp\/v2\/posts\/1705\/revisions\/1707"}],"wp:featuredmedia":[{"embeddable":true,"href":"https:\/\/turkiyemhaber.com\/index.php?rest_route=\/wp\/v2\/media\/1706"}],"wp:attachment":[{"href":"https:\/\/turkiyemhaber.com\/index.php?rest_route=%2Fwp%2Fv2%2Fmedia&parent=1705"}],"wp:term":[{"taxonomy":"category","embeddable":true,"href":"https:\/\/turkiyemhaber.com\/index.php?rest_route=%2Fwp%2Fv2%2Fcategories&post=1705"},{"taxonomy":"post_tag","embeddable":true,"href":"https:\/\/turkiyemhaber.com\/index.php?rest_route=%2Fwp%2Fv2%2Ftags&post=1705"}],"curies":[{"name":"wp","href":"https:\/\/api.w.org\/{rel}","templated":true}]}}