{"id":1696,"date":"2026-05-21T12:18:09","date_gmt":"2026-05-21T12:18:09","guid":{"rendered":"https:\/\/turkiyemhaber.com\/?p=1696"},"modified":"2026-05-21T12:18:13","modified_gmt":"2026-05-21T12:18:13","slug":"dilek-imamoglundan-kilicdaroglunun-chpyi-sarsan-videosuna-yanit","status":"publish","type":"post","link":"https:\/\/turkiyemhaber.com\/?p=1696","title":{"rendered":"Dilek \u0130mamo\u011flu&#8217;ndan K\u0131l\u0131\u00e7daro\u011flu&#8217;nun CHP&#8217;yi sarsan videosuna yan\u0131t"},"content":{"rendered":"\n<p class=\"wp-block-paragraph\">CHP eski Genel Ba\u015fkan\u0131 Kemal K\u0131l\u0131\u00e7daro\u011flu\u2019nun yay\u0131mlad\u0131\u011f\u0131 videolu mesaj parti i\u00e7inde yeni tart\u0131\u015fmalar\u0131 beraberinde getirirken, dikkat \u00e7eken bir de\u011ferlendirme de Ekrem \u0130mamo\u011flu\u2019nun e\u015fi Dilek \u0130mamo\u011flu\u2019ndan geldi. \u0130mamo\u011flu, K\u0131l\u0131\u00e7daro\u011flu\u2019nun videosunu izlemedi\u011fini belirterek, \u201c\u0130\u00e7im el vermedi\u201d dedi.<\/p>\n\n\n\n<p class=\"wp-block-paragraph\">CHP\u2019de siyasi g\u00fcndem, Kemal K\u0131l\u0131\u00e7daro\u011flu\u2019nun sosyal medya hesab\u0131ndan payla\u015ft\u0131\u011f\u0131 videolu mesaj\u0131n ard\u0131ndan hareketlendi. K\u0131l\u0131\u00e7daro\u011flu mesaj\u0131nda parti i\u00e7inde \u201car\u0131nma\u201d \u00e7a\u011fr\u0131s\u0131 yaparken, a\u00e7\u0131klamalar\u0131 kamuoyunda geni\u015f yank\u0131 uyand\u0131rd\u0131.<\/p>\n\n\n\n<p class=\"wp-block-paragraph\">K\u0131l\u0131\u00e7daro\u011flu payla\u015f\u0131m\u0131nda, CHP\u2019nin gerekti\u011finde kendi i\u00e7inde hesapla\u015fabilece\u011fini belirterek, \u201cGerekti\u011finde ar\u0131nmas\u0131n\u0131 da bilir, i\u00e7 muhasebesini yapmas\u0131n\u0131 da. Ama yolundan asla d\u00f6nmez\u201d ifadelerini kullanm\u0131\u015ft\u0131.<\/p>\n\n\n\n<h3 class=\"wp-block-heading\">D\u0130LEK \u0130MAMO\u011eLU: \u0130\u00c7\u0130M EL VERMED\u0130<\/h3>\n\n\n\n<p class=\"wp-block-paragraph\">K\u0131l\u0131\u00e7daro\u011flu\u2019nun a\u00e7\u0131klamalar\u0131na ili\u015fkin konu\u015fan&nbsp;<a href=\"https:\/\/www.sondakika.com\/dilek-imamoglu\/\">Dilek \u0130mamo\u011flu<\/a>&nbsp;ise T24\u2019e yapt\u0131\u011f\u0131 de\u011ferlendirmede dikkat \u00e7eken ifadeler kulland\u0131.<\/p>\n\n\n\n<p class=\"wp-block-paragraph\">\u0130mamo\u011flu, \u201cK\u0131l\u0131\u00e7daro\u011flu\u2019nun videosunu izleyemedim, i\u00e7im el vermedi\u201d dedi.<\/p>\n\n\n\n<h3 class=\"wp-block-heading\">KILI\u00c7DARO\u011eLU\u2019NUN &#8220;ARINMA&#8221; MESAJI<\/h3>\n\n\n\n<p class=\"wp-block-paragraph\">Uzun s\u00fcredir hakk\u0131ndaki iddialarla ilgili do\u011frudan a\u00e7\u0131klama yapmayan Kemal K\u0131l\u0131\u00e7daro\u011flu, d\u00fcn sosyal medya hesab\u0131ndan yay\u0131mlad\u0131\u011f\u0131 videoda parti y\u00f6netimine y\u00f6nelik ele\u015ftirilerde bulundu.<\/p>\n\n\n\n<p class=\"wp-block-paragraph\">CHP\u2019li belediyelere y\u00f6nelik operasyonlara da de\u011finen K\u0131l\u0131\u00e7daro\u011flu, parti i\u00e7inde \u201car\u0131nma\u201d \u00e7a\u011fr\u0131s\u0131 yapt\u0131.<\/p>\n\n\n\n<p class=\"wp-block-paragraph\">K\u0131l\u0131\u00e7daro\u011flu a\u00e7\u0131klamas\u0131nda, siyasetin temiz kalmas\u0131 gerekti\u011fini vurgulayarak CHP\u2019nin tarihsel misyonuna dikkat \u00e7ekti. Partinin \u201ckutsal bir emanet\u201d oldu\u011funu ifade eden K\u0131l\u0131\u00e7daro\u011flu, \u201cEmanet kirletilemez, emanete kara \u00e7al\u0131namaz\u201d s\u00f6zleriyle dikkat \u00e7ekti.<\/p>\n\n\n\n<p class=\"wp-block-paragraph\">K\u0131l\u0131\u00e7daro\u011flu, payla\u015ft\u0131\u011f\u0131 videoda \u015fu ifadeleri kullanm\u0131\u015ft\u0131:<\/p>\n\n\n\n<p class=\"wp-block-paragraph\">&#8220;De\u011ferli dostlar\u0131m, cesur yol ve dava arkada\u015flar\u0131m ve bu g\u00fczel \u00fclkenin vicdan sahibi asil yurtta\u015flar\u0131\u2026<\/p>\n\n\n\n<p class=\"wp-block-paragraph\">Bir milletin gelece\u011fi siyasetin akl\u0131yla, vicdan\u0131yla ve ahlak\u0131yla \u015fekillenir. Milletin helal sofralar\u0131 temiz siyasetle bereketlenir. \u00c7\u00fcnk\u00fc kirlenen siyaset \u00f6nce vicdan\u0131 \u00e7\u00fcr\u00fct\u00fcr sonra ahlak\u0131 yok eder ve en sonunda da g\u00f6z\u00fcn\u00fc milletin ekme\u011fine diker.<\/p>\n\n\n\n<p class=\"wp-block-paragraph\">\u0130\u015fte bu y\u00fczden siyaseti temiz tutmak ve milletin sofras\u0131na bereketi ta\u015f\u0131mak, bu \u00fclkede siyaset yapan herkesin namus borcudur. Dostlar\u0131m, bu a\u011f\u0131r sorumluluk herkesten \u00f6nce ve herkesten daha fazla Cumhuriyet Halk Partililerinin g\u00f6revidir.<\/p>\n\n\n\n<p class=\"wp-block-paragraph\">\u0130kincisi, koca bir \u00e7\u0131nard\u0131r Cumhuriyet Halk Partisi! Bu milletin yokluk i\u00e7inden aya\u011fa kalkma iradesidir. Darbeler g\u00f6rm\u00fc\u015ft\u00fcr, boyun e\u011fmemi\u015ftir. Kapat\u0131lm\u0131\u015ft\u0131r, teslim olmam\u0131\u015ft\u0131r. Bask\u0131lar ya\u015fanm\u0131\u015ft\u0131r ama asla diz \u00e7\u00f6kmemi\u015ftir, teslim al\u0131namam\u0131\u015ft\u0131r. Dostlar\u0131m, Cumhuriyet Halk Partisi kurucusu b\u00fcy\u00fck \u00f6nder Gazi Mustafa Kemal Atat\u00fcrk olan ve milletimizin istiklal iradesinin \u00fczerinde tecelli etti\u011fi bir ruhtur. Ruhaniyete ihanet olmaz. Cumhuriyet Halk Partisi bize b\u0131rak\u0131lm\u0131\u015f bir miras de\u011fildir. Partimiz bizlere kutsal bir emanettir. Emanet kirletilemez, emanete kara \u00e7al\u0131namaz.&#8221;<\/p>\n","protected":false},"excerpt":{"rendered":"<p>CHP eski Genel Ba\u015fkan\u0131 Kemal K\u0131l\u0131\u00e7daro\u011flu\u2019nun yay\u0131mlad\u0131\u011f\u0131 videolu mesaj parti i\u00e7inde yeni tart\u0131\u015fmalar\u0131 beraberinde getirirken,<\/p>\n","protected":false},"author":1,"featured_media":1697,"comment_status":"open","ping_status":"open","sticky":false,"template":"","format":"standard","meta":{"_rtcl_gb_attr":"","footnotes":""},"categories":[1],"tags":[],"class_list":["post-1696","post","type-post","status-publish","format-standard","has-post-thumbnail","hentry","category-http-turkiyemhaber-com-wp-content-uploads-2026-03-saray-59-haber-13-mart-pdf"],"_links":{"self":[{"href":"https:\/\/turkiyemhaber.com\/index.php?rest_route=\/wp\/v2\/posts\/1696","targetHints":{"allow":["GET"]}}],"collection":[{"href":"https:\/\/turkiyemhaber.com\/index.php?rest_route=\/wp\/v2\/posts"}],"about":[{"href":"https:\/\/turkiyemhaber.com\/index.php?rest_route=\/wp\/v2\/types\/post"}],"author":[{"embeddable":true,"href":"https:\/\/turkiyemhaber.com\/index.php?rest_route=\/wp\/v2\/users\/1"}],"replies":[{"embeddable":true,"href":"https:\/\/turkiyemhaber.com\/index.php?rest_route=%2Fwp%2Fv2%2Fcomments&post=1696"}],"version-history":[{"count":1,"href":"https:\/\/turkiyemhaber.com\/index.php?rest_route=\/wp\/v2\/posts\/1696\/revisions"}],"predecessor-version":[{"id":1698,"href":"https:\/\/turkiyemhaber.com\/index.php?rest_route=\/wp\/v2\/posts\/1696\/revisions\/1698"}],"wp:featuredmedia":[{"embeddable":true,"href":"https:\/\/turkiyemhaber.com\/index.php?rest_route=\/wp\/v2\/media\/1697"}],"wp:attachment":[{"href":"https:\/\/turkiyemhaber.com\/index.php?rest_route=%2Fwp%2Fv2%2Fmedia&parent=1696"}],"wp:term":[{"taxonomy":"category","embeddable":true,"href":"https:\/\/turkiyemhaber.com\/index.php?rest_route=%2Fwp%2Fv2%2Fcategories&post=1696"},{"taxonomy":"post_tag","embeddable":true,"href":"https:\/\/turkiyemhaber.com\/index.php?rest_route=%2Fwp%2Fv2%2Ftags&post=1696"}],"curies":[{"name":"wp","href":"https:\/\/api.w.org\/{rel}","templated":true}]}}