{"id":1310,"date":"2026-05-17T09:21:46","date_gmt":"2026-05-17T09:21:46","guid":{"rendered":"https:\/\/turkiyemhaber.com\/?p=1310"},"modified":"2026-05-17T09:21:50","modified_gmt":"2026-05-17T09:21:50","slug":"izmirde-moloz-ve-copler-tepkiye-neden-oldu","status":"publish","type":"post","link":"https:\/\/turkiyemhaber.com\/?p=1310","title":{"rendered":"\u0130zmir&#8217;de Moloz ve \u00c7\u00f6pler Tepkiye Neden Oldu"},"content":{"rendered":"\n<p class=\"wp-block-paragraph\">Konak&#8217;taki bo\u015f alana d\u00f6k\u00fclen molozlar, \u00e7evre sakinlerini rahats\u0131z ederek kirlilik tepkilerine yol a\u00e7t\u0131.<\/p>\n\n\n\n<p class=\"wp-block-paragraph\">\u0130zmir&#8217;in Konak il\u00e7esindeki bo\u015f alana d\u00f6k\u00fclen moloz ve \u00e7\u00f6pler, \u00e7evrede ya\u015fayanlar\u0131n tepkisine neden oldu.<\/p>\n\n\n\n<p class=\"wp-block-paragraph\">E\u015frefpa\u015fa Mahallesi Hac\u0131 Ali Efendi Caddesi&#8217;ndeki bo\u015f alanda patika yolun bir b\u00f6l\u00fcm\u00fc \u00e7\u00f6pler ve moloz y\u0131\u011f\u0131n\u0131yla kapland\u0131.<\/p>\n\n\n\n<p class=\"wp-block-paragraph\">\u0130zmir K\u00f6rfezi&#8217;nin ku\u015f bak\u0131\u015f\u0131yla g\u00f6r\u00fclebildi\u011fi b\u00f6lgedeki at\u0131klar k\u00f6t\u00fc koku olu\u015fturdu.<\/p>\n\n\n\n<p class=\"wp-block-paragraph\">B\u00f6lge sakinlerinden \u015eehmuz Tak\u0131lmaz, AA muhabirine alana moloz ve \u00e7\u00f6p d\u00f6k\u00fclmesinden rahats\u0131z olduklar\u0131n\u0131 s\u00f6yledi.<\/p>\n\n\n\n<p class=\"wp-block-paragraph\">Kirlili\u011fi kabul etmediklerini ifade eden Tak\u0131lmaz, &#8220;\u0130nsan ya\u015f\u0131yor burada. Bu at\u0131klar\u0131 kim kabul eder. Yetkililer, buray\u0131 temizlesin. Levha koyarak \u00f6nlem als\u0131n.&#8221; dedi.<\/p>\n\n\n\n<p class=\"wp-block-paragraph\">Tak\u0131lmaz, alan\u0131n \u0130zmir manzaral\u0131 olmas\u0131 nedeniyle turist de \u00e7ekti\u011fini ifade ederek, moloz ve \u00e7\u00f6plerin alana yak\u0131\u015fmad\u0131\u011f\u0131n\u0131 belirtti.<\/p>\n","protected":false},"excerpt":{"rendered":"<p>Konak&#8217;taki bo\u015f alana d\u00f6k\u00fclen molozlar, \u00e7evre sakinlerini rahats\u0131z ederek kirlilik tepkilerine yol a\u00e7t\u0131. \u0130zmir&#8217;in Konak<\/p>\n","protected":false},"author":1,"featured_media":1311,"comment_status":"open","ping_status":"open","sticky":false,"template":"","format":"standard","meta":{"_rtcl_gb_attr":"","footnotes":""},"categories":[1],"tags":[],"class_list":["post-1310","post","type-post","status-publish","format-standard","has-post-thumbnail","hentry","category-http-turkiyemhaber-com-wp-content-uploads-2026-03-saray-59-haber-13-mart-pdf"],"_links":{"self":[{"href":"https:\/\/turkiyemhaber.com\/index.php?rest_route=\/wp\/v2\/posts\/1310","targetHints":{"allow":["GET"]}}],"collection":[{"href":"https:\/\/turkiyemhaber.com\/index.php?rest_route=\/wp\/v2\/posts"}],"about":[{"href":"https:\/\/turkiyemhaber.com\/index.php?rest_route=\/wp\/v2\/types\/post"}],"author":[{"embeddable":true,"href":"https:\/\/turkiyemhaber.com\/index.php?rest_route=\/wp\/v2\/users\/1"}],"replies":[{"embeddable":true,"href":"https:\/\/turkiyemhaber.com\/index.php?rest_route=%2Fwp%2Fv2%2Fcomments&post=1310"}],"version-history":[{"count":1,"href":"https:\/\/turkiyemhaber.com\/index.php?rest_route=\/wp\/v2\/posts\/1310\/revisions"}],"predecessor-version":[{"id":1312,"href":"https:\/\/turkiyemhaber.com\/index.php?rest_route=\/wp\/v2\/posts\/1310\/revisions\/1312"}],"wp:featuredmedia":[{"embeddable":true,"href":"https:\/\/turkiyemhaber.com\/index.php?rest_route=\/wp\/v2\/media\/1311"}],"wp:attachment":[{"href":"https:\/\/turkiyemhaber.com\/index.php?rest_route=%2Fwp%2Fv2%2Fmedia&parent=1310"}],"wp:term":[{"taxonomy":"category","embeddable":true,"href":"https:\/\/turkiyemhaber.com\/index.php?rest_route=%2Fwp%2Fv2%2Fcategories&post=1310"},{"taxonomy":"post_tag","embeddable":true,"href":"https:\/\/turkiyemhaber.com\/index.php?rest_route=%2Fwp%2Fv2%2Ftags&post=1310"}],"curies":[{"name":"wp","href":"https:\/\/api.w.org\/{rel}","templated":true}]}}