{"id":1307,"date":"2026-05-17T09:19:53","date_gmt":"2026-05-17T09:19:53","guid":{"rendered":"https:\/\/turkiyemhaber.com\/?p=1307"},"modified":"2026-05-17T09:19:58","modified_gmt":"2026-05-17T09:19:58","slug":"cermikteki-selaleler-ziyaretcilerini-bekliyor","status":"publish","type":"post","link":"https:\/\/turkiyemhaber.com\/?p=1307","title":{"rendered":"\u00c7ermik&#8217;teki \u015eelaleler Ziyaret\u00e7ilerini Bekliyor"},"content":{"rendered":"\n<p class=\"wp-block-paragraph\">Ya\u011f\u0131\u015flarla debisi artan \u015eeyhandede ve Yabanard\u0131 \u015felaleleri, do\u011fa tutkunlar\u0131na g\u00fczellik sunuyor.<\/p>\n\n\n\n<p class=\"wp-block-paragraph\">Diyarbak\u0131r&#8217;\u0131n \u00c7ermik il\u00e7esinde etkili olan ya\u011f\u0131\u015flarla debisi artan \u015eeyhandede ve Yabanard\u0131 \u015felaleleri, do\u011fa tutkunlar\u0131n\u0131 bekliyor.<\/p>\n\n\n\n<p class=\"wp-block-paragraph\">\u015eeyhandede ve Yabanard\u0131 \u015felaleleri, kapl\u0131calar\u0131, kaya t\u0131rman\u0131\u015f\u0131 ve rafting tutkunlar\u0131n\u0131n yeni rotas\u0131 Sinek \u00c7ay\u0131 ve Kanyonu, efsanelere konu olan ve peribacalar\u0131n\u0131 and\u0131ran Gelincik Da\u011f\u0131 ile \u00f6ne \u00e7\u0131kan \u00c7ermik il\u00e7esini y\u0131l\u0131n her mevsimi yerli ve yabanc\u0131 turistler ziyaret ediyor.<\/p>\n\n\n\n<p class=\"wp-block-paragraph\">Son y\u0131llarda iklim de\u011fi\u015fikli\u011fi, ya\u011f\u0131\u015f azl\u0131\u011f\u0131 ve buharla\u015fmadan etkilenen \u015eeyhandede ve Yabanard\u0131 \u015felalelerinin debisi \u00f6nceki y\u0131llarda azald\u0131. K\u0131\u015f aylar\u0131nda kar, mart, nisan ve may\u0131sta etkili olan ya\u011fmur, \u015felalelerin yan\u0131 s\u0131ra Sinek \u00c7ay\u0131&#8217;na adeta can suyu oldu.<\/p>\n\n\n\n<p class=\"wp-block-paragraph\">\u015eelaleler, ilkbaharda g\u00fczel manzaralar sunuyor.<\/p>\n\n\n\n<p class=\"wp-block-paragraph\">Diyarbak\u0131r&#8217;\u0131n \u00f6nemli turizm destinasyonu olan \u00c7ermik il\u00e7esinde i\u015fletmeler ziyaret\u00e7ilere hizmet vermek i\u00e7in haz\u0131rl\u0131klar\u0131n\u0131 s\u00fcrd\u00fcr\u00fcrken, do\u011fa turizminde hareketlili\u011fin esnaf\u0131n y\u00fcz\u00fcn\u00fc g\u00fcld\u00fcrmesi bekleniyor.<\/p>\n\n\n\n<p class=\"wp-block-paragraph\">&#8220;Debileri \u00e7ok y\u00fckseldi&#8221;<\/p>\n\n\n\n<p class=\"wp-block-paragraph\">\u00c7ermik Kaymakam\u0131 Adem Karata\u015f, AA muhabirine, \u00c7ermik&#8217;in \u015felaleleri, do\u011fas\u0131 ve kapl\u0131calar\u0131yla b\u00f6lgenin \u00f6nemli turizm rotalar\u0131ndan oldu\u011funu s\u00f6yledi.<\/p>\n\n\n\n<p class=\"wp-block-paragraph\">Son y\u0131llarda ya\u015fanan ya\u011f\u0131\u015f azl\u0131\u011f\u0131 ve kurakl\u0131\u011f\u0131n etkisinin hayat\u0131n her alan\u0131nda oldu\u011fu gibi turizme de yans\u0131d\u0131\u011f\u0131n\u0131 belirten Karata\u015f, &#8220;Hamdolsun bu y\u0131l son y\u0131llarda g\u00f6r\u00fclmemi\u015f bir kar ya\u011f\u0131\u015f\u0131 ald\u0131k. Ard\u0131ndan ya\u011fmurlar devam etti ve bereketli nisan ya\u011fmurlar\u0131m\u0131z\u0131 ald\u0131k. Bu manada do\u011fam\u0131z e\u015fsiz bir g\u00fczelli\u011fe sahip oldu. Akmayan \u015felalelerimiz de canland\u0131. Akanlar\u0131n da debileri \u00e7ok y\u00fckseldi.&#8221; dedi.<\/p>\n\n\n\n<p class=\"wp-block-paragraph\">Ya\u011f\u0131\u015flar\u0131n turizme yans\u0131mas\u0131n\u0131 da de\u011ferlendiren Karata\u015f, \u015funlar\u0131 kaydetti:<\/p>\n\n\n\n<p class=\"wp-block-paragraph\">&#8220;Her y\u0131l misafir a\u011f\u0131rlayan il\u00e7elerden biriyiz. \u00c7ermik, b\u00f6lgemizde turizm destinasyonlar\u0131ndan biri. Bu ya\u011f\u0131\u015flarla beraber suyun artmas\u0131, akmayan \u015felalelerimizin akmaya ba\u015flamas\u0131 bir\u00e7ok rotada elimizi g\u00fc\u00e7lendirdi. Bu manada daha \u00e7ok turist bekliyoruz. \u0130n\u015fallah g\u00fczel ve verimli olaca\u011f\u0131n\u0131 d\u00fc\u015f\u00fcn\u00fcyoruz.&#8221;<\/p>\n\n\n\n<p class=\"wp-block-paragraph\">\u00c7ermik Belediye Ba\u015fkan\u0131 \u015eehmus Karamehmeto\u011flu da mevsimsel ya\u011f\u0131\u015flarla \u015felalelerin ak\u0131\u015f\u0131n\u0131n de\u011fi\u015fti\u011fini dile getirdi.<\/p>\n\n\n\n<p class=\"wp-block-paragraph\">Ge\u00e7en y\u0131la g\u00f6re daha fazla turist beklediklerini belirten Karamehmeto\u011flu, &#8220;\u015eelalelerimiz \u00e7ok g\u00fczel, Sinek \u00c7ay\u0131m\u0131z m\u00fckemmel. Ge\u00e7en y\u0131l \u015felaleler, Sinek \u00c7ay\u0131 ve kapl\u0131calarda 500 bin misafir a\u011f\u0131rlad\u0131k. Bu sene 600 bin misafir bekliyoruz. \u0130nan\u0131yorum ki sadece \u015felaleleri 50 bin ki\u015fi ziyaret etse bu 200 bin ki\u015fi olacak.&#8221; diye konu\u015ftu.<\/p>\n\n\n\n<p class=\"wp-block-paragraph\">Karamehmeto\u011flu, il\u00e7enin turizm potansiyelinin ve altyap\u0131s\u0131n\u0131n g\u00fc\u00e7lendirilmesi i\u00e7in de ilgili bakanl\u0131klarla bir\u00e7ok projeyi hayata ge\u00e7irmek i\u00e7in \u00e7al\u0131\u015fma y\u00fcr\u00fctt\u00fcklerini s\u00f6zlerine ekledi.<\/p>\n\n\n\n<p class=\"wp-block-paragraph\">\u0130l\u00e7ede esnafl\u0131k yapan Cuma \u00c7ift\u00e7i ise bu y\u0131l bereketli ya\u011f\u0131\u015flarla yo\u011fun bir sezon beklediklerini s\u00f6yledi.<\/p>\n\n\n\n<p class=\"wp-block-paragraph\"><a href=\"https:\/\/www.sondakika.com\/turizm\/\">Turizm<\/a>&nbsp;sezonunun da erken a\u00e7\u0131laca\u011f\u0131n\u0131 dile getiren \u00c7ift\u00e7i, &#8220;\u0130l\u00e7emizde yo\u011fun bir kalabal\u0131k var. Gurbet\u00e7ilerimiz de gelmeye ba\u015flad\u0131.&#8221; dedi.<\/p>\n\n\n\n<p class=\"wp-block-paragraph\">\u015eanl\u0131urfa&#8217;dan ailesiyle \u015felaleleri g\u00f6rmeye gelen Osman Aker, bu y\u0131l \u015felalenin yo\u011fun ya\u011f\u0131\u015fla \u00e7ok g\u00fczel akt\u0131\u011f\u0131n\u0131 belirtti.<\/p>\n","protected":false},"excerpt":{"rendered":"<p>Ya\u011f\u0131\u015flarla debisi artan \u015eeyhandede ve Yabanard\u0131 \u015felaleleri, do\u011fa tutkunlar\u0131na g\u00fczellik sunuyor. Diyarbak\u0131r&#8217;\u0131n \u00c7ermik il\u00e7esinde etkili<\/p>\n","protected":false},"author":1,"featured_media":1308,"comment_status":"open","ping_status":"open","sticky":false,"template":"","format":"standard","meta":{"_rtcl_gb_attr":"","footnotes":""},"categories":[7],"tags":[],"class_list":["post-1307","post","type-post","status-publish","format-standard","has-post-thumbnail","hentry","category-gundem"],"_links":{"self":[{"href":"https:\/\/turkiyemhaber.com\/index.php?rest_route=\/wp\/v2\/posts\/1307","targetHints":{"allow":["GET"]}}],"collection":[{"href":"https:\/\/turkiyemhaber.com\/index.php?rest_route=\/wp\/v2\/posts"}],"about":[{"href":"https:\/\/turkiyemhaber.com\/index.php?rest_route=\/wp\/v2\/types\/post"}],"author":[{"embeddable":true,"href":"https:\/\/turkiyemhaber.com\/index.php?rest_route=\/wp\/v2\/users\/1"}],"replies":[{"embeddable":true,"href":"https:\/\/turkiyemhaber.com\/index.php?rest_route=%2Fwp%2Fv2%2Fcomments&post=1307"}],"version-history":[{"count":1,"href":"https:\/\/turkiyemhaber.com\/index.php?rest_route=\/wp\/v2\/posts\/1307\/revisions"}],"predecessor-version":[{"id":1309,"href":"https:\/\/turkiyemhaber.com\/index.php?rest_route=\/wp\/v2\/posts\/1307\/revisions\/1309"}],"wp:featuredmedia":[{"embeddable":true,"href":"https:\/\/turkiyemhaber.com\/index.php?rest_route=\/wp\/v2\/media\/1308"}],"wp:attachment":[{"href":"https:\/\/turkiyemhaber.com\/index.php?rest_route=%2Fwp%2Fv2%2Fmedia&parent=1307"}],"wp:term":[{"taxonomy":"category","embeddable":true,"href":"https:\/\/turkiyemhaber.com\/index.php?rest_route=%2Fwp%2Fv2%2Fcategories&post=1307"},{"taxonomy":"post_tag","embeddable":true,"href":"https:\/\/turkiyemhaber.com\/index.php?rest_route=%2Fwp%2Fv2%2Ftags&post=1307"}],"curies":[{"name":"wp","href":"https:\/\/api.w.org\/{rel}","templated":true}]}}