{"id":1304,"date":"2026-05-17T09:18:08","date_gmt":"2026-05-17T09:18:08","guid":{"rendered":"https:\/\/turkiyemhaber.com\/?p=1304"},"modified":"2026-05-17T09:18:12","modified_gmt":"2026-05-17T09:18:12","slug":"yagiz-deniz-robot-olimpiyatlarinda-birinci-oldu","status":"publish","type":"post","link":"https:\/\/turkiyemhaber.com\/?p=1304","title":{"rendered":"Ya\u011f\u0131z Deniz, Robot Olimpiyatlar\u0131&#8217;nda Birinci Oldu"},"content":{"rendered":"\n<p class=\"wp-block-paragraph\">Nall\u0131hanl\u0131 \u00f6\u011frenci Ya\u011f\u0131z Deniz, \u0130T\u00dcRO&#8217;26&#8217;da Mini Sumo kategorisinde birinci, d\u00f6rd\u00fcnc\u00fc oldu.<\/p>\n\n\n\n<p class=\"wp-block-paragraph\">Ankara&#8217;n\u0131n Nall\u0131han il\u00e7esinde \u00c7ay\u0131rhan Anadolu Lisesi 12. s\u0131n\u0131f \u00f6\u011frencisi Ya\u011f\u0131z Deniz, \u0130stanbul Teknik \u00dcniversitesince d\u00fczenlenen \u0130T\u00dcRO&#8217;26 Robot Olimpiyatlar\u0131&#8217;nda birincilik elde etti.<\/p>\n\n\n\n<p class=\"wp-block-paragraph\">Tasarlad\u0131\u011f\u0131 robot ile yar\u0131\u015fmaya kat\u0131lan Deniz, &#8220;Mini Sumo&#8221; kategorisinde birinci, farkl\u0131 bir kategoride ise d\u00f6rd\u00fcnc\u00fc oldu.<\/p>\n\n\n\n<p class=\"wp-block-paragraph\">\u0130l\u00e7e Milli&nbsp;<a href=\"https:\/\/www.sondakika.com\/egitim\/\">E\u011fitim<\/a>&nbsp;M\u00fcd\u00fcr\u00fc Ay\u015fe Tetik, yapt\u0131\u011f\u0131 a\u00e7\u0131klamada, Deniz&#8217;in teknoloji ve robotik alan\u0131ndaki ba\u015far\u0131s\u0131yla il\u00e7eyi gururland\u0131rd\u0131\u011f\u0131n\u0131 s\u00f6yledi.<\/p>\n\n\n\n<p class=\"wp-block-paragraph\">\u00d6\u011frencinin k\u0131sa bir s\u00fcre \u00f6nce Antalya&#8217;da d\u00fczenlenen \u015fampiyonada &#8220;Mikro Sumo&#8221; kategorisinde birinci oldu\u011funu hat\u0131rlatan Tetik, &#8220;Yar\u0131\u015fmalarda g\u00f6stermi\u015f oldu\u011fu azim, emek ve \u00fcst\u00fcn ba\u015far\u0131s\u0131ndan dolay\u0131 tebrik ediyor, Kas\u0131m ay\u0131nda \u00fclkemizi G\u00fcney Kore&#8217;de temsil edece\u011fi yar\u0131\u015fmada derece alaca\u011f\u0131na inan\u0131yorum.&#8221; dedi.<\/p>\n","protected":false},"excerpt":{"rendered":"<p>Nall\u0131hanl\u0131 \u00f6\u011frenci Ya\u011f\u0131z Deniz, \u0130T\u00dcRO&#8217;26&#8217;da Mini Sumo kategorisinde birinci, d\u00f6rd\u00fcnc\u00fc oldu. Ankara&#8217;n\u0131n Nall\u0131han il\u00e7esinde \u00c7ay\u0131rhan<\/p>\n","protected":false},"author":1,"featured_media":1305,"comment_status":"open","ping_status":"open","sticky":false,"template":"","format":"standard","meta":{"_rtcl_gb_attr":"","footnotes":""},"categories":[1],"tags":[],"class_list":["post-1304","post","type-post","status-publish","format-standard","has-post-thumbnail","hentry","category-http-turkiyemhaber-com-wp-content-uploads-2026-03-saray-59-haber-13-mart-pdf"],"_links":{"self":[{"href":"https:\/\/turkiyemhaber.com\/index.php?rest_route=\/wp\/v2\/posts\/1304","targetHints":{"allow":["GET"]}}],"collection":[{"href":"https:\/\/turkiyemhaber.com\/index.php?rest_route=\/wp\/v2\/posts"}],"about":[{"href":"https:\/\/turkiyemhaber.com\/index.php?rest_route=\/wp\/v2\/types\/post"}],"author":[{"embeddable":true,"href":"https:\/\/turkiyemhaber.com\/index.php?rest_route=\/wp\/v2\/users\/1"}],"replies":[{"embeddable":true,"href":"https:\/\/turkiyemhaber.com\/index.php?rest_route=%2Fwp%2Fv2%2Fcomments&post=1304"}],"version-history":[{"count":1,"href":"https:\/\/turkiyemhaber.com\/index.php?rest_route=\/wp\/v2\/posts\/1304\/revisions"}],"predecessor-version":[{"id":1306,"href":"https:\/\/turkiyemhaber.com\/index.php?rest_route=\/wp\/v2\/posts\/1304\/revisions\/1306"}],"wp:featuredmedia":[{"embeddable":true,"href":"https:\/\/turkiyemhaber.com\/index.php?rest_route=\/wp\/v2\/media\/1305"}],"wp:attachment":[{"href":"https:\/\/turkiyemhaber.com\/index.php?rest_route=%2Fwp%2Fv2%2Fmedia&parent=1304"}],"wp:term":[{"taxonomy":"category","embeddable":true,"href":"https:\/\/turkiyemhaber.com\/index.php?rest_route=%2Fwp%2Fv2%2Fcategories&post=1304"},{"taxonomy":"post_tag","embeddable":true,"href":"https:\/\/turkiyemhaber.com\/index.php?rest_route=%2Fwp%2Fv2%2Ftags&post=1304"}],"curies":[{"name":"wp","href":"https:\/\/api.w.org\/{rel}","templated":true}]}}