{"id":1301,"date":"2026-05-17T09:16:43","date_gmt":"2026-05-17T09:16:43","guid":{"rendered":"https:\/\/turkiyemhaber.com\/?p=1301"},"modified":"2026-05-17T09:16:48","modified_gmt":"2026-05-17T09:16:48","slug":"bebekte-restorana-silahli-saldiri","status":"publish","type":"post","link":"https:\/\/turkiyemhaber.com\/?p=1301","title":{"rendered":"Bebek&#8217;te Restorana Silahl\u0131 Sald\u0131r\u0131"},"content":{"rendered":"\n<p class=\"wp-block-paragraph\">Sel\u00e7uk K.&#8217;ye ait restorana yap\u0131lan sald\u0131r\u0131da \u00f6len ya da yaralanan olmad\u0131, \u015f\u00fcpheli polisle yakaland\u0131.<\/p>\n\n\n\n<p class=\"wp-block-paragraph\">BEBEK&#8217;te i\u015f insan\u0131 Sel\u00e7uk K.&#8217;ye ait restorana gece saatlerinde silahl\u0131 sald\u0131r\u0131 d\u00fczenlendi. Yaya olarak restoran\u0131n \u00f6n\u00fcne gelen montlu sald\u0131rgan, i\u00e7eride m\u00fc\u015fteriler varken pe\u015f pe\u015fe ate\u015f a\u00e7t\u0131. Olayda \u00f6len ya da yaralanan olmazken, ka\u00e7maya \u00e7al\u0131\u015fan \u015f\u00fcpheli silah seslerini duyan polis ekiplerinin kovalamacas\u0131 sonucu yakaland\u0131. Olay an\u0131 g\u00fcvenlik kameras\u0131na yans\u0131d\u0131. Sel\u00e7uk K.&#8217;nin daha \u00f6nce Balmumcu&#8217;da l\u00fcks ara\u00e7lar\u0131 kundaklanm\u0131\u015f, Levent&#8217;teki villas\u0131yla, Ka\u011f\u0131thane&#8217;de bulunan kay\u0131nvalidesinin evi de kur\u015funlanm\u0131\u015ft\u0131.<\/p>\n\n\n\n<p class=\"wp-block-paragraph\">Olay, 24 Nisan Cuma g\u00fcn\u00fc saat 23.00 s\u0131ralar\u0131nda Be\u015fikta\u015f Bebek Mahallesi&#8217;nde meydana geldi. Edinilen bilgiye g\u00f6re, i\u015f insan\u0131 Sel\u00e7uk K.&#8217;ye ait restoran\u0131n \u00f6n\u00fcne yaya olarak gelen montlu sald\u0131rgan, bir s\u00fcre yava\u015f ad\u0131mlarla y\u00fcr\u00fcd\u00fc. Daha sonra montunun i\u00e7erisinden \u00e7\u0131kard\u0131\u011f\u0131 tabancayla restorana pe\u015f pe\u015fe ate\u015f a\u00e7t\u0131. O s\u0131rada restoranda bulunan m\u00fc\u015fteriler panik ya\u015fayarak ka\u00e7t\u0131. Sald\u0131r\u0131da \u00f6len ya da yaralanan olmad\u0131.<\/p>\n\n\n\n<p class=\"wp-block-paragraph\">POL\u0130S KOVALAMACAYLA YAKALADI<\/p>\n\n\n\n<p class=\"wp-block-paragraph\">Silahl\u0131 sald\u0131r\u0131n\u0131n ard\u0131ndan \u015f\u00fcpheli yaya olarak ka\u00e7maya ba\u015flad\u0131. Silah seslerini duyan b\u00f6lgede g\u00f6revli polis ekipleri harekete ge\u00e7ti. Ka\u00e7an sald\u0131rgan, Bebek yoku\u015funda ya\u015fanan kovalamacan\u0131n ard\u0131ndan g\u00f6zalt\u0131na al\u0131nd\u0131. \u015e\u00fcphelinin \u00fczerinde olayda kulland\u0131\u011f\u0131 de\u011ferlendirilen ruhsats\u0131z tabanca ele ge\u00e7irildi\u011fi \u00f6\u011frenildi. Emniyette i\u015flemleri tamamlanan \u015f\u00fcpheli \u00e7\u0131kar\u0131ld\u0131\u011f\u0131 mahkemece tutukland\u0131.<\/p>\n\n\n\n<p class=\"wp-block-paragraph\">ARA\u00c7LARI KUNDAKLANIP EV\u0130 KUR\u015eUNLANDI<\/p>\n\n\n\n<p class=\"wp-block-paragraph\">Sel\u00e7uk K.&#8217;nin sahibi oldu\u011fu Balmumcu&#8217;daki ara\u00e7 kiralama \u015firketinde bulunan yakla\u015f\u0131k 100 milyon lira de\u011ferindeki l\u00fcks ara\u00e7lar ge\u00e7ti\u011fimiz ay kundaklanm\u0131\u015f, ayn\u0131 gece Levent&#8217;teki villas\u0131 da kur\u015funlanm\u0131\u015ft\u0131. Daha sonra da dini nikahl\u0131 e\u015fi Dilek K.&#8217;nin annesi Melahat K.&#8217;ye ait Ka\u011f\u0131thane&#8217;deki eve silahl\u0131 sald\u0131r\u0131 d\u00fczenlenmi\u015fti.<\/p>\n\n\n\n<p class=\"wp-block-paragraph\">S\u0130LAHLI 4 K\u0130\u015e\u0130 1 HAFTA SONRA YAKALANDI<\/p>\n\n\n\n<p class=\"wp-block-paragraph\">Di\u011fer yandan sald\u0131r\u0131dan yakla\u015f\u0131k 1 hafta sonra ayn\u0131 restoran\u0131n \u00e7evresinde dola\u015ft\u0131klar\u0131 \u00f6\u011frenilen silahl\u0131 4 ki\u015fi, g\u00fcvenlik g\u00f6revlilerinin dikkati sayesinde yakaland\u0131. \u015e\u00fcphelilerin \u00fczerlerinde silah bulundu\u011fu \u00f6\u011frenilirken olayla ilgili soru\u015fturma ba\u015flat\u0131ld\u0131.<\/p>\n\n\n\n<p class=\"wp-block-paragraph\">SALDIRI ANI KAMERADA<\/p>\n\n\n\n<p class=\"wp-block-paragraph\">Ya\u015fanan silahl\u0131 sald\u0131r\u0131 g\u00fcvenlik kameras\u0131na yans\u0131d\u0131. G\u00f6r\u00fcnt\u00fclerde, montlu sald\u0131rgan\u0131n yava\u015f ad\u0131mlarla restoran\u0131n \u00f6n\u00fcne geldi\u011fi, daha sonra silah\u0131n\u0131 \u00e7\u0131kararak pe\u015f pe\u015fe ate\u015f etti\u011fi anlar g\u00f6r\u00fcl\u00fcyor. Sald\u0131r\u0131n\u0131n ard\u0131ndan m\u00fc\u015fterilerin panikle ka\u00e7t\u0131\u011f\u0131, \u015f\u00fcphelinin yaya olarak olay yerinden uzakla\u015ft\u0131\u011f\u0131 anlar kameraya yans\u0131yor.<\/p>\n","protected":false},"excerpt":{"rendered":"<p>Sel\u00e7uk K.&#8217;ye ait restorana yap\u0131lan sald\u0131r\u0131da \u00f6len ya da yaralanan olmad\u0131, \u015f\u00fcpheli polisle yakaland\u0131. BEBEK&#8217;te<\/p>\n","protected":false},"author":1,"featured_media":1302,"comment_status":"open","ping_status":"open","sticky":false,"template":"","format":"standard","meta":{"_rtcl_gb_attr":"","footnotes":""},"categories":[1],"tags":[],"class_list":["post-1301","post","type-post","status-publish","format-standard","has-post-thumbnail","hentry","category-http-turkiyemhaber-com-wp-content-uploads-2026-03-saray-59-haber-13-mart-pdf"],"_links":{"self":[{"href":"https:\/\/turkiyemhaber.com\/index.php?rest_route=\/wp\/v2\/posts\/1301","targetHints":{"allow":["GET"]}}],"collection":[{"href":"https:\/\/turkiyemhaber.com\/index.php?rest_route=\/wp\/v2\/posts"}],"about":[{"href":"https:\/\/turkiyemhaber.com\/index.php?rest_route=\/wp\/v2\/types\/post"}],"author":[{"embeddable":true,"href":"https:\/\/turkiyemhaber.com\/index.php?rest_route=\/wp\/v2\/users\/1"}],"replies":[{"embeddable":true,"href":"https:\/\/turkiyemhaber.com\/index.php?rest_route=%2Fwp%2Fv2%2Fcomments&post=1301"}],"version-history":[{"count":1,"href":"https:\/\/turkiyemhaber.com\/index.php?rest_route=\/wp\/v2\/posts\/1301\/revisions"}],"predecessor-version":[{"id":1303,"href":"https:\/\/turkiyemhaber.com\/index.php?rest_route=\/wp\/v2\/posts\/1301\/revisions\/1303"}],"wp:featuredmedia":[{"embeddable":true,"href":"https:\/\/turkiyemhaber.com\/index.php?rest_route=\/wp\/v2\/media\/1302"}],"wp:attachment":[{"href":"https:\/\/turkiyemhaber.com\/index.php?rest_route=%2Fwp%2Fv2%2Fmedia&parent=1301"}],"wp:term":[{"taxonomy":"category","embeddable":true,"href":"https:\/\/turkiyemhaber.com\/index.php?rest_route=%2Fwp%2Fv2%2Fcategories&post=1301"},{"taxonomy":"post_tag","embeddable":true,"href":"https:\/\/turkiyemhaber.com\/index.php?rest_route=%2Fwp%2Fv2%2Ftags&post=1301"}],"curies":[{"name":"wp","href":"https:\/\/api.w.org\/{rel}","templated":true}]}}