{"id":1298,"date":"2026-05-17T09:15:23","date_gmt":"2026-05-17T09:15:23","guid":{"rendered":"https:\/\/turkiyemhaber.com\/?p=1298"},"modified":"2026-05-17T09:15:27","modified_gmt":"2026-05-17T09:15:27","slug":"dijital-farkindalik-ve-ebeveyn-iletisimi","status":"publish","type":"post","link":"https:\/\/turkiyemhaber.com\/?p=1298","title":{"rendered":"Dijital Fark\u0131ndal\u0131k ve Ebeveyn \u0130leti\u015fimi"},"content":{"rendered":"\n<p class=\"wp-block-paragraph\">OM\u00dc&#8217;nden Y\u0131lmaz, ailelerin \u00e7ocuklarla sa\u011fl\u0131kl\u0131 ileti\u015fim kurmas\u0131n\u0131 \u00f6nerdi, dijital fark\u0131ndal\u0131k vurgulad\u0131.<\/p>\n\n\n\n<p class=\"wp-block-paragraph\">SAMSUN Ondokuz May\u0131s \u00dcniversitesi (OM\u00dc) \u00d6\u011fretim G\u00f6revlisi Melike Sinem Y\u0131lmaz, &#8220;Ailelerin \u00e7ocuklar\u0131na kar\u015f\u0131 bask\u0131lay\u0131c\u0131 ve denetleyici yakla\u015f\u0131mlar yapmak yerine sa\u011fl\u0131kl\u0131 ileti\u015fim alanlar\u0131 olu\u015fturulmas\u0131 gerekiyor. \u00c7\u00fcnk\u00fc sanal medya gen\u00e7 bireyler i\u00e7in yaln\u0131zca vakit ge\u00e7irilen bir ortam de\u011fil, ayn\u0131 zamanda kimliklerini yeniden in\u015fa ettikleri bir platform niteli\u011fi ta\u015f\u0131yor&#8221; dedi.<\/p>\n\n\n\n<p class=\"wp-block-paragraph\">OM\u00dc Kurumsal \u0130leti\u015fim Birimi \u00d6\u011fretim G\u00f6revlisi Melike Sinem Y\u0131lmaz, sanal medyan\u0131n yaln\u0131zca bir ileti\u015fim alan\u0131 de\u011fil, kimliklerin yeniden in\u015fa edildi\u011fi bir platform oldu\u011funu; gen\u00e7lerin i\u00e7erik \u00fcreticisine d\u00f6n\u00fc\u015ft\u00fc\u011f\u00fcn\u00fc, g\u00f6r\u00fcn\u00fcrl\u00fck bask\u0131s\u0131 ve onaylanma iste\u011finin artt\u0131\u011f\u0131n\u0131, bu nedenle dijital fark\u0131ndal\u0131k ve algoritma bilincinin \u00f6nemli oldu\u011funu, ailelerin ise bask\u0131c\u0131 de\u011fil ileti\u015fim odakl\u0131 bir yakla\u015f\u0131m sergilemesi gerekti\u011fini belirtti. Sa\u011fl\u0131kl\u0131 ileti\u015fim ve yakla\u015f\u0131m\u0131n bir\u00e7ok sorunu \u00e7\u00f6zebilece\u011fini s\u00f6yleyen Y\u0131lmaz, &#8220;Ailelerin denetleyici olmaktan \u00e7ok rehberlik eden bir yakla\u015f\u0131m benimsemesi \u00f6nem ta\u015f\u0131yor. \u00c7ocuklarla birlikte kullan\u0131lan platformlar\u0131n de\u011ferlendirilmesi, i\u00e7erikler \u00fczerine konu\u015fulmas\u0131 ve &#8216;Bu i\u00e7erik sana ne hissettiriyor?&#8217; gibi sorularla ileti\u015fim kurulmas\u0131 daha sa\u011fl\u0131kl\u0131 bir y\u00f6ntem olarak \u00f6ne \u00e7\u0131k\u0131yor&#8221; diye konu\u015ftu.<\/p>\n\n\n\n<p class=\"wp-block-paragraph\">&#8216;ONAYLANMA ARZUSU ORTAYA \u00c7IKIYOR&#8217;<\/p>\n\n\n\n<p class=\"wp-block-paragraph\">Sanal medya fark\u0131ndal\u0131\u011f\u0131n\u0131n b\u00fcy\u00fck \u00f6nem ta\u015f\u0131d\u0131\u011f\u0131n\u0131 s\u00f6yleyen \u00d6\u011fretim G\u00f6revlisi Y\u0131lmaz, &#8220;Bug\u00fcn sanal medya yaln\u0131zca bir ileti\u015fim alan\u0131 de\u011fil, ayn\u0131 zamanda bireylerin kimliklerini sundu\u011fu, yeniden in\u015fa etti\u011fi ve sanal ili\u015fkilerin yeniden \u015fekillendi\u011fi g\u00fc\u00e7l\u00fc bir dijital k\u00fclt\u00fcr alan\u0131 olarak kar\u015f\u0131m\u0131za \u00e7\u0131k\u0131yor. Sanal medyan\u0131n g\u00fcnl\u00fck hayat\u0131n merkezine yerle\u015fmesiyle birlikte sanal medya okuryazarl\u0131\u011f\u0131 ve sanal medya fark\u0131ndal\u0131\u011f\u0131 da \u00f6nem kazan\u0131yor. Bu kavram yaln\u0131zca teknolojiyi kullanabilmenin \u00f6tesinde, sanal medyada kar\u015f\u0131la\u015f\u0131lan i\u00e7eriklere kar\u015f\u0131 bilin\u00e7li bir fark\u0131ndal\u0131k geli\u015ftirebilmeyi de i\u00e7eriyor. Art\u0131k bireylerin kulland\u0131klar\u0131 algoritmalara dair fark\u0131ndal\u0131k kazanmas\u0131 gerekiyor. Algoritmalar\u0131n hangi i\u00e7eri\u011fi neden g\u00f6r\u00fcn\u00fcr k\u0131ld\u0131\u011f\u0131na ve dijital davran\u0131\u015flar\u0131 nas\u0131l etkiledi\u011fine dair bilin\u00e7 geli\u015ftirilmesi \u00f6nem ta\u015f\u0131yor. \u00d6zellikle gen\u00e7 bireyler sanal medyada yaln\u0131zca i\u00e7erik t\u00fcketmiyor, ayn\u0131 zamanda i\u00e7erik \u00fcreticisi konumunda yer al\u0131yor. Bununla birlikte bir kimlik in\u015fa ediyor ve g\u00f6r\u00fcn\u00fcrl\u00fck \u00fczerinden kendilerini sunmaya \u00e7al\u0131\u015f\u0131yorlar. G\u00f6r\u00fcn\u00fcr olma iste\u011finin artmas\u0131yla birlikte onaylanma arzusu ve g\u00f6r\u00fcn\u00fcrl\u00fck bask\u0131s\u0131 da ortaya \u00e7\u0131k\u0131yor. Bu nedenle dijital fark\u0131ndal\u0131k geli\u015ftirilmesi b\u00fcy\u00fck \u00f6nem ta\u015f\u0131yor. Bug\u00fcn ihtiya\u00e7 duyulan \u015fey, teknolojiyi kullanan bireylerden ziyade, kulland\u0131\u011f\u0131 teknolojiyi ele\u015ftirel bi\u00e7imde okuyabilen bireyler yeti\u015ftirmektir. Bu noktada ailelere ve e\u011fitim \u00e7evrelerine \u00f6nemli roller d\u00fc\u015f\u00fcyor. Bask\u0131lay\u0131c\u0131 ve denetleyici yakla\u015f\u0131mlar yerine sa\u011fl\u0131kl\u0131 ileti\u015fim alanlar\u0131 olu\u015fturulmas\u0131 gerekiyor. \u00c7\u00fcnk\u00fc sanal medya gen\u00e7 bireyler i\u00e7in yaln\u0131zca vakit ge\u00e7irilen bir ortam de\u011fil, ayn\u0131 zamanda kimliklerini yeniden in\u015fa ettikleri bir platform niteli\u011fi ta\u015f\u0131yor&#8221; ifadelerini kulland\u0131.<\/p>\n\n\n\n<p class=\"wp-block-paragraph\">&#8216;ANON\u0130ML\u0130K H\u0130SS\u0130 DAHA SERT VE PROVOKE ED\u0130C\u0130 B\u0130R D\u0130L KULLANMASINA NEDEN OLAB\u0130L\u0130YOR&#8217;<\/p>\n\n\n\n<p class=\"wp-block-paragraph\">Anonim hesaplar olu\u015fturarak bir\u00e7ok siber zorbal\u0131\u011f\u0131n ger\u00e7ekle\u015fti\u011fini belirten Y\u0131lmaz, \u015f\u00f6yle konu\u015ftu:<\/p>\n\n\n\n<p class=\"wp-block-paragraph\">&#8220;Bug\u00fcn gen\u00e7ler ve yeti\u015fkinler b\u00fcy\u00fck \u00f6l\u00e7\u00fcde kar\u015f\u0131la\u015ft\u0131rma k\u00fclt\u00fcr\u00fcne maruz kal\u0131yor. Bu durum siber zorbal\u0131k kavram\u0131n\u0131 daha s\u0131k g\u00fcndeme getiriyor. Ancak siber zorbal\u0131\u011f\u0131 yaln\u0131zca bireysel bir davran\u0131\u015f bi\u00e7imi olarak de\u011ferlendirmek yeterli de\u011fildir. Sanal medya platformlar\u0131n\u0131n yap\u0131s\u0131n\u0131n da bu s\u00fcrece etkisi bulunuyor. Bu nedenle algoritmalar\u0131n ve platformlar\u0131n i\u015fleyi\u015f mant\u0131\u011f\u0131n\u0131n ele\u015ftirel bir bak\u0131\u015f a\u00e7\u0131s\u0131yla de\u011ferlendirilmesi gerekiyor. Sanal ortamlardaki anonimilik hissi, h\u0131zl\u0131 t\u00fcketim k\u00fclt\u00fcr\u00fc ve g\u00f6r\u00fcn\u00fcr olma iste\u011fi, bireylerin daha sert ve provoke edici bir dil kullanmas\u0131na neden olabiliyor. Bu da sanal medya platformlar\u0131nda daha yarg\u0131lay\u0131c\u0131 bir dilin yayg\u0131nla\u015fmas\u0131na yol a\u00e7\u0131yor. Bu noktada \u00f6zellikle gen\u00e7 kullan\u0131c\u0131lar\u0131n kendilerini koruyabilmesi \u00f6nem ta\u015f\u0131yor. Sanal medyada kar\u015f\u0131la\u015f\u0131lan her i\u00e7eri\u011fin ger\u00e7e\u011fi yans\u0131tmayabilece\u011fi, baz\u0131 i\u00e7eriklerin kurgu ya da platform dinamiklerine uygun \u015fekilde \u00fcretildi\u011fi konusunda fark\u0131ndal\u0131k geli\u015ftirilmesi gerekiyor. Ayn\u0131 zamanda ki\u015fisel s\u0131n\u0131rlar\u0131n korunmas\u0131, g\u00fcvenlik ve gizlilik \u00f6nlemlerinin aktif \u015fekilde kullan\u0131lmas\u0131 da \u00f6nemli \u00f6nlemler aras\u0131nda yer al\u0131yor. En \u00f6nemli noktalardan biri ise gen\u00e7lerle yarg\u0131lay\u0131c\u0131 olmayan bir ileti\u015fim alan\u0131 olu\u015fturabilmek ve dijital deneyimlerini rahatl\u0131kla payla\u015fabilecekleri g\u00fcvenli ortamlar sa\u011flayabilmektir.&#8221;<\/p>\n","protected":false},"excerpt":{"rendered":"<p>OM\u00dc&#8217;nden Y\u0131lmaz, ailelerin \u00e7ocuklarla sa\u011fl\u0131kl\u0131 ileti\u015fim kurmas\u0131n\u0131 \u00f6nerdi, dijital fark\u0131ndal\u0131k vurgulad\u0131. SAMSUN Ondokuz May\u0131s \u00dcniversitesi<\/p>\n","protected":false},"author":1,"featured_media":1299,"comment_status":"open","ping_status":"open","sticky":false,"template":"","format":"standard","meta":{"_rtcl_gb_attr":"","footnotes":""},"categories":[1],"tags":[],"class_list":["post-1298","post","type-post","status-publish","format-standard","has-post-thumbnail","hentry","category-http-turkiyemhaber-com-wp-content-uploads-2026-03-saray-59-haber-13-mart-pdf"],"_links":{"self":[{"href":"https:\/\/turkiyemhaber.com\/index.php?rest_route=\/wp\/v2\/posts\/1298","targetHints":{"allow":["GET"]}}],"collection":[{"href":"https:\/\/turkiyemhaber.com\/index.php?rest_route=\/wp\/v2\/posts"}],"about":[{"href":"https:\/\/turkiyemhaber.com\/index.php?rest_route=\/wp\/v2\/types\/post"}],"author":[{"embeddable":true,"href":"https:\/\/turkiyemhaber.com\/index.php?rest_route=\/wp\/v2\/users\/1"}],"replies":[{"embeddable":true,"href":"https:\/\/turkiyemhaber.com\/index.php?rest_route=%2Fwp%2Fv2%2Fcomments&post=1298"}],"version-history":[{"count":1,"href":"https:\/\/turkiyemhaber.com\/index.php?rest_route=\/wp\/v2\/posts\/1298\/revisions"}],"predecessor-version":[{"id":1300,"href":"https:\/\/turkiyemhaber.com\/index.php?rest_route=\/wp\/v2\/posts\/1298\/revisions\/1300"}],"wp:featuredmedia":[{"embeddable":true,"href":"https:\/\/turkiyemhaber.com\/index.php?rest_route=\/wp\/v2\/media\/1299"}],"wp:attachment":[{"href":"https:\/\/turkiyemhaber.com\/index.php?rest_route=%2Fwp%2Fv2%2Fmedia&parent=1298"}],"wp:term":[{"taxonomy":"category","embeddable":true,"href":"https:\/\/turkiyemhaber.com\/index.php?rest_route=%2Fwp%2Fv2%2Fcategories&post=1298"},{"taxonomy":"post_tag","embeddable":true,"href":"https:\/\/turkiyemhaber.com\/index.php?rest_route=%2Fwp%2Fv2%2Ftags&post=1298"}],"curies":[{"name":"wp","href":"https:\/\/api.w.org\/{rel}","templated":true}]}}