{"id":1292,"date":"2026-05-17T09:10:39","date_gmt":"2026-05-17T09:10:39","guid":{"rendered":"https:\/\/turkiyemhaber.com\/?p=1292"},"modified":"2026-05-17T09:10:43","modified_gmt":"2026-05-17T09:10:43","slug":"istanbul-emniyetinde-yeni-atamalar-muge-anlinin-esinin-gorev-yeri-degisti","status":"publish","type":"post","link":"https:\/\/turkiyemhaber.com\/?p=1292","title":{"rendered":"\u0130stanbul Emniyeti&#8217;nde yeni atamalar! M\u00fcge Anl\u0131&#8217;n\u0131n e\u015finin g\u00f6rev yeri de\u011fi\u015fti"},"content":{"rendered":"\n<p class=\"wp-block-paragraph\">\u0130stanbul Valisi Davut G\u00fcl&#8217;\u00fcn imzas\u0131yla \u0130stanbul Emniyeti&#8217;nde kritik de\u011fi\u015fiklikler yap\u0131ld\u0131. Televizyoncu M\u00fcge Anl\u0131&#8217;n\u0131n polis e\u015fi \u015einasi Y\u00fczba\u015f\u0131o\u011flu, Sar\u0131yer \u0130l\u00e7e Emniyet M\u00fcd\u00fcrl\u00fc\u011f\u00fc&#8217;nden Ey\u00fcpsultan Emniyet M\u00fcd\u00fcrl\u00fc\u011f\u00fc&#8217;ne atand\u0131.<\/p>\n\n\n\n<p class=\"wp-block-paragraph\">\u0130stanbul Valisi Davut G\u00fcl&#8217;\u00fcn imzas\u0131yla \u0130stanbul Emniyet M\u00fcd\u00fcrl\u00fc\u011f\u00fc kadrosunda \u00e7ok say\u0131da kritik atama ger\u00e7ekle\u015ftirildi.<\/p>\n\n\n\n<p class=\"wp-block-paragraph\">G\u00fcl taraf\u0131ndan onaylanan listede \u0130stanbul \u0130l Emniyet M\u00fcd\u00fcr yard\u0131mc\u0131l\u0131\u011f\u0131 g\u00f6revlerine Serkan G\u00f6mce ve Hasan Demirba\u011f atand\u0131. \u0130stanbul Emniyeti&#8217;nde Ka\u00e7ak\u00e7\u0131l\u0131k ve Organize Su\u00e7larla M\u00fccadele Ba\u015fkanl\u0131\u011f\u0131&#8217;na Serhat Kalyoncu, Mali Su\u00e7larla M\u00fccadele \u015eube M\u00fcd\u00fcrl\u00fc\u011f\u00fc&#8217;ne \u00c7a\u011flayan Kurt, \u0130stanbul Havaliman\u0131 Koruma \u015eube M\u00fcd\u00fcrl\u00fc\u011f\u00fc&#8217;ne Orhan \u015een, Asayi\u015f \u015eube M\u00fcd\u00fcrl\u00fc\u011f\u00fc&#8217;ne Mehmet Ali Ta\u015f\u00e7\u0131, \u00d6zel G\u00fcvenlik \u015eube M\u00fcd\u00fcrl\u00fc\u011f\u00fc&#8217;ne Sami Pekta\u015f, G\u00fcven Timleri \u015eube M\u00fcd\u00fcrl\u00fc\u011f\u00fc&#8217;ne Ahmet \u00c7obano\u011flu, B\u00f6lge Trafik Denetleme \u015eubesi M\u00fcd\u00fcrl\u00fc\u011f\u00fc&#8217;ne \u015e\u00fckr\u00fc \u00c7o\u015fkun atand\u0131.<\/p>\n\n\n\n<h3 class=\"wp-block-heading\">\u00d6NEML\u0130 \u0130L\u00c7ELER\u0130N M\u00dcD\u00dcRLER\u0130 DE\u011e\u0130\u015eT\u0130<\/h3>\n\n\n\n<p class=\"wp-block-paragraph\">\u00d6te yandan Ba\u011fc\u0131lar \u0130l\u00e7e Emniyet M\u00fcd\u00fcrl\u00fc\u011f\u00fc&#8217;ne Mustafa Duranta\u015f, Sar\u0131yer \u0130l\u00e7e Emniyet M\u00fcd\u00fcrl\u00fc\u011f\u00fc&#8217;ne Burak G\u00fcrakan, Kad\u0131k\u00f6y \u0130l\u00e7e Emniyet M\u00fcd\u00fcrl\u00fc\u011f\u00fc&#8217;ne Halis Erdo\u011fan, Gaziosmanpa\u015fa \u0130l\u00e7e Emniyet M\u00fcd\u00fcrl\u00fc\u011f\u00fc&#8217;ne L\u00fctf\u00fc Do\u011fan, Be\u015fikta\u015f \u0130l\u00e7e Emniyet M\u00fcd\u00fcrl\u00fc\u011f\u00fc&#8217;ne Hakan \u00d6zt\u00fcrk, K\u00fc\u00e7\u00fck\u00e7ekmece \u0130l\u00e7e Emniyet M\u00fcd\u00fcrl\u00fc\u011f\u00fc&#8217;ne Mustafa Aktan, Ba\u015fak\u015fehir \u0130l\u00e7e Emniyet M\u00fcd\u00fcrl\u00fc\u011f\u00fc&#8217;ne Yusuf Erkan atand\u0131.<\/p>\n\n\n\n<h3 class=\"wp-block-heading\">M\u00dcGE ANLI&#8217;NIN E\u015e\u0130 EY\u00dcPSULTAN \u0130L\u00c7E EMN\u0130YET M\u00dcD\u00dcRL\u00dc\u011e\u00dcNE ATANDI<\/h3>\n\n\n\n<p class=\"wp-block-paragraph\">Televizyoncu&nbsp;<a href=\"https:\/\/www.sondakika.com\/muge-anli\/\">M\u00fcge Anl\u0131<\/a>&#8216;n\u0131n e\u015fi \u015einasi Y\u00fczba\u015f\u0131o\u011flu, Sar\u0131yer \u0130l\u00e7e Emniyet M\u00fcd\u00fcrl\u00fc\u011f\u00fc&#8217;nden al\u0131narak Ey\u00fcpsultan \u0130l\u00e7e Emniyet M\u00fcd\u00fcr\u00fc olarak atand\u0131.<\/p>\n\n\n\n<p class=\"wp-block-paragraph\">Y\u00fczba\u015f\u0131o\u011flu 7 Temmuz 2025\u2019te Be\u015fikta\u015f \u0130l\u00e7e Emniyet M\u00fcd\u00fcrl\u00fc\u011f\u00fc\u2019nden Sar\u0131yer \u0130l\u00e7e Emniyet M\u00fcd\u00fcrl\u00fc\u011f\u00fc\u2019ne atanm\u0131\u015ft\u0131.<\/p>\n","protected":false},"excerpt":{"rendered":"<p>\u0130stanbul Valisi Davut G\u00fcl&#8217;\u00fcn imzas\u0131yla \u0130stanbul Emniyeti&#8217;nde kritik de\u011fi\u015fiklikler yap\u0131ld\u0131. Televizyoncu M\u00fcge Anl\u0131&#8217;n\u0131n polis e\u015fi<\/p>\n","protected":false},"author":1,"featured_media":1293,"comment_status":"open","ping_status":"open","sticky":false,"template":"","format":"standard","meta":{"_rtcl_gb_attr":"","footnotes":""},"categories":[7],"tags":[],"class_list":["post-1292","post","type-post","status-publish","format-standard","has-post-thumbnail","hentry","category-gundem"],"_links":{"self":[{"href":"https:\/\/turkiyemhaber.com\/index.php?rest_route=\/wp\/v2\/posts\/1292","targetHints":{"allow":["GET"]}}],"collection":[{"href":"https:\/\/turkiyemhaber.com\/index.php?rest_route=\/wp\/v2\/posts"}],"about":[{"href":"https:\/\/turkiyemhaber.com\/index.php?rest_route=\/wp\/v2\/types\/post"}],"author":[{"embeddable":true,"href":"https:\/\/turkiyemhaber.com\/index.php?rest_route=\/wp\/v2\/users\/1"}],"replies":[{"embeddable":true,"href":"https:\/\/turkiyemhaber.com\/index.php?rest_route=%2Fwp%2Fv2%2Fcomments&post=1292"}],"version-history":[{"count":1,"href":"https:\/\/turkiyemhaber.com\/index.php?rest_route=\/wp\/v2\/posts\/1292\/revisions"}],"predecessor-version":[{"id":1294,"href":"https:\/\/turkiyemhaber.com\/index.php?rest_route=\/wp\/v2\/posts\/1292\/revisions\/1294"}],"wp:featuredmedia":[{"embeddable":true,"href":"https:\/\/turkiyemhaber.com\/index.php?rest_route=\/wp\/v2\/media\/1293"}],"wp:attachment":[{"href":"https:\/\/turkiyemhaber.com\/index.php?rest_route=%2Fwp%2Fv2%2Fmedia&parent=1292"}],"wp:term":[{"taxonomy":"category","embeddable":true,"href":"https:\/\/turkiyemhaber.com\/index.php?rest_route=%2Fwp%2Fv2%2Fcategories&post=1292"},{"taxonomy":"post_tag","embeddable":true,"href":"https:\/\/turkiyemhaber.com\/index.php?rest_route=%2Fwp%2Fv2%2Ftags&post=1292"}],"curies":[{"name":"wp","href":"https:\/\/api.w.org\/{rel}","templated":true}]}}