{"id":1289,"date":"2026-05-17T09:06:47","date_gmt":"2026-05-17T09:06:47","guid":{"rendered":"https:\/\/turkiyemhaber.com\/?p=1289"},"modified":"2026-05-17T09:06:51","modified_gmt":"2026-05-17T09:06:51","slug":"hakan-safiden-dev-vaat","status":"publish","type":"post","link":"https:\/\/turkiyemhaber.com\/?p=1289","title":{"rendered":"Hakan Safi&#8217;den dev vaat"},"content":{"rendered":"\n<p class=\"wp-block-paragraph\">Fenerbah\u00e7e Kul\u00fcb\u00fc Ba\u015fkan Aday\u0131 Hakan Safi, Denizci Fenerbah\u00e7eliler Derne\u011finin, Dalyan Club&#8217;ta d\u00fczenledi\u011fi organizasyonda konu\u015ftu. Ger\u00e7ekle\u015ftirmek istedi\u011fi hedeflerden bahseden Hakan Safi, tarihin en iyi kadrosunu kurma s\u00f6z\u00fc verdi.<\/p>\n\n\n\n<p class=\"wp-block-paragraph\">&nbsp;Kul\u00fcb\u00fc Ba\u015fkan Aday\u0131&nbsp;<a href=\"https:\/\/www.sondakika.com\/hakan-safi\/\">Hakan Safi<\/a>, tarihin en de\u011ferli ve en iddial\u0131 kadrosunu kuraca\u011f\u0131n\u0131n s\u00f6z\u00fcn\u00fc verdi.&nbsp;Safi, Denizci Fenerbah\u00e7eliler Derne\u011finin, Dalyan Club&#8217;ta d\u00fczenledi\u011fi organizasyonda a\u00e7\u0131klamalarda bulundu.<\/p>\n\n\n\n<h3 class=\"wp-block-heading\">&#8221;TAR\u0130H\u0130N EN DE\u011eERL\u0130 KADROSUNU KURACA\u011eIZ&#8221;<\/h3>\n\n\n\n<p class=\"wp-block-paragraph\">Fenerbah\u00e7e&#8217;ye y\u00f6neticilik d\u00f6neminde hizmet etti\u011fi i\u00e7in ele\u015ftirildi\u011fini belirten Safi, &#8220;Fenerbah\u00e7e&#8217;ye hizmet etmeye \u00e7al\u0131\u015ft\u0131m. Paras\u0131 var pulu var diye itibars\u0131zla\u015ft\u0131rmaya \u00e7al\u0131\u015f\u0131yorlar. Sadece paradan ibaret oldu\u011fumu d\u00fc\u015f\u00fcnenleri yan\u0131ltaca\u011f\u0131m. Para harcayaca\u011f\u0131m do\u011fru ama para biriktirip forma alan, bilet i\u00e7in zorlanan \u00f6\u011frencileri d\u00fc\u015f\u00fcn\u00fcnce bu benim boynumun borcu. Ne gerekiyorsa hep birlikte yapaca\u011f\u0131z. Biliyorum herkes merak ediyor herkes isim bekliyor. Zaman\u0131 gelince bunu da a\u00e7\u0131klayaca\u011f\u0131z. Stratejimiz var, \u00e7ok ki\u015fiyle g\u00f6r\u00fc\u015ft\u00fck, g\u00f6r\u00fc\u015fmeye devam ediyoruz. \u0130\u015f d\u00fcnyas\u0131nda bulundu\u011fum tecr\u00fcbelerden \u00e7ok faydalan\u0131yorum. Biraz daha sabredin, hepsinin zaman\u0131 var. Sizlere verece\u011fim en g\u00fczel haber, tarihin en de\u011ferli en iddial\u0131 kadrosunu kuraca\u011f\u0131z, kimsenin \u015f\u00fcphesi olmas\u0131n. Yolumuz, ufkumuz a\u00e7\u0131k. Bo\u015f vaatlere karn\u0131m\u0131z tok, onu da biliyorum. Kongreye kadar s\u00f6ylediklerimde ne kadar ciddi oldu\u011fumu t\u00fcm camiam\u0131z g\u00f6recek.&#8221; diye konu\u015ftu.<\/p>\n\n\n\n<figure class=\"wp-block-image\"><img decoding=\"async\" src=\"https:\/\/foto.sondakika.com\/haber\/2026\/05\/16\/hakan-safiden-dev-vaat-19852654-8911_1_m.jpg\" alt=\"Hakan Safi'den dev vaat\"\/><\/figure>\n\n\n\n<h3 class=\"wp-block-heading\">&#8221;B\u0130Z\u0130M FENERBAH\u00c7E&#8217;YE BORCUMUZ VAR&#8221;<\/h3>\n\n\n\n<p class=\"wp-block-paragraph\">\u00c7ocukluk a\u015fk\u0131 Fenerbah\u00e7e&#8217;ye ba\u015fkan olmak i\u00e7in ko\u015fulsuz adayl\u0131\u011f\u0131n\u0131 a\u00e7\u0131klad\u0131\u011f\u0131n\u0131 hat\u0131rlatan Safi, \u015f\u00f6yle devam etti:<\/p>\n\n\n\n<p class=\"wp-block-paragraph\">&#8220;Hedefler iyidir ancak onlar\u0131 ger\u00e7ekle\u015ftirmek daha da \u00f6nemlidir. Hedefe ula\u015fmak ancak herkesin \u00f6n\u00fcnde, herkesin \u015fahitli\u011finde, &#8216;ne istersen iste benden&#8217; diyebilmekle olur. Ben de &#8216;Fenerbah\u00e7em ne istersen iste&#8217; benden diyorum. Fenerbah\u00e7e&#8217;nin kimseye ihtiyac\u0131 ya da borcu yok. Bizim, benim Fenerbah\u00e7e&#8217;ye borcumuz var. Ona hizmet etmek bizim i\u00e7in onurdur. Onunla mutlu olmaya, ona lay\u0131k olmaya ihtiyac\u0131m\u0131z var. S\u00f6z veriyorum ben dahil kimse kahramanl\u0131k taslamayacak. Fenerbah\u00e7e&#8217;nin sahibi gibi davranmayacak, patron olmayacak. Hepimiz Fenerbah\u00e7e&#8217;nin emrinde olaca\u011f\u0131z. Biz kendini bu \u015fanl\u0131 kul\u00fcb\u00fcn \u00fcst\u00fcnde g\u00f6renlerden \u00e7ok \u00e7ektik. T\u00fcm enerji ve heyecan\u0131m\u0131zla Fenerbah\u00e7e&#8217;nin haklar\u0131 i\u00e7in her alanda m\u00fccadele edece\u011fiz.&#8221;<\/p>\n\n\n\n<figure class=\"wp-block-image\"><img decoding=\"async\" src=\"https:\/\/foto.sondakika.com\/haber\/2026\/05\/16\/hakan-safiden-dev-vaat-19852654-5049_1_m.jpg\" alt=\"Hakan Safi'den dev vaat\"\/><\/figure>\n\n\n\n<h3 class=\"wp-block-heading\">&#8221;KUL\u00dcB\u00dcN DNA&#8217;SINI HATIRLAMAYA \u0130HT\u0130YACIMIZ VAR&#8221;<\/h3>\n\n\n\n<p class=\"wp-block-paragraph\">Hakan Safi, Fenerbah\u00e7e&#8217;nin kendi DNA&#8217;s\u0131n\u0131 hat\u0131rlamaya ihtiya\u00e7 duydu\u011funu aktard\u0131.<\/p>\n\n\n\n<p class=\"wp-block-paragraph\">Safi, &#8216;Ben Fenerbah\u00e7eliyim&#8217; diyen herkesin tak\u0131mda\u015f\u0131na sayg\u0131 duymas\u0131 gerekti\u011fini aktararak &#8220;Bu kul\u00fcb\u00fcn DNA&#8217;s\u0131n\u0131 hat\u0131rlamaya ihtiyac\u0131m\u0131z var. S\u00f6z konusu Fenerbah\u00e7e olunca hepimiz i\u00e7in akan sular duruyor. Fenerbah\u00e7e&#8217;ye bir tu\u011fla koyandan Allah raz\u0131 olsun. Fakat kimsenin kimseye yapt\u0131klar\u0131n\u0131 hat\u0131rlatmas\u0131na ya da a\u015fa\u011f\u0131lamas\u0131na gerek yok. Fenerbah\u00e7eli kadir k\u0131ymet bilir, unutmaz. Fenerbah\u00e7e&#8217;nin vefas\u0131 sorgulanmaz. Taraftar\u0131n a\u015fk\u0131 azalacak \u00e7o\u011falacak bir \u015fey de\u011fildir. Az a\u015fk \u00e7ok a\u015fk diye bir \u015fey olmaz. Taraftar ister hakl\u0131d\u0131r, istemelidir. Fenerbah\u00e7eli sevdas\u0131 i\u00e7in en iyisini ister, en iyisini hak eder. De\u011fi\u015fmeyen tek \u015fey de\u011fi\u015fimdir. Eskiden yeni olmaz.&nbsp;<a href=\"https:\/\/www.sondakika.com\/futbol\/\">Futbol<\/a>&nbsp;de\u011fi\u015firken, taraftar buna uyum sa\u011flarken biz yerimizde sayamay\u0131z. \u0130\u015flerimden dolay\u0131 d\u00fcnyada 80&#8217;den fazla \u00fclkeyle ticaret yap\u0131yorum. Futbol dilinin ne kadar faydal\u0131 oldu\u011funu g\u00f6rd\u00fcm. Yapt\u0131\u011f\u0131m\u0131z sohbetlerin hepsinde d\u00fcnyada ilk \u00f6nce 4&#8217;te 3&#8217;\u00fcn\u00fc futbol kapl\u0131yor. Bizde bunun \u00e7ok faydas\u0131n\u0131 g\u00f6r\u00fcyoruz.&#8221; de\u011ferlendirmesinde bulundu.<\/p>\n\n\n\n<figure class=\"wp-block-image\"><img decoding=\"async\" src=\"https:\/\/foto.sondakika.com\/haber\/2026\/05\/16\/hakan-safiden-dev-vaat-19852654-3678_1_m.jpg\" alt=\"Hakan Safi'den dev vaat\"\/><\/figure>\n\n\n\n<h3 class=\"wp-block-heading\">&#8221;BUNDAN BA\u015eKA SE\u00c7ENE\u011e\u0130M\u0130Z YOK&#8221;<\/h3>\n\n\n\n<p class=\"wp-block-paragraph\">Paray\u0131 do\u011fru harcaman\u0131n \u00f6nemine de\u011finen Safi, s\u00f6zlerini \u015f\u00f6yle tamamlad\u0131:<\/p>\n\n\n\n<p class=\"wp-block-paragraph\">&#8220;Mesele sadece para harcamak de\u011fil, do\u011fru harcamak. D\u00fcnyan\u0131n en b\u00fcy\u00fck&nbsp;<a href=\"https:\/\/www.sondakika.com\/spor\/\">spor<\/a>&nbsp;kul\u00fcb\u00fcne lay\u0131k olabilmemizin ilk \u015fart\u0131 sevgimizi akl\u0131m\u0131zla bulu\u015fturmak. Sabr\u0131m\u0131z yok, fark\u0131nday\u0131m. Hi\u00e7bir y\u00f6netim Fenerbah\u00e7e&#8217;mizin k\u00f6t\u00fcl\u00fc\u011f\u00fcn\u00fc istemez. Bu i\u015f i\u015ftah, cesaret i\u015fi. Taraftar\u0131m\u0131z \u00fcz\u00fcl\u00fcr, k\u0131r\u0131l\u0131r, k\u0131zar ve hakl\u0131lar ama y\u00f6netici olmak ba\u015fka bir \u015fey. Y\u00f6netici kimin ne s\u00f6yledi\u011fine bakmaz, cesur olur, iddial\u0131 olur. Kariyer pe\u015finde de\u011fil ba\u015far\u0131 pe\u015finde ko\u015far. Fenerbah\u00e7eli hayal etmez, hayal ettirir. Her Fenerbah\u00e7elinin hayal etti\u011fi kadroyu kuracak oyuncular getirece\u011fiz. \u0130ddial\u0131 olmak benim karakterim, \u00f6zelli\u011fim. Biz d\u0131\u015farda iddial\u0131y\u0131z. Enerjimizi t\u00fcm arkada\u015flar\u0131m\u0131za veriyoruz. Fenerbah\u00e7e&#8217;nin ba\u015fkan\u0131 olman\u0131n gere\u011fi iddial\u0131 olmak. Bundan ba\u015fka se\u00e7ene\u011fimiz yok. S\u00f6z veriyorum, saha i\u00e7inde ben ve arkada\u015flar\u0131m en iddial\u0131 kadroyu kuraca\u011f\u0131z. Y\u00f6netim kurulumuzla dinamik, enerjik, her masada lobi faaliyetlerini yapabilecek, y\u00f6netimsel akl\u0131 ortaya koyabilecek bir y\u00f6netim olu\u015fturaca\u011f\u0131z. Saha i\u00e7i, saha d\u0131\u015f\u0131 herkesle her platformda m\u00fccadele edece\u011fiz.&#8221;<\/p>\n","protected":false},"excerpt":{"rendered":"<p>Fenerbah\u00e7e Kul\u00fcb\u00fc Ba\u015fkan Aday\u0131 Hakan Safi, Denizci Fenerbah\u00e7eliler Derne\u011finin, Dalyan Club&#8217;ta d\u00fczenledi\u011fi organizasyonda konu\u015ftu. Ger\u00e7ekle\u015ftirmek<\/p>\n","protected":false},"author":1,"featured_media":1290,"comment_status":"open","ping_status":"open","sticky":false,"template":"","format":"standard","meta":{"_rtcl_gb_attr":"","footnotes":""},"categories":[3],"tags":[],"class_list":["post-1289","post","type-post","status-publish","format-standard","has-post-thumbnail","hentry","category-spor"],"_links":{"self":[{"href":"https:\/\/turkiyemhaber.com\/index.php?rest_route=\/wp\/v2\/posts\/1289","targetHints":{"allow":["GET"]}}],"collection":[{"href":"https:\/\/turkiyemhaber.com\/index.php?rest_route=\/wp\/v2\/posts"}],"about":[{"href":"https:\/\/turkiyemhaber.com\/index.php?rest_route=\/wp\/v2\/types\/post"}],"author":[{"embeddable":true,"href":"https:\/\/turkiyemhaber.com\/index.php?rest_route=\/wp\/v2\/users\/1"}],"replies":[{"embeddable":true,"href":"https:\/\/turkiyemhaber.com\/index.php?rest_route=%2Fwp%2Fv2%2Fcomments&post=1289"}],"version-history":[{"count":1,"href":"https:\/\/turkiyemhaber.com\/index.php?rest_route=\/wp\/v2\/posts\/1289\/revisions"}],"predecessor-version":[{"id":1291,"href":"https:\/\/turkiyemhaber.com\/index.php?rest_route=\/wp\/v2\/posts\/1289\/revisions\/1291"}],"wp:featuredmedia":[{"embeddable":true,"href":"https:\/\/turkiyemhaber.com\/index.php?rest_route=\/wp\/v2\/media\/1290"}],"wp:attachment":[{"href":"https:\/\/turkiyemhaber.com\/index.php?rest_route=%2Fwp%2Fv2%2Fmedia&parent=1289"}],"wp:term":[{"taxonomy":"category","embeddable":true,"href":"https:\/\/turkiyemhaber.com\/index.php?rest_route=%2Fwp%2Fv2%2Fcategories&post=1289"},{"taxonomy":"post_tag","embeddable":true,"href":"https:\/\/turkiyemhaber.com\/index.php?rest_route=%2Fwp%2Fv2%2Ftags&post=1289"}],"curies":[{"name":"wp","href":"https:\/\/api.w.org\/{rel}","templated":true}]}}