{"id":1286,"date":"2026-05-17T09:05:28","date_gmt":"2026-05-17T09:05:28","guid":{"rendered":"https:\/\/turkiyemhaber.com\/?p=1286"},"modified":"2026-05-17T09:05:31","modified_gmt":"2026-05-17T09:05:31","slug":"kizilay-kayseri-il-baskani-beydilli-tepki-ceken-paylasimi-icin-ozur-diledi","status":"publish","type":"post","link":"https:\/\/turkiyemhaber.com\/?p=1286","title":{"rendered":"K\u0131z\u0131lay Kayseri \u0130l Ba\u015fkan\u0131 Beydilli tepki \u00e7eken payla\u015f\u0131m\u0131 i\u00e7in \u00f6z\u00fcr diledi"},"content":{"rendered":"\n<p class=\"wp-block-paragraph\">T\u00fcrk K\u0131z\u0131lay Kayseri \u0130l Merkezi Ba\u015fkan\u0131 Cafer Beydilli, tepki \u00e7eken &#8220;Evde kals\u0131n k\u0131zlar ne olur Reis&#8221; ba\u015fl\u0131kl\u0131 videoya a\u00e7\u0131kl\u0131k getirdi. Beydilli, videonun sehven repost edildi\u011fini s\u00f6yleyerek kad\u0131nlardan \u00f6z\u00fcr diledi.<\/p>\n\n\n\n<p class=\"wp-block-paragraph\">T\u00fcrk\u00a0K\u0131z\u0131lay Kayseri \u015eube Ba\u015fkan\u0131 Cafer Beydilli, sosyal medya hesab\u0131ndan kad\u0131nlar\u0131 hedef alan &#8220;Evde kals\u0131n k\u0131zlar ne olur Reis&#8221; ba\u015fl\u0131kl\u0131 bir video payla\u015ft\u0131. Video dolay\u0131s\u0131yla \u00e7\u0131\u011f gibi b\u00fcy\u00fcyen tepkiler sonras\u0131 a\u00e7\u0131klama yapan Beydilli, payla\u015f\u0131m\u0131n sehven yap\u0131ld\u0131\u011f\u0131n\u0131 belirterek \u00f6z\u00fcr diledi.\u00a0<\/p>\n\n\n\n<p class=\"wp-block-paragraph\"><\/p>\n\n\n\n<figure class=\"wp-block-image\"><img decoding=\"async\" src=\"https:\/\/foto.sondakika.com\/haber\/2026\/05\/16\/tepki-ceken-paylasima-kizilay-19852643-7958_1_m.jpg\" alt=\"K\u0131z\u0131lay Kayseri \u0130l Ba\u015fkan\u0131 Beydilli tepki \u00e7eken payla\u015f\u0131m\u0131 i\u00e7in \u00f6z\u00fcr diledi\"\/><\/figure>\n\n\n\n<h3 class=\"wp-block-heading\">&#8220;\u0130NC\u0130NEN KADINLARDAN SAM\u0130M\u0130YETLE \u00d6Z\u00dcR D\u0130L\u0130YORUM&#8221;<\/h3>\n\n\n\n<p class=\"wp-block-paragraph\">Bas\u0131n toplant\u0131s\u0131nda konu\u015fan Beydilli, &#8220;Yanl\u0131\u015fl\u0131kla repost edilen payla\u015f\u0131m\u0131 fark edince k\u0131sa s\u00fcre i\u00e7erisinde kald\u0131rd\u0131m. Kad\u0131nlar\u0131n toplumsal ya\u015fam\u0131n her alan\u0131nda aktif \u015fekilde yer almas\u0131n\u0131 \u00f6nemsiyoruz. Ortaya \u00e7\u0131kan durum nedeniyle incinen kad\u0131nlardan samimiyetle \u00f6z\u00fcr diliyorum&#8221; diye konu\u015ftu.<\/p>\n\n\n\n<p class=\"wp-block-paragraph\">T\u00fcrk K\u0131z\u0131lay&#8217;\u0131n 158 y\u0131ll\u0131k ge\u00e7mi\u015fiyle insani yard\u0131m alan\u0131nda faaliyet g\u00f6steren k\u00f6kl\u00fc bir kurulu\u015f oldu\u011funu belirten Beydilli, K\u0131z\u0131lay&#8217;\u0131n kurulu\u015fundan bu yana benimsedi\u011fi ve K\u0131z\u0131lay-K\u0131z\u0131lha\u00e7 Hareketi&#8217;nin temel ilkeleri aras\u0131nda yer alan &#8216;ayr\u0131m g\u00f6zetmeme&#8217; anlay\u0131\u015f\u0131 do\u011frultusunda \u00e7al\u0131\u015fmalar\u0131n\u0131 s\u00fcrd\u00fcrd\u00fc\u011f\u00fcn\u00fc dile getirdi. T\u00fcrk K\u0131z\u0131lay&#8217;\u0131n hi\u00e7bir ayr\u0131m g\u00f6zetmeksizin ihtiya\u00e7 sahiplerinin yan\u0131nda yer ald\u0131\u011f\u0131n\u0131 ifade eden Beydilli, kad\u0131nlar\u0131n da K\u0131z\u0131lay&#8217;\u0131n g\u00f6n\u00fcll\u00fcl\u00fck ve dayan\u0131\u015fma \u00e7al\u0131\u015fmalar\u0131ndaki en \u00f6nemli g\u00fc\u00e7lerden biri oldu\u011funu s\u00f6yledi.<\/p>\n\n\n\n<figure class=\"wp-block-image\"><img decoding=\"async\" src=\"https:\/\/foto.sondakika.com\/haber\/2026\/05\/16\/tepki-ceken-paylasima-kizilay-19852643-8581_1_m.jpg\" alt=\"K\u0131z\u0131lay Kayseri \u0130l Ba\u015fkan\u0131 Beydilli tepki \u00e7eken payla\u015f\u0131m\u0131 i\u00e7in \u00f6z\u00fcr diledi\"\/><\/figure>\n\n\n\n<h3 class=\"wp-block-heading\">&#8220;KADIN G\u00d6N\u00dcLL\u00dcLER \u0130Y\u0130L\u0130K FAAL\u0130YETLER\u0130N\u0130N MERKEZ\u0130NDE YER ALDI&#8221;<\/h3>\n\n\n\n<p class=\"wp-block-paragraph\">T\u00fcrk K\u0131z\u0131lay&#8217;\u0131n tarihsel geli\u015fiminde kad\u0131nlar\u0131n \u00f6nemli rol \u00fcstlendi\u011fine dikkat \u00e7eken Beydilli, bug\u00fcn de kad\u0131n g\u00f6n\u00fcll\u00fclerin ve kad\u0131n \u00e7al\u0131\u015fanlar\u0131n iyilik faaliyetlerinin merkezinde yer ald\u0131\u011f\u0131n\u0131 belirtti. Kayseri&#8217;de y\u00fcr\u00fct\u00fclen \u00e7al\u0131\u015fmalarda kad\u0131n kollar\u0131n\u0131n b\u00fcy\u00fck \u00f6zveriyle g\u00f6rev ald\u0131\u011f\u0131n\u0131 ifade eden Beydilli, kad\u0131n g\u00f6n\u00fcll\u00fclerin ihtiya\u00e7 sahiplerine ula\u015fabilmek i\u00e7in fedakarca \u00e7al\u0131\u015fmalar y\u00fcr\u00fctt\u00fc\u011f\u00fcn\u00fc kaydetti.<\/p>\n\n\n\n<p class=\"wp-block-paragraph\">Kad\u0131nlar\u0131n toplumsal ya\u015fam\u0131n her alan\u0131nda aktif \u015fekilde yer almas\u0131n\u0131 \u00f6nemsediklerini belirten Beydilli, ortaya \u00e7\u0131kan durum nedeniyle incinen kad\u0131nlardan samimiyetle \u00f6z\u00fcr diledi\u011fini ifade etti. T\u00fcrk K\u0131z\u0131lay Kayseri \u0130l Merkezi&#8217;nin dayan\u0131\u015fma ve iyilik anlay\u0131\u015f\u0131yla herkese a\u00e7\u0131k olmaya devam edece\u011fini s\u00f6zlerine ekledi.<\/p>\n","protected":false},"excerpt":{"rendered":"<p>T\u00fcrk K\u0131z\u0131lay Kayseri \u0130l Merkezi Ba\u015fkan\u0131 Cafer Beydilli, tepki \u00e7eken &#8220;Evde kals\u0131n k\u0131zlar ne olur<\/p>\n","protected":false},"author":1,"featured_media":1287,"comment_status":"open","ping_status":"open","sticky":false,"template":"","format":"standard","meta":{"_rtcl_gb_attr":"","footnotes":""},"categories":[1,43],"tags":[],"class_list":["post-1286","post","type-post","status-publish","format-standard","has-post-thumbnail","hentry","category-http-turkiyemhaber-com-wp-content-uploads-2026-03-saray-59-haber-13-mart-pdf","category-son-dakika"],"_links":{"self":[{"href":"https:\/\/turkiyemhaber.com\/index.php?rest_route=\/wp\/v2\/posts\/1286","targetHints":{"allow":["GET"]}}],"collection":[{"href":"https:\/\/turkiyemhaber.com\/index.php?rest_route=\/wp\/v2\/posts"}],"about":[{"href":"https:\/\/turkiyemhaber.com\/index.php?rest_route=\/wp\/v2\/types\/post"}],"author":[{"embeddable":true,"href":"https:\/\/turkiyemhaber.com\/index.php?rest_route=\/wp\/v2\/users\/1"}],"replies":[{"embeddable":true,"href":"https:\/\/turkiyemhaber.com\/index.php?rest_route=%2Fwp%2Fv2%2Fcomments&post=1286"}],"version-history":[{"count":1,"href":"https:\/\/turkiyemhaber.com\/index.php?rest_route=\/wp\/v2\/posts\/1286\/revisions"}],"predecessor-version":[{"id":1288,"href":"https:\/\/turkiyemhaber.com\/index.php?rest_route=\/wp\/v2\/posts\/1286\/revisions\/1288"}],"wp:featuredmedia":[{"embeddable":true,"href":"https:\/\/turkiyemhaber.com\/index.php?rest_route=\/wp\/v2\/media\/1287"}],"wp:attachment":[{"href":"https:\/\/turkiyemhaber.com\/index.php?rest_route=%2Fwp%2Fv2%2Fmedia&parent=1286"}],"wp:term":[{"taxonomy":"category","embeddable":true,"href":"https:\/\/turkiyemhaber.com\/index.php?rest_route=%2Fwp%2Fv2%2Fcategories&post=1286"},{"taxonomy":"post_tag","embeddable":true,"href":"https:\/\/turkiyemhaber.com\/index.php?rest_route=%2Fwp%2Fv2%2Ftags&post=1286"}],"curies":[{"name":"wp","href":"https:\/\/api.w.org\/{rel}","templated":true}]}}