{"id":1283,"date":"2026-05-17T09:00:43","date_gmt":"2026-05-17T09:00:43","guid":{"rendered":"https:\/\/turkiyemhaber.com\/?p=1283"},"modified":"2026-05-17T09:00:47","modified_gmt":"2026-05-17T09:00:47","slug":"57-il-icin-gok-gurultulu-saganak-yagis-uyarisi","status":"publish","type":"post","link":"https:\/\/turkiyemhaber.com\/?p=1283","title":{"rendered":"57 il i\u00e7in g\u00f6k g\u00fcr\u00fclt\u00fcl\u00fc sa\u011fanak ya\u011f\u0131\u015f uyar\u0131s\u0131"},"content":{"rendered":"\n<p class=\"wp-block-paragraph\">Meteoroloji Genel M\u00fcd\u00fcrl\u00fc\u011f\u00fc, hafta ortas\u0131na kadar s\u00fcrecek yeni ya\u011f\u0131\u015f dalgas\u0131na kar\u015f\u0131 uyar\u0131da bulundu. \u0130stanbul dahil 57 ilde g\u00f6k g\u00fcr\u00fclt\u00fcl\u00fc sa\u011fanak beklenirken, AKOM da \u0130stanbul i\u00e7in serin ve ya\u011f\u0131\u015fl\u0131 hava uyar\u0131s\u0131 yapt\u0131. Kars\u2019ta ise \u015fiddetli r\u00fczgar baz\u0131 evlerin \u00e7at\u0131lar\u0131n\u0131 u\u00e7urdu.<\/p>\n\n\n\n<p class=\"wp-block-paragraph\">Meteoroloji Genel M\u00fcd\u00fcrl\u00fc\u011f\u00fc, T\u00fcrkiye genelini etkisi alt\u0131na alacak yeni ya\u011f\u0131\u015f dalgas\u0131na kar\u015f\u0131 vatanda\u015flar\u0131 uyard\u0131. Yap\u0131lan son de\u011ferlendirmelere g\u00f6re, hafta ortas\u0131na kadar s\u00fcrecek sa\u011fanak ve g\u00f6k g\u00fcr\u00fclt\u00fcl\u00fc sa\u011fanak ya\u011f\u0131\u015flar\u0131n yurdun b\u00fcy\u00fck b\u00f6l\u00fcm\u00fcnde etkili olmas\u0131 bekleniyor. \u0130stanbul\u2019da ise serin ve ya\u011f\u0131\u015fl\u0131 hava bu ak\u015fam saatlerinden itibaren yeniden etkisini g\u00f6sterecek.<\/p>\n\n\n\n<h3 class=\"wp-block-heading\">YA\u011eI\u015eLI HAVA T\u00dcM YURDA YAYILACAK<\/h3>\n\n\n\n<p class=\"wp-block-paragraph\">Meteoroloji Genel M\u00fcd\u00fcrl\u00fc\u011f\u00fc\u2019n\u00fcn yay\u0131mlad\u0131\u011f\u0131 5 g\u00fcnl\u00fck hava tahmin raporuna g\u00f6re, hafta sonu Marmara, Ege ve \u0130\u00e7 Anadolu\u2019nun kuzeybat\u0131s\u0131nda ba\u015flayacak sa\u011fanak ya\u011f\u0131\u015flar, pazar g\u00fcn\u00fc \u0130stanbul dahil bir\u00e7ok bat\u0131 ilinde etkisini art\u0131racak.<\/p>\n\n\n\n<p class=\"wp-block-paragraph\">\u00d6n\u00fcm\u00fczdeki g\u00fcnlerde Karadeniz, Do\u011fu Anadolu ve G\u00fcneydo\u011fu Anadolu b\u00f6lgelerine de yay\u0131lmas\u0131 beklenen ya\u011f\u0131\u015flar\u0131n \u00e7ar\u015famba g\u00fcn\u00fcne kadar aral\u0131klarla devam edece\u011fi tahmin ediliyor.&nbsp;Meteoroloji\u2019nin son de\u011ferlendirmesinde, T\u00fcrkiye genelinin par\u00e7al\u0131 ve \u00e7ok bulutlu olaca\u011f\u0131 belirtilirken, Marmara, Ege, Akdeniz\u2019in i\u00e7 kesimleri, \u0130\u00e7 Anadolu\u2019nun kuzeybat\u0131s\u0131, Bat\u0131 Karadeniz\u2019in bat\u0131s\u0131, Do\u011fu Karadeniz, Do\u011fu Anadolu, G\u00fcneydo\u011fu Anadolu\u2019nun do\u011fusu ile Adana ve Hatay \u00e7evrelerinde sa\u011fanak ve g\u00f6k g\u00fcr\u00fclt\u00fcl\u00fc sa\u011fanak ya\u011f\u0131\u015f beklendi\u011fi a\u00e7\u0131kland\u0131.<\/p>\n\n\n\n<h3 class=\"wp-block-heading\">57 \u0130L \u0130\u00c7\u0130N G\u00d6K G\u00dcR\u00dcLT\u00dcL\u00dc SA\u011eANAK UYARISI<\/h3>\n\n\n\n<p class=\"wp-block-paragraph\">Meteoroloji, \u0130stanbul dahil 57 il i\u00e7in g\u00f6k g\u00fcr\u00fclt\u00fcl\u00fc sa\u011fanak uyar\u0131s\u0131nda bulundu. Vatanda\u015flardan ani s\u0131cakl\u0131k de\u011fi\u015fimleri ve olumsuz hava ko\u015fullar\u0131na kar\u015f\u0131 dikkatli olmalar\u0131 istendi.<\/p>\n\n\n\n<h3 class=\"wp-block-heading\">Ya\u011f\u0131\u015f beklenen iller \u015f\u00f6yle s\u0131raland\u0131:<\/h3>\n\n\n\n<p class=\"wp-block-paragraph\">Edirne, K\u0131rklareli, Tekirda\u011f, \u0130stanbul, Kocaeli, Yalova, Sakarya, Bilecik, Bursa, Bal\u0131kesir, \u00c7anakkale, \u0130zmir, Manisa, Ayd\u0131n, Denizli, U\u015fak, K\u00fctahya, Eski\u015fehir, Afyonkarahisar, Burdur, Isparta, Konya, Ankara, \u00c7ank\u0131r\u0131, Karab\u00fck, D\u00fczce, Zonguldak, Bart\u0131n, Kastamonu, Sinop, \u00c7orum, K\u0131r\u0131kkale, K\u0131r\u015fehir, Nev\u015fehir, Aksaray, Ni\u011fde, Kayseri, Yozgat, Amasya, Tokat, Samsun, Ordu, Giresun, Sivas, Erzincan, Erzurum, Kars, Ardahan, A\u011fr\u0131, I\u011fd\u0131r, Van, Hakkari, \u015e\u0131rnak, Siirt, Batman, Bitlis ve Mu\u015f.<\/p>\n\n\n\n<h3 class=\"wp-block-heading\">SICAKLIKLAR D\u00dc\u015eECEK, R\u00dcZGAR KUVVETLENECEK<\/h3>\n\n\n\n<p class=\"wp-block-paragraph\">Meteoroloji verilerine g\u00f6re hava s\u0131cakl\u0131klar\u0131 i\u00e7 ve bat\u0131 kesimlerde 2 ila 4 derece artacak, di\u011fer b\u00f6lgelerde ise \u00f6nemli bir de\u011fi\u015fiklik beklenmiyor.&nbsp;R\u00fczgar\u0131n bat\u0131 b\u00f6lgelerde g\u00fcneyli, do\u011fu b\u00f6lgelerde kuzeyli y\u00f6nlerden hafif ve zaman zaman orta kuvvette esmesi beklenirken, Marmara\u2019n\u0131n g\u00fcneybat\u0131s\u0131nda r\u00fczgar h\u0131z\u0131n\u0131n saatte 40 ila 60 kilometreye ula\u015fabilece\u011fi bildirildi.<\/p>\n\n\n\n<h3 class=\"wp-block-heading\">\u0130STANBUL \u0130\u00c7\u0130N AKOM\u2019DAN YEN\u0130 UYARI<\/h3>\n\n\n\n<p class=\"wp-block-paragraph\">\u0130stanbul B\u00fcy\u00fck\u015fehir Belediyesi Afet Koordinasyon Merkezi (AKOM) de kent i\u00e7in yeni bir uyar\u0131 yay\u0131mlad\u0131.&nbsp;AKOM a\u00e7\u0131klamas\u0131nda, \u0130stanbul\u2019da bu ak\u015fam saatlerinden itibaren yeniden serin ve ya\u011f\u0131\u015fl\u0131 havan\u0131n etkili olaca\u011f\u0131 belirtilerek \u015fu ifadelere yer verildi: &#8220;\u0130stanbul\u2019da bug\u00fcn ak\u015fam saatleri itibar\u0131yla b\u00f6lgemizde tekrardan serin ve ya\u011f\u0131\u015fl\u0131 havan\u0131n etkili olaca\u011f\u0131, s\u0131cakl\u0131klar\u0131n yer yer 22-20 dereceler alt\u0131na gerilemesi ile birlikte aral\u0131klarla sa\u011fanak ya\u011fmur ge\u00e7i\u015flerinin g\u00f6r\u00fclece\u011fi \u00f6ng\u00f6r\u00fcl\u00fcyor.&#8221;<\/p>\n\n\n\n<h3 class=\"wp-block-heading\">KARS\u2019TA \u015e\u0130DDETL\u0130 R\u00dcZGAR \u00c7ATILARI U\u00c7URDU<\/h3>\n\n\n\n<p class=\"wp-block-paragraph\">\u00d6te yandan Kars\u2019\u0131n Digor il\u00e7esinde etkili olan \u015fiddetli r\u00fczgar hayat\u0131 olumsuz etkiledi.&nbsp;Alem k\u00f6y\u00fcnde sa\u011fanak ya\u011f\u0131\u015fla birlikte etkisini art\u0131ran r\u00fczgar nedeniyle baz\u0131 evlerin \u00e7at\u0131lar\u0131 u\u00e7tu. \u0130sa Y\u00fcml\u00fc\u2019ye ait evin \u00e7at\u0131s\u0131n\u0131n tamamen zarar g\u00f6rd\u00fc\u011f\u00fc \u00f6\u011frenildi.&nbsp;U\u00e7an \u00e7at\u0131 par\u00e7alar\u0131n\u0131n k\u00f6ye savruldu\u011fu olayda baz\u0131 evlerde de hasar meydana geldi. B\u00f6lgeye sevk edilen AFAD ile \u00c7evre, \u015eehircilik ve \u0130klim De\u011fi\u015fikli\u011fi \u0130l M\u00fcd\u00fcrl\u00fc\u011f\u00fc ekipleri hasar tespit \u00e7al\u0131\u015fmas\u0131 ba\u015flatt\u0131.<\/p>\n","protected":false},"excerpt":{"rendered":"<p>Meteoroloji Genel M\u00fcd\u00fcrl\u00fc\u011f\u00fc, hafta ortas\u0131na kadar s\u00fcrecek yeni ya\u011f\u0131\u015f dalgas\u0131na kar\u015f\u0131 uyar\u0131da bulundu. \u0130stanbul dahil<\/p>\n","protected":false},"author":1,"featured_media":1284,"comment_status":"open","ping_status":"open","sticky":false,"template":"","format":"standard","meta":{"_rtcl_gb_attr":"","footnotes":""},"categories":[43],"tags":[],"class_list":["post-1283","post","type-post","status-publish","format-standard","has-post-thumbnail","hentry","category-son-dakika"],"_links":{"self":[{"href":"https:\/\/turkiyemhaber.com\/index.php?rest_route=\/wp\/v2\/posts\/1283","targetHints":{"allow":["GET"]}}],"collection":[{"href":"https:\/\/turkiyemhaber.com\/index.php?rest_route=\/wp\/v2\/posts"}],"about":[{"href":"https:\/\/turkiyemhaber.com\/index.php?rest_route=\/wp\/v2\/types\/post"}],"author":[{"embeddable":true,"href":"https:\/\/turkiyemhaber.com\/index.php?rest_route=\/wp\/v2\/users\/1"}],"replies":[{"embeddable":true,"href":"https:\/\/turkiyemhaber.com\/index.php?rest_route=%2Fwp%2Fv2%2Fcomments&post=1283"}],"version-history":[{"count":1,"href":"https:\/\/turkiyemhaber.com\/index.php?rest_route=\/wp\/v2\/posts\/1283\/revisions"}],"predecessor-version":[{"id":1285,"href":"https:\/\/turkiyemhaber.com\/index.php?rest_route=\/wp\/v2\/posts\/1283\/revisions\/1285"}],"wp:featuredmedia":[{"embeddable":true,"href":"https:\/\/turkiyemhaber.com\/index.php?rest_route=\/wp\/v2\/media\/1284"}],"wp:attachment":[{"href":"https:\/\/turkiyemhaber.com\/index.php?rest_route=%2Fwp%2Fv2%2Fmedia&parent=1283"}],"wp:term":[{"taxonomy":"category","embeddable":true,"href":"https:\/\/turkiyemhaber.com\/index.php?rest_route=%2Fwp%2Fv2%2Fcategories&post=1283"},{"taxonomy":"post_tag","embeddable":true,"href":"https:\/\/turkiyemhaber.com\/index.php?rest_route=%2Fwp%2Fv2%2Ftags&post=1283"}],"curies":[{"name":"wp","href":"https:\/\/api.w.org\/{rel}","templated":true}]}}