{"id":1280,"date":"2026-05-17T08:59:11","date_gmt":"2026-05-17T08:59:11","guid":{"rendered":"https:\/\/turkiyemhaber.com\/?p=1280"},"modified":"2026-05-17T08:59:14","modified_gmt":"2026-05-17T08:59:14","slug":"senol-gunesten-besiktasa-geri-donus-iddialari-icin-yanit","status":"publish","type":"post","link":"https:\/\/turkiyemhaber.com\/?p=1280","title":{"rendered":"\u015eenol G\u00fcne\u015f&#8217;ten Be\u015fikta\u015f&#8217;a geri d\u00f6n\u00fc\u015f iddialar\u0131 i\u00e7in yan\u0131t"},"content":{"rendered":"\n<p class=\"wp-block-paragraph\">Be\u015fikta\u015f&#8217;ta Sergen Yal\u00e7\u0131n&#8217;\u0131n yerine teknik direkt\u00f6rl\u00fck g\u00f6revine getirilece\u011fi iddia edilen \u015eenol G\u00fcne\u015f, konuyla ilgili ilk kez konu\u015ftu. Geri d\u00f6n\u00fc\u015f\u00fc hakk\u0131nda konu\u015fan deneyimli hoca, &#8220;Karar\u0131 verecek olan say\u0131n ba\u015fkand\u0131r, \u015fu anda Sergen hoca g\u00f6reve devam etti\u011fine ve devam edece\u011fi y\u00f6n\u00fcnde a\u00e7\u0131klamalar yapt\u0131\u011f\u0131na g\u00f6re benim bir niyet belirtmem sayg\u0131s\u0131zl\u0131k olur&#8221; ifadelerini kulland\u0131.<\/p>\n\n\n\n<p class=\"wp-block-paragraph\">Be\u015fikta\u015f&#8217;ta teknik direkt\u00f6r Sergen Yal\u00e7\u0131n\u2019\u0131n yerine \u015eenol G\u00fcne\u015f\u2019in g\u00f6reve getirilece\u011fi y\u00f6n\u00fcndeki iddialar g\u00fcndemi sarsarken, tecr\u00fcbeli teknik adam sessizli\u011fini bozdu. Be\u015fikta\u015f&#8217;ta daha \u00f6nce iki farkl\u0131 d\u00f6nemde g\u00f6rev alan G\u00fcne\u015f, hakk\u0131nda \u00e7\u0131kan iddialara yan\u0131t verdi.\u00a0<\/p>\n\n\n\n<h3 class=\"wp-block-heading\">&#8221;TARAFTARIN SEVG\u0130S\u0130 HER \u015eEYDEN \u00d6NEML\u0130&#8221;<\/h3>\n\n\n\n<p class=\"wp-block-paragraph\"><a href=\"https:\/\/www.sondakika.com\/Spor\/\">Spor<\/a>&nbsp;yorumcusu Ali Ece&#8217;ye konu\u015fan \u015eenol G\u00fcne\u015f, Ad\u0131n\u0131n yeniden Be\u015fikta\u015f ile an\u0131lmas\u0131ndan gurur duydu\u011funu belirterek,&nbsp;&#8220;M\u00fchim olan bir g\u00f6reve gelmek de\u011fil, o g\u00f6reve gelmeniz i\u00e7in lay\u0131k g\u00f6r\u00fclen sevgiyi kaybetmemektir. Beni bu g\u00f6reve lay\u0131k g\u00f6ren t\u00fcm Be\u015fikta\u015f taraftarlar\u0131na te\u015fekk\u00fcr ediyorum.&#8221; dedi.&nbsp;<\/p>\n\n\n\n<figure class=\"wp-block-image\"><img decoding=\"async\" src=\"https:\/\/foto.sondakika.com\/haber\/2026\/05\/16\/senol-gunesten-besiktasa-geri-87720806-9767_1_m.jpg\" alt=\"\u015eenol G\u00fcne\u015f'ten Be\u015fikta\u015f'a geri d\u00f6n\u00fc\u015f iddialar\u0131 i\u00e7in yan\u0131t\"\/><\/figure>\n\n\n\n<h3 class=\"wp-block-heading\">&#8221;N\u0130YET BEL\u0130RTMEM SAYGISIZLIK OLUR&#8221;<\/h3>\n\n\n\n<p class=\"wp-block-paragraph\">G\u00fcne\u015f, &#8220;Be\u015fikta\u015f\u2019\u0131n ba\u015f\u0131na yeniden ge\u00e7ecek misiniz?&#8221; sorusuna cevap vererek,&nbsp;&#8220;Karar\u0131 verecek olan say\u0131n ba\u015fkand\u0131r, \u015fu anda Sergen hoca g\u00f6reve devam etti\u011fine ve devam edece\u011fi y\u00f6n\u00fcnde a\u00e7\u0131klamalar yapt\u0131\u011f\u0131na g\u00f6re benim bir niyet belirtmem sayg\u0131s\u0131zl\u0131k olur.&#8221; ifadelerini kulland\u0131.&nbsp;<\/p>\n\n\n\n<h3 class=\"wp-block-heading\">BE\u015e\u0130KTA\u015e&#8217;TAK\u0130 GE\u00c7M\u0130\u015e D\u00d6NEMLER\u0130<\/h3>\n\n\n\n<p class=\"wp-block-paragraph\">Deneyimli \u00e7al\u0131\u015ft\u0131r\u0131c\u0131, 2015-2019 y\u0131llar\u0131 aras\u0131ndaki ilk Be\u015fikta\u015f d\u00f6neminde tak\u0131m\u0131 iki kez \u00fcst \u00fcste S\u00fcper Lig \u015fampiyonlu\u011funa ta\u015f\u0131m\u0131\u015f ve \u015eampiyonlar Ligi\u2019nde nama\u011flup gruptan lider \u00e7\u0131kararak tarihi bir ba\u015far\u0131ya imza atm\u0131\u015ft\u0131. 2022-2023 y\u0131llar\u0131nda siyah-beyazl\u0131 ekibin ba\u015f\u0131na ikinci kez ge\u00e7en \u015eenol G\u00fcne\u015f, bu d\u00f6nemde ise beklentilerin uza\u011f\u0131nda kalm\u0131\u015ft\u0131.<\/p>\n","protected":false},"excerpt":{"rendered":"<p>Be\u015fikta\u015f&#8217;ta Sergen Yal\u00e7\u0131n&#8217;\u0131n yerine teknik direkt\u00f6rl\u00fck g\u00f6revine getirilece\u011fi iddia edilen \u015eenol G\u00fcne\u015f, konuyla ilgili ilk<\/p>\n","protected":false},"author":1,"featured_media":1281,"comment_status":"open","ping_status":"open","sticky":false,"template":"","format":"standard","meta":{"_rtcl_gb_attr":"","footnotes":""},"categories":[1],"tags":[],"class_list":["post-1280","post","type-post","status-publish","format-standard","has-post-thumbnail","hentry","category-http-turkiyemhaber-com-wp-content-uploads-2026-03-saray-59-haber-13-mart-pdf"],"_links":{"self":[{"href":"https:\/\/turkiyemhaber.com\/index.php?rest_route=\/wp\/v2\/posts\/1280","targetHints":{"allow":["GET"]}}],"collection":[{"href":"https:\/\/turkiyemhaber.com\/index.php?rest_route=\/wp\/v2\/posts"}],"about":[{"href":"https:\/\/turkiyemhaber.com\/index.php?rest_route=\/wp\/v2\/types\/post"}],"author":[{"embeddable":true,"href":"https:\/\/turkiyemhaber.com\/index.php?rest_route=\/wp\/v2\/users\/1"}],"replies":[{"embeddable":true,"href":"https:\/\/turkiyemhaber.com\/index.php?rest_route=%2Fwp%2Fv2%2Fcomments&post=1280"}],"version-history":[{"count":1,"href":"https:\/\/turkiyemhaber.com\/index.php?rest_route=\/wp\/v2\/posts\/1280\/revisions"}],"predecessor-version":[{"id":1282,"href":"https:\/\/turkiyemhaber.com\/index.php?rest_route=\/wp\/v2\/posts\/1280\/revisions\/1282"}],"wp:featuredmedia":[{"embeddable":true,"href":"https:\/\/turkiyemhaber.com\/index.php?rest_route=\/wp\/v2\/media\/1281"}],"wp:attachment":[{"href":"https:\/\/turkiyemhaber.com\/index.php?rest_route=%2Fwp%2Fv2%2Fmedia&parent=1280"}],"wp:term":[{"taxonomy":"category","embeddable":true,"href":"https:\/\/turkiyemhaber.com\/index.php?rest_route=%2Fwp%2Fv2%2Fcategories&post=1280"},{"taxonomy":"post_tag","embeddable":true,"href":"https:\/\/turkiyemhaber.com\/index.php?rest_route=%2Fwp%2Fv2%2Ftags&post=1280"}],"curies":[{"name":"wp","href":"https:\/\/api.w.org\/{rel}","templated":true}]}}