{"id":1274,"date":"2026-05-17T08:55:12","date_gmt":"2026-05-17T08:55:12","guid":{"rendered":"https:\/\/turkiyemhaber.com\/?p=1274"},"modified":"2026-05-17T08:55:16","modified_gmt":"2026-05-17T08:55:16","slug":"goruntu-turkiyeden-vatandaslar-toplanip-sukur-duasi-yapti","status":"publish","type":"post","link":"https:\/\/turkiyemhaber.com\/?p=1274","title":{"rendered":"G\u00f6r\u00fcnt\u00fc T\u00fcrkiye&#8217;den! Vatanda\u015flar toplan\u0131p \u015f\u00fck\u00fcr duas\u0131 yapt\u0131"},"content":{"rendered":"\n<p class=\"wp-block-paragraph\">Aksaray\u2019\u0131n Sultanhan\u0131 il\u00e7esinde bu y\u0131l ya\u011f\u0131\u015flar\u0131n bol ge\u00e7mesi nedeniyle \u015f\u00fck\u00fcr duas\u0131 d\u00fczenlendi. Tarihi Sultanhan\u0131 Kervansaray\u0131 yan\u0131nda ger\u00e7ekle\u015ftirilen programda vatanda\u015flar bereket i\u00e7in dua ederken, etkinlik sonunda a\u015fure ikram edildi.<\/p>\n\n\n\n<p class=\"wp-block-paragraph\">Aksaray\u2019\u0131n Sultanhan\u0131 il\u00e7esinde bu y\u0131l ya\u011f\u0131\u015flar\u0131n bol ve bereketli ge\u00e7mesi nedeniyle \u015f\u00fck\u00fcr duas\u0131 yap\u0131ld\u0131. Tarihi Sultanhan\u0131 Kervansaray\u0131\u2019n\u0131n yan\u0131nda d\u00fczenlenen etkinlikte vatanda\u015flar bereketin devam\u0131 i\u00e7in dua etti.<\/p>\n\n\n\n<h3 class=\"wp-block-heading\">YO\u011eUN KATILIM OLDU<\/h3>\n\n\n\n<p class=\"wp-block-paragraph\">Sultanhan\u0131 \u0130l\u00e7e M\u00fcft\u00fcl\u00fc\u011f\u00fc taraf\u0131ndan organize edilen program, tarihi Sultanhan\u0131 Kervansaray\u0131\u2019n\u0131n yan\u0131 ba\u015f\u0131ndaki alanda ger\u00e7ekle\u015ftirildi.&nbsp;Topraklar\u0131n suya doymas\u0131 ve verimli bir sezon ge\u00e7irilmesi nedeniyle d\u00fczenlenen etkinli\u011fe il\u00e7e protokol\u00fc ve \u00e7ok say\u0131da vatanda\u015f kat\u0131ld\u0131.&nbsp;Programa Sultanhan\u0131 Kaymakam\u0131 Bilal G\u00f6ksun da kat\u0131larak vatanda\u015flarla birlikte dua etti.<\/p>\n\n\n\n<h3 class=\"wp-block-heading\">VATANDA\u015eLAR BEREKET \u0130\u00c7\u0130N DUA ETT\u0130<\/h3>\n\n\n\n<p class=\"wp-block-paragraph\">Etkinlikte bir araya gelen il\u00e7e sakinleri, ya\u011f\u0131\u015flar\u0131n devam etmesi ve bereketli sezonun s\u00fcrmesi i\u00e7in ellerini semaya a\u00e7t\u0131.&nbsp;Sultanhan\u0131 M\u00fcft\u00fcs\u00fc Selman \u00c7ilo\u011flu taraf\u0131ndan yap\u0131lan \u015f\u00fck\u00fcr duas\u0131n\u0131n ard\u0131ndan vatanda\u015flara a\u015fure ikram edildi.<\/p>\n\n\n\n<h3 class=\"wp-block-heading\">TAR\u0130H\u0130 KERVANSARAY G\u00d6LGES\u0130NDE B\u0130RL\u0130K MESAJI<\/h3>\n\n\n\n<p class=\"wp-block-paragraph\">Tarihi Sultanhan\u0131 Kervansaray\u0131\u2019n\u0131n g\u00f6lgesinde ger\u00e7ekle\u015fen etkinlikte, hem bereket i\u00e7in \u015f\u00fckredildi hem de birlik ve beraberlik mesajlar\u0131 verildi.&nbsp;Program yap\u0131lan ikramlar\u0131n ard\u0131ndan sona erdi.<\/p>\n\n\n\n<h3 class=\"wp-block-heading\">O anlardan kareler;&nbsp;<\/h3>\n\n\n\n<figure class=\"wp-block-image\"><img decoding=\"async\" src=\"http:\/\/foto.sondakika.com\/haber\/2026\/05\/16\/aksaray-da-yogun-yagis-nedeniyle-sukur-duasi-3-19852779_o.jpg\" alt=\"G\u00f6r\u00fcnt\u00fc T\u00fcrkiye'den! Vatanda\u015flar toplan\u0131p \u015f\u00fck\u00fcr duas\u0131 yapt\u0131\"\/><\/figure>\n\n\n\n<figure class=\"wp-block-image\"><img decoding=\"async\" src=\"http:\/\/foto.sondakika.com\/haber\/2026\/05\/16\/aksaray-da-yogun-yagis-nedeniyle-sukur-duasi-4-19852779_o.jpg\" alt=\"G\u00f6r\u00fcnt\u00fc T\u00fcrkiye'den! Vatanda\u015flar toplan\u0131p \u015f\u00fck\u00fcr duas\u0131 yapt\u0131\"\/><\/figure>\n\n\n\n<figure class=\"wp-block-image\"><img decoding=\"async\" src=\"http:\/\/foto.sondakika.com\/haber\/2026\/05\/16\/aksaray-da-yogun-yagis-nedeniyle-sukur-duasi-5-19852779_o.jpg\" alt=\"G\u00f6r\u00fcnt\u00fc T\u00fcrkiye'den! Vatanda\u015flar toplan\u0131p \u015f\u00fck\u00fcr duas\u0131 yapt\u0131\"\/><\/figure>\n\n\n\n<figure class=\"wp-block-image\"><img decoding=\"async\" src=\"http:\/\/foto.sondakika.com\/haber\/2026\/05\/16\/aksaray-da-yogun-yagis-nedeniyle-sukur-duasi-6-19852779_o.jpg\" alt=\"G\u00f6r\u00fcnt\u00fc T\u00fcrkiye'den! Vatanda\u015flar toplan\u0131p \u015f\u00fck\u00fcr duas\u0131 yapt\u0131\"\/><\/figure>\n","protected":false},"excerpt":{"rendered":"<p>Aksaray\u2019\u0131n Sultanhan\u0131 il\u00e7esinde bu y\u0131l ya\u011f\u0131\u015flar\u0131n bol ge\u00e7mesi nedeniyle \u015f\u00fck\u00fcr duas\u0131 d\u00fczenlendi. Tarihi Sultanhan\u0131 Kervansaray\u0131<\/p>\n","protected":false},"author":1,"featured_media":1275,"comment_status":"open","ping_status":"open","sticky":false,"template":"","format":"standard","meta":{"_rtcl_gb_attr":"","footnotes":""},"categories":[1],"tags":[],"class_list":["post-1274","post","type-post","status-publish","format-standard","has-post-thumbnail","hentry","category-http-turkiyemhaber-com-wp-content-uploads-2026-03-saray-59-haber-13-mart-pdf"],"_links":{"self":[{"href":"https:\/\/turkiyemhaber.com\/index.php?rest_route=\/wp\/v2\/posts\/1274","targetHints":{"allow":["GET"]}}],"collection":[{"href":"https:\/\/turkiyemhaber.com\/index.php?rest_route=\/wp\/v2\/posts"}],"about":[{"href":"https:\/\/turkiyemhaber.com\/index.php?rest_route=\/wp\/v2\/types\/post"}],"author":[{"embeddable":true,"href":"https:\/\/turkiyemhaber.com\/index.php?rest_route=\/wp\/v2\/users\/1"}],"replies":[{"embeddable":true,"href":"https:\/\/turkiyemhaber.com\/index.php?rest_route=%2Fwp%2Fv2%2Fcomments&post=1274"}],"version-history":[{"count":1,"href":"https:\/\/turkiyemhaber.com\/index.php?rest_route=\/wp\/v2\/posts\/1274\/revisions"}],"predecessor-version":[{"id":1276,"href":"https:\/\/turkiyemhaber.com\/index.php?rest_route=\/wp\/v2\/posts\/1274\/revisions\/1276"}],"wp:featuredmedia":[{"embeddable":true,"href":"https:\/\/turkiyemhaber.com\/index.php?rest_route=\/wp\/v2\/media\/1275"}],"wp:attachment":[{"href":"https:\/\/turkiyemhaber.com\/index.php?rest_route=%2Fwp%2Fv2%2Fmedia&parent=1274"}],"wp:term":[{"taxonomy":"category","embeddable":true,"href":"https:\/\/turkiyemhaber.com\/index.php?rest_route=%2Fwp%2Fv2%2Fcategories&post=1274"},{"taxonomy":"post_tag","embeddable":true,"href":"https:\/\/turkiyemhaber.com\/index.php?rest_route=%2Fwp%2Fv2%2Ftags&post=1274"}],"curies":[{"name":"wp","href":"https:\/\/api.w.org\/{rel}","templated":true}]}}