{"id":1271,"date":"2026-05-17T08:52:31","date_gmt":"2026-05-17T08:52:31","guid":{"rendered":"https:\/\/turkiyemhaber.com\/?p=1271"},"modified":"2026-05-17T08:52:35","modified_gmt":"2026-05-17T08:52:35","slug":"kadin-doktor-avukat-sevgilisinin-evinin-terasindan-dustu-o-anlar-kamerada","status":"publish","type":"post","link":"https:\/\/turkiyemhaber.com\/?p=1271","title":{"rendered":"Kad\u0131n doktor, avukat sevgilisinin evinin teras\u0131ndan d\u00fc\u015ft\u00fc! O anlar kamerada"},"content":{"rendered":"\n<p class=\"wp-block-paragraph\">\u0130stanbul Ka\u011f\u0131thane\u2019de erkek arkada\u015f\u0131n\u0131n evine giden n\u00f6roloji doktoru A.\u00d6.K., binan\u0131n 4\u2019\u00fcnc\u00fc kat\u0131ndaki terastan d\u00fc\u015ferek a\u011f\u0131r yaraland\u0131. Yo\u011fun bak\u0131mda tedavi alt\u0131na al\u0131nan gen\u00e7 doktorun d\u00fc\u015fme an\u0131 g\u00fcvenlik kameralar\u0131na yans\u0131d\u0131.<\/p>\n\n\n\n<p class=\"wp-block-paragraph\">\u0130stanbul Ka\u011f\u0131thane\u2019de n\u00f6roloji doktoru oldu\u011fu \u00f6\u011frenilen 29 ya\u015f\u0131ndaki A.\u00d6.K., erkek arkada\u015f\u0131n\u0131n ya\u015fad\u0131\u011f\u0131 binan\u0131n 4\u2019\u00fcnc\u00fc kat\u0131ndaki terastan d\u00fc\u015ferek a\u011f\u0131r yaraland\u0131. A\u011faca \u00e7arpt\u0131ktan sonra kald\u0131r\u0131ma savrulan gen\u00e7 doktorun yo\u011fun bak\u0131mda tedavi alt\u0131na al\u0131nd\u0131\u011f\u0131 \u00f6\u011frenildi.<\/p>\n\n\n\n<p class=\"wp-block-paragraph\">Olay, 14 May\u0131s Per\u015fembe g\u00fcn\u00fc saat 07.00 s\u0131ralar\u0131nda Ka\u011f\u0131thane Telsizler Mahallesi\u2019nde meydana geldi.&nbsp;\u0130ddiaya g\u00f6re Gaziosmanpa\u015fa\u2019daki bir hastanede n\u00f6roloji doktoru olarak g\u00f6rev yapan A.\u00d6.K., gece saatlerinde avukat olan erkek arkada\u015f\u0131 \u00d6zg\u00fcr Y.\u2019nin evine gitti.&nbsp;Evde hen\u00fcz bilinmeyen nedenle ikili aras\u0131nda tart\u0131\u015fma \u00e7\u0131kt\u0131\u011f\u0131 \u00f6ne s\u00fcr\u00fcld\u00fc. Tart\u0131\u015fma s\u0131ras\u0131nda A.\u00d6.K.\u2019nin yere cam bardak att\u0131\u011f\u0131 iddia edildi.<\/p>\n\n\n\n<h3 class=\"wp-block-heading\">TERASTAN D\u00dc\u015eT\u00dc<\/h3>\n\n\n\n<p class=\"wp-block-paragraph\">Bir s\u00fcre sonra uyuyan \u00e7iftin sabah alarm sesiyle uyand\u0131\u011f\u0131 \u00f6\u011frenildi. \u0130ddiaya g\u00f6re k\u0131sa s\u00fcre sonra A.\u00d6.K., binan\u0131n 4\u2019\u00fcnc\u00fc kat\u0131ndaki terastan a\u015fa\u011f\u0131 d\u00fc\u015ft\u00fc.&nbsp;\u00d6nce bina yan\u0131nda bulunan a\u011faca \u00e7arpan gen\u00e7 doktor, ard\u0131ndan kald\u0131r\u0131ma savruldu.&nbsp;\u00c7evredeki vatanda\u015flar\u0131n ihbar\u0131 \u00fczerine olay yerine sa\u011fl\u0131k ve polis ekipleri sevk edildi.<\/p>\n\n\n\n<h3 class=\"wp-block-heading\">YO\u011eUN BAKIMDA TEDAV\u0130 G\u00d6R\u00dcYOR<\/h3>\n\n\n\n<p class=\"wp-block-paragraph\">A\u011f\u0131r yaralanan kad\u0131n doktor, sa\u011fl\u0131k ekiplerinin olay yerindeki ilk m\u00fcdahalesinin ard\u0131ndan Seyrantepe Hamidiye E\u011fitim ve Ara\u015ft\u0131rma Hastanesi\u2019ne kald\u0131r\u0131ld\u0131.&nbsp;Ent\u00fcbe edilen A.\u00d6.K.\u2019nin yo\u011fun bak\u0131mda tedavisinin s\u00fcrd\u00fc\u011f\u00fc \u00f6\u011frenildi.<\/p>\n\n\n\n<h3 class=\"wp-block-heading\">D\u00dc\u015eME ANI KAMERADA<\/h3>\n\n\n\n<p class=\"wp-block-paragraph\">\u00d6te yandan gen\u00e7 doktorun d\u00fc\u015fme an\u0131 \u00e7evredeki g\u00fcvenlik kameralar\u0131na da yans\u0131d\u0131.&nbsp;G\u00f6r\u00fcnt\u00fclerde A.\u00d6.K.\u2019nin erkek arkada\u015f\u0131n\u0131n bulundu\u011fu binaya giri\u015f yapt\u0131\u011f\u0131 ve daha sonra teras kat\u0131ndan d\u00fc\u015ft\u00fc\u011f\u00fc anlar yer ald\u0131.&nbsp;Polis ekiplerinin olayla ilgili incelemesinin s\u00fcrd\u00fc\u011f\u00fc bildirildi.<\/p>\n","protected":false},"excerpt":{"rendered":"<p>\u0130stanbul Ka\u011f\u0131thane\u2019de erkek arkada\u015f\u0131n\u0131n evine giden n\u00f6roloji doktoru A.\u00d6.K., binan\u0131n 4\u2019\u00fcnc\u00fc kat\u0131ndaki terastan d\u00fc\u015ferek a\u011f\u0131r<\/p>\n","protected":false},"author":1,"featured_media":1272,"comment_status":"open","ping_status":"open","sticky":false,"template":"","format":"standard","meta":{"_rtcl_gb_attr":"","footnotes":""},"categories":[43],"tags":[],"class_list":["post-1271","post","type-post","status-publish","format-standard","has-post-thumbnail","hentry","category-son-dakika"],"_links":{"self":[{"href":"https:\/\/turkiyemhaber.com\/index.php?rest_route=\/wp\/v2\/posts\/1271","targetHints":{"allow":["GET"]}}],"collection":[{"href":"https:\/\/turkiyemhaber.com\/index.php?rest_route=\/wp\/v2\/posts"}],"about":[{"href":"https:\/\/turkiyemhaber.com\/index.php?rest_route=\/wp\/v2\/types\/post"}],"author":[{"embeddable":true,"href":"https:\/\/turkiyemhaber.com\/index.php?rest_route=\/wp\/v2\/users\/1"}],"replies":[{"embeddable":true,"href":"https:\/\/turkiyemhaber.com\/index.php?rest_route=%2Fwp%2Fv2%2Fcomments&post=1271"}],"version-history":[{"count":1,"href":"https:\/\/turkiyemhaber.com\/index.php?rest_route=\/wp\/v2\/posts\/1271\/revisions"}],"predecessor-version":[{"id":1273,"href":"https:\/\/turkiyemhaber.com\/index.php?rest_route=\/wp\/v2\/posts\/1271\/revisions\/1273"}],"wp:featuredmedia":[{"embeddable":true,"href":"https:\/\/turkiyemhaber.com\/index.php?rest_route=\/wp\/v2\/media\/1272"}],"wp:attachment":[{"href":"https:\/\/turkiyemhaber.com\/index.php?rest_route=%2Fwp%2Fv2%2Fmedia&parent=1271"}],"wp:term":[{"taxonomy":"category","embeddable":true,"href":"https:\/\/turkiyemhaber.com\/index.php?rest_route=%2Fwp%2Fv2%2Fcategories&post=1271"},{"taxonomy":"post_tag","embeddable":true,"href":"https:\/\/turkiyemhaber.com\/index.php?rest_route=%2Fwp%2Fv2%2Ftags&post=1271"}],"curies":[{"name":"wp","href":"https:\/\/api.w.org\/{rel}","templated":true}]}}