{"id":1268,"date":"2026-05-17T08:51:09","date_gmt":"2026-05-17T08:51:09","guid":{"rendered":"https:\/\/turkiyemhaber.com\/?p=1268"},"modified":"2026-05-17T08:51:13","modified_gmt":"2026-05-17T08:51:13","slug":"sampiyonluk-geldi-ortalik-yikildi-mac-biter-bitmez-yuzlerce-taraftar-sahaya-girdi","status":"publish","type":"post","link":"https:\/\/turkiyemhaber.com\/?p=1268","title":{"rendered":"\u015eampiyonluk geldi ortal\u0131k y\u0131k\u0131ld\u0131! Ma\u00e7 biter bitmez y\u00fczlerce taraftar sahaya girdi"},"content":{"rendered":"\n<p class=\"wp-block-paragraph\">Celtic\u2019in son 10 dakikada gelen gollerle \u015fampiyon olmas\u0131 sonras\u0131 taraftarlar sahaya girdi. Celtic Park\u2019ta b\u00fcy\u00fck kutlamalar ya\u015fand\u0131.<\/p>\n\n\n\n<p class=\"wp-block-paragraph\">\u0130sko\u00e7ya Premiership\u2019te&nbsp;<a href=\"https:\/\/www.sondakika.com\/hearts\/\">Hearts<\/a>&nbsp;kar\u015f\u0131s\u0131nda son dakikalarda \u015fampiyonlu\u011fa ula\u015fan Celtic\u2019te ma\u00e7\u0131n biti\u015f d\u00fcd\u00fc\u011f\u00fcyle birlikte b\u00fcy\u00fck sevin\u00e7 ya\u015fand\u0131.<\/p>\n\n\n\n<h3 class=\"wp-block-heading\">\u015eAMP\u0130YONLUK SON 10 DAK\u0130KADA GELD\u0130<\/h3>\n\n\n\n<p class=\"wp-block-paragraph\">Hearts\u2019\u0131n 41 y\u0131ll\u0131k hegemonyay\u0131 sona erdirme hayali, Celtic\u2019in son dakikalarda buldu\u011fu gollerle sona erdi. 87.&nbsp;dakikada \u00f6ne ge\u00e7en Celtic, uzatma anlar\u0131nda att\u0131\u011f\u0131 golle m\u00fccadeleyi 3-1 kazand\u0131.<\/p>\n\n\n\n<figure class=\"wp-block-image\"><img decoding=\"async\" src=\"https:\/\/foto.sondakika.com\/haber\/2026\/05\/16\/sampiyonluk-geldi-ortalik-yiki-19852843-8704_1_m.jpg\" alt=\"\u015eampiyonluk geldi ortal\u0131k y\u0131k\u0131ld\u0131! Ma\u00e7 biter bitmez y\u00fczlerce taraftar sahaya girdi\"\/><\/figure>\n\n\n\n<h3 class=\"wp-block-heading\">TARAFTARLAR SAHAYA G\u0130RD\u0130<\/h3>\n\n\n\n<p class=\"wp-block-paragraph\">Kar\u015f\u0131la\u015fman\u0131n sona ermesinin ard\u0131ndan Celtic taraftarlar\u0131 b\u00fcy\u00fck co\u015fku ya\u015fad\u0131.&nbsp;Trib\u00fcnlerden sahaya giren taraftarlar futbolcularla birlikte \u015fampiyonlu\u011fu kutlad\u0131.<\/p>\n\n\n\n<figure class=\"wp-block-image\"><img decoding=\"async\" src=\"https:\/\/foto.sondakika.com\/haber\/2026\/05\/16\/sampiyonluk-geldi-ortalik-yiki-19852843-7580_2_m.jpg\" alt=\"\u015eampiyonluk geldi ortal\u0131k y\u0131k\u0131ld\u0131! Ma\u00e7 biter bitmez y\u00fczlerce taraftar sahaya girdi\"\/><\/figure>\n\n\n\n<figure class=\"wp-block-image\"><img decoding=\"async\" src=\"https:\/\/foto.sondakika.com\/haber\/2026\/05\/16\/sampiyonluk-geldi-ortalik-yiki-19852843-9780_3_m.jpg\" alt=\"\u015eampiyonluk geldi ortal\u0131k y\u0131k\u0131ld\u0131! Ma\u00e7 biter bitmez y\u00fczlerce taraftar sahaya girdi\"\/><\/figure>\n\n\n\n<figure class=\"wp-block-image\"><img decoding=\"async\" src=\"https:\/\/foto.sondakika.com\/haber\/2026\/05\/16\/sampiyonluk-geldi-ortalik-yiki-19852843-3564_4_m.jpg\" alt=\"\u015eampiyonluk geldi ortal\u0131k y\u0131k\u0131ld\u0131! Ma\u00e7 biter bitmez y\u00fczlerce taraftar sahaya girdi\"\/><\/figure>\n\n\n\n<h3 class=\"wp-block-heading\">STADYUMDA B\u00dcY\u00dcK SEV\u0130N\u00c7<\/h3>\n\n\n\n<p class=\"wp-block-paragraph\">Celtic Park\u2019ta ma\u00e7 sonunda adeta bayram havas\u0131 olu\u015ftu.&nbsp;Oyuncular ve taraftarlar uzun s\u00fcre birlikte kutlama yapt\u0131.&nbsp;1 puan\u0131n bile \u015fampiyonluk i\u00e7in yeterli oldu\u011fu ma\u00e7ta Hearts, son dakikalarda gelen gollerle b\u00fcy\u00fck y\u0131k\u0131m ya\u015fad\u0131.&nbsp;B\u00f6ylece \u0130sko\u00e7ya\u2019da Celtic ve Rangers\u2019\u0131n 41 y\u0131ll\u0131k \u015fampiyonluk \u00fcst\u00fcnl\u00fc\u011f\u00fc devam etti.<\/p>\n","protected":false},"excerpt":{"rendered":"<p>Celtic\u2019in son 10 dakikada gelen gollerle \u015fampiyon olmas\u0131 sonras\u0131 taraftarlar sahaya girdi. Celtic Park\u2019ta b\u00fcy\u00fck<\/p>\n","protected":false},"author":1,"featured_media":1269,"comment_status":"open","ping_status":"open","sticky":false,"template":"","format":"standard","meta":{"_rtcl_gb_attr":"","footnotes":""},"categories":[3],"tags":[],"class_list":["post-1268","post","type-post","status-publish","format-standard","has-post-thumbnail","hentry","category-spor"],"_links":{"self":[{"href":"https:\/\/turkiyemhaber.com\/index.php?rest_route=\/wp\/v2\/posts\/1268","targetHints":{"allow":["GET"]}}],"collection":[{"href":"https:\/\/turkiyemhaber.com\/index.php?rest_route=\/wp\/v2\/posts"}],"about":[{"href":"https:\/\/turkiyemhaber.com\/index.php?rest_route=\/wp\/v2\/types\/post"}],"author":[{"embeddable":true,"href":"https:\/\/turkiyemhaber.com\/index.php?rest_route=\/wp\/v2\/users\/1"}],"replies":[{"embeddable":true,"href":"https:\/\/turkiyemhaber.com\/index.php?rest_route=%2Fwp%2Fv2%2Fcomments&post=1268"}],"version-history":[{"count":1,"href":"https:\/\/turkiyemhaber.com\/index.php?rest_route=\/wp\/v2\/posts\/1268\/revisions"}],"predecessor-version":[{"id":1270,"href":"https:\/\/turkiyemhaber.com\/index.php?rest_route=\/wp\/v2\/posts\/1268\/revisions\/1270"}],"wp:featuredmedia":[{"embeddable":true,"href":"https:\/\/turkiyemhaber.com\/index.php?rest_route=\/wp\/v2\/media\/1269"}],"wp:attachment":[{"href":"https:\/\/turkiyemhaber.com\/index.php?rest_route=%2Fwp%2Fv2%2Fmedia&parent=1268"}],"wp:term":[{"taxonomy":"category","embeddable":true,"href":"https:\/\/turkiyemhaber.com\/index.php?rest_route=%2Fwp%2Fv2%2Fcategories&post=1268"},{"taxonomy":"post_tag","embeddable":true,"href":"https:\/\/turkiyemhaber.com\/index.php?rest_route=%2Fwp%2Fv2%2Ftags&post=1268"}],"curies":[{"name":"wp","href":"https:\/\/api.w.org\/{rel}","templated":true}]}}