{"id":1265,"date":"2026-05-17T08:49:30","date_gmt":"2026-05-17T08:49:30","guid":{"rendered":"https:\/\/turkiyemhaber.com\/?p=1265"},"modified":"2026-05-17T08:49:34","modified_gmt":"2026-05-17T08:49:34","slug":"iran-avrupa-ulkeleri-gecis-izni-almak-icin-muzakerelere-basladi","status":"publish","type":"post","link":"https:\/\/turkiyemhaber.com\/?p=1265","title":{"rendered":"\u0130ran: Avrupa \u00fclkeleri, ge\u00e7i\u015f izni almak i\u00e7in m\u00fczakerelere ba\u015flad\u0131"},"content":{"rendered":"\n<p class=\"wp-block-paragraph\">\u0130ran Meclisi Ulusal G\u00fcvenlik ve D\u0131\u015f Politika Komisyonu Ba\u015fkan\u0131 \u0130brahim Azizi, H\u00fcrm\u00fcz Bo\u011faz\u0131&#8217;ndaki gemi trafi\u011fini y\u00f6netmek amac\u0131yla yeni bir ge\u00e7i\u015f mekanizmas\u0131 haz\u0131rland\u0131\u011f\u0131n\u0131 a\u00e7\u0131klarken, devlet televizyonu ise baz\u0131 Avrupa \u00fclkelerinin, kendilerine ait ticari gemilerin H\u00fcrm\u00fcz Bo\u011faz\u0131\u2019ndan ge\u00e7i\u015f yapabilmesi i\u00e7in izin talebinde bulundu\u011funu ve bu y\u00f6nde g\u00f6r\u00fc\u015fmeler y\u00fcr\u00fctt\u00fc\u011f\u00fcn\u00fc \u00f6ne s\u00fcrd\u00fc.<\/p>\n\n\n\n<p class=\"wp-block-paragraph\">K\u00fcresel enerji ticaretinin en kritik ge\u00e7i\u015f noktalar\u0131ndan biri olan&nbsp;<a href=\"https:\/\/www.sondakika.com\/hurmuz-bogazi\/\">H\u00fcrm\u00fcz Bo\u011faz\u0131<\/a>&#8216;nda gerilim s\u00fcrerken,&nbsp;<a href=\"https:\/\/www.sondakika.com\/iran\/\">\u0130ran<\/a>&#8216;dan dikkat \u00e7eken bir ad\u0131m geldi.<\/p>\n\n\n\n<h3 class=\"wp-block-heading\">H\u00dcRM\u00dcZ BO\u011eAZI \u0130\u00c7\u0130N YEN\u0130 GE\u00c7\u0130\u015e MEKAN\u0130ZMASI<\/h3>\n\n\n\n<p class=\"wp-block-paragraph\">\u0130ran Meclisi Ulusal&nbsp;<a href=\"https:\/\/www.sondakika.com\/guvenlik\/\">G\u00fcvenlik<\/a>&nbsp;ve D\u0131\u015f&nbsp;<a href=\"https:\/\/www.sondakika.com\/politika\/\">Politika<\/a>&nbsp;Komisyonu Ba\u015fkan\u0131 \u0130brahim Azizi, H\u00fcrm\u00fcz Bo\u011faz\u0131&#8217;ndaki gemi trafi\u011fini y\u00f6netmek amac\u0131yla yeni bir ge\u00e7i\u015f mekanizmas\u0131 haz\u0131rland\u0131\u011f\u0131n\u0131 ve bunun yak\u0131nda a\u00e7\u0131klanaca\u011f\u0131n\u0131 bildirdi. Azizi, yaln\u0131zca ticari gemilerin ve \u0130ran ile i\u015f birli\u011fi yapan taraflar\u0131n bu d\u00fczenlemeden faydalanabilece\u011fini belirtti. Ayr\u0131ca mekanizma kapsam\u0131nda sunulacak \u00f6zel hizmetler i\u00e7in \u00fccret al\u0131naca\u011f\u0131n\u0131 ifade etti.<\/p>\n\n\n\n<p class=\"wp-block-paragraph\"><img decoding=\"async\" alt=\"\u0130brahim Azizi\" src=\"https:\/\/foto.sondakika.com\/haber\/2026\/05\/16\/irandan-hurmuz-bogazi-icin-yen-19852814-9635_1_m.jpg\">\u0130brahim Azizi<\/p>\n\n\n\n<h3 class=\"wp-block-heading\">&#8220;AVRUPA \u00dcLKELER\u0130, GE\u00c7\u0130\u015e \u0130ZN\u0130 ALMAK \u0130\u00c7\u0130N M\u00dcZAKERELERE BA\u015eLADI&#8221;<\/h3>\n\n\n\n<p class=\"wp-block-paragraph\">\u0130ran devlet televizyonu ise Avrupa \u00fclkelerinin, gemilerin H\u00fcrm\u00fcz Bo\u011faz\u0131&#8217;ndan ge\u00e7i\u015fi konusunda Tahran ile g\u00f6r\u00fc\u015fmeler y\u00fcr\u00fctt\u00fc\u011f\u00fcn\u00fc duyurdu. Devlet televizyonunun haberinde, &#8220;Do\u011fu Asya \u00fclkeleri, \u00f6zellikle \u00c7in, Japonya ve Pakistan&#8217;a ait gemilerin ge\u00e7i\u015finin ard\u0131ndan bug\u00fcn Avrupa \u00fclkelerinin de Devrim Muhaf\u0131zlar\u0131 donanmas\u0131yla ge\u00e7i\u015f izni almak i\u00e7in m\u00fczakerelere ba\u015flad\u0131\u011f\u0131 y\u00f6n\u00fcnde bilgi ald\u0131k&#8221; denildi. Haberde bahsi ge\u00e7en \u00fclkelerin hangileri oldu\u011fu belirtilmedi.&nbsp;<\/p>\n\n\n\n<h3 class=\"wp-block-heading\">\u0130RAN&#8217;IN&nbsp;H\u00dcRM\u00dcZ&nbsp;BO\u011eAZI&#8217;NI KAPATMASI VE ABD&#8217;N\u0130N DEN\u0130Z ABLUKASI<\/h3>\n\n\n\n<p class=\"wp-block-paragraph\">\u0130ran, ABD-\u0130srail&#8217;in 28 \u015eubat&#8217;ta ortak sald\u0131r\u0131lar\u0131yla ba\u015flayan sava\u015f sonras\u0131nda k\u00fcresel enerjinin stratejik ge\u00e7i\u015f noktalar\u0131ndan&nbsp;H\u00fcrm\u00fcz&nbsp;Bo\u011faz\u0131&#8217;n\u0131 ge\u00e7i\u015flere kapatm\u0131\u015ft\u0131. Bu kararla petrol fiyatlar\u0131nda sava\u015f \u00f6ncesine k\u0131yasla y\u00fczde 65&#8217;lere kadar art\u0131\u015f g\u00f6r\u00fcld\u00fc.<\/p>\n\n\n\n<p class=\"wp-block-paragraph\">ABD ile \u0130ran aras\u0131nda 8 Nisan&#8217;da var\u0131lan ate\u015fkes anla\u015fmas\u0131 sonras\u0131nda Pakistan arabuluculu\u011funda yap\u0131lan g\u00f6r\u00fc\u015fmelerde sonu\u00e7 \u00e7\u0131kmay\u0131nca ABD Ba\u015fkan\u0131 Donald Trump, 13 Nisan&#8217;da \u0130ran&#8217;a deniz ablukas\u0131 uygulama karar\u0131 alm\u0131\u015f ve&nbsp;H\u00fcrm\u00fcz&nbsp;Bo\u011faz\u0131&#8217;na giri\u015f yapan ve \u00e7\u0131kan \u0130ran ba\u011flant\u0131l\u0131 gemilere m\u00fcdahale etmeye ba\u015flam\u0131\u015ft\u0131.<\/p>\n\n\n\n<figure class=\"wp-block-image\"><img decoding=\"async\" src=\"https:\/\/foto.sondakika.com\/haber\/2026\/05\/16\/irandan-hurmuz-bogazi-icin-yen-19852814-1286_1_m.jpg\" alt=\"\u0130ran: Avrupa \u00fclkeleri, ge\u00e7i\u015f izni almak i\u00e7in m\u00fczakerelere ba\u015flad\u0131\"\/><\/figure>\n\n\n\n<p class=\"wp-block-paragraph\">\u0130ran, 17 Nisan&#8217;da L\u00fcbnan&#8217;da ate\u015fkes sa\u011flanmas\u0131 \u00fczerine ate\u015fkes s\u00fcresince&nbsp;H\u00fcrm\u00fcz&nbsp;Bo\u011faz\u0131&#8217;n\u0131n \u0130ran donanmas\u0131 ile koordinasyon halinde olmak \u015fart\u0131yla ticari gemilerin ge\u00e7i\u015flerine a\u00e7\u0131k oldu\u011funu duyurmu\u015f ancak ABD&#8217;nin deniz ablukas\u0131na devam edece\u011fini duyurmas\u0131 \u00fczerine bo\u011fazdan ge\u00e7i\u015flere yeniden k\u0131s\u0131tlamalar getirdi\u011fini a\u00e7\u0131klam\u0131\u015ft\u0131.<\/p>\n\n\n\n<p class=\"wp-block-paragraph\">ABD, bu s\u00fcre\u00e7te Umman Denizi ve Hint Okyanusu&#8217;nda \u0130ran&#8217;a ait baz\u0131 ticari gemilere sald\u0131rarak ele ge\u00e7irmi\u015f \u0130ran da buna kar\u015f\u0131l\u0131k&nbsp;H\u00fcrm\u00fcz&nbsp;Bo\u011faz\u0131&nbsp;yak\u0131nlar\u0131nda biri \u0130srail&#8217;le ba\u011flant\u0131l\u0131 baz\u0131 gemilere m\u00fcdahale ederek el koymu\u015ftu.<\/p>\n","protected":false},"excerpt":{"rendered":"<p>\u0130ran Meclisi Ulusal G\u00fcvenlik ve D\u0131\u015f Politika Komisyonu Ba\u015fkan\u0131 \u0130brahim Azizi, H\u00fcrm\u00fcz Bo\u011faz\u0131&#8217;ndaki gemi trafi\u011fini<\/p>\n","protected":false},"author":1,"featured_media":1266,"comment_status":"open","ping_status":"open","sticky":false,"template":"","format":"standard","meta":{"_rtcl_gb_attr":"","footnotes":""},"categories":[1],"tags":[],"class_list":["post-1265","post","type-post","status-publish","format-standard","has-post-thumbnail","hentry","category-http-turkiyemhaber-com-wp-content-uploads-2026-03-saray-59-haber-13-mart-pdf"],"_links":{"self":[{"href":"https:\/\/turkiyemhaber.com\/index.php?rest_route=\/wp\/v2\/posts\/1265","targetHints":{"allow":["GET"]}}],"collection":[{"href":"https:\/\/turkiyemhaber.com\/index.php?rest_route=\/wp\/v2\/posts"}],"about":[{"href":"https:\/\/turkiyemhaber.com\/index.php?rest_route=\/wp\/v2\/types\/post"}],"author":[{"embeddable":true,"href":"https:\/\/turkiyemhaber.com\/index.php?rest_route=\/wp\/v2\/users\/1"}],"replies":[{"embeddable":true,"href":"https:\/\/turkiyemhaber.com\/index.php?rest_route=%2Fwp%2Fv2%2Fcomments&post=1265"}],"version-history":[{"count":1,"href":"https:\/\/turkiyemhaber.com\/index.php?rest_route=\/wp\/v2\/posts\/1265\/revisions"}],"predecessor-version":[{"id":1267,"href":"https:\/\/turkiyemhaber.com\/index.php?rest_route=\/wp\/v2\/posts\/1265\/revisions\/1267"}],"wp:featuredmedia":[{"embeddable":true,"href":"https:\/\/turkiyemhaber.com\/index.php?rest_route=\/wp\/v2\/media\/1266"}],"wp:attachment":[{"href":"https:\/\/turkiyemhaber.com\/index.php?rest_route=%2Fwp%2Fv2%2Fmedia&parent=1265"}],"wp:term":[{"taxonomy":"category","embeddable":true,"href":"https:\/\/turkiyemhaber.com\/index.php?rest_route=%2Fwp%2Fv2%2Fcategories&post=1265"},{"taxonomy":"post_tag","embeddable":true,"href":"https:\/\/turkiyemhaber.com\/index.php?rest_route=%2Fwp%2Fv2%2Ftags&post=1265"}],"curies":[{"name":"wp","href":"https:\/\/api.w.org\/{rel}","templated":true}]}}