{"id":1262,"date":"2026-05-17T08:47:36","date_gmt":"2026-05-17T08:47:36","guid":{"rendered":"https:\/\/turkiyemhaber.com\/?p=1262"},"modified":"2026-05-17T08:47:40","modified_gmt":"2026-05-17T08:47:40","slug":"eski-bashekim-gulistanin-son-goruldugu-bolgeden-gecmis","status":"publish","type":"post","link":"https:\/\/turkiyemhaber.com\/?p=1262","title":{"rendered":"Eski Ba\u015fhekim, G\u00fclistan&#8217;\u0131n son g\u00f6r\u00fcld\u00fc\u011f\u00fc b\u00f6lgeden ge\u00e7mi\u015f"},"content":{"rendered":"\n<p class=\"wp-block-paragraph\">Tunceli&#8217;de 5 Ocak 2020&#8217;den bu yana kay\u0131p olan, y\u0131llar sonra cinayete kurban gitti\u011fi ortaya \u00e7\u0131kan G\u00fclistan Doku ile ilgili y\u00fcr\u00fct\u00fclen soru\u015fturmaya ili\u015fkin Doku ailesinin avukat\u0131 Ali \u00c7imen, d\u00f6nemin Tunceli Devlet Hastanesi ba\u015fhekimi \u00c7a\u011fda\u015f \u00d6zdemir&#8217;in G\u00fclistan&#8217;\u0131n son g\u00f6r\u00fcld\u00fc\u011f\u00fc yerden arac\u0131yla ge\u00e7ti\u011fine dair PTS kay\u0131tlar\u0131n\u0131n oldu\u011funu belirtti. \u00c7imen, &#8220;\u00c7a\u011fda\u015f \u00d6zdemir&#8217;in de art\u0131k \u00f6rtbastan ziyade G\u00fclistan&#8217;a y\u00f6nelik olarak ger\u00e7ekle\u015fen insan \u00f6ld\u00fcrme olay\u0131ndan da art\u0131k sorumlu hale geliyor&#8221; dedi.<\/p>\n\n\n\n<p class=\"wp-block-paragraph\">Hakimler ve Savc\u0131lar Kurulu (HSK) 2024 Haziran kararnamesiyle Tunceli\u2019ye atanan T\u00fcrkiye\u2019nin 3 kad\u0131n ba\u015fsavc\u0131s\u0131ndan biri olan Ebru Cansu, g\u00f6reve ba\u015flad\u0131ktan sonra&nbsp;<a href=\"https:\/\/www.sondakika.com\/gulistan-doku\/\">G\u00fclistan Doku<\/a>&nbsp;dosyas\u0131n\u0131 raftan indirip incelemeye ba\u015flad\u0131. Soru\u015fturmay\u0131 ba\u015ftan ele alan Ba\u015fsavc\u0131 Ebru Cansu&#8217;nun talimat\u0131yla, \u2018Jandarma Dedektifleri\u2019 olarak bilinen Jandarma Su\u00e7 Ara\u015ft\u0131rma Timleri (JASAT) personelinden olu\u015fan \u00f6zel ekip kuruldu. G\u00fclistan Doku&#8217;nun kaybolmadan \u00f6nceki g\u00fcn ve kayboldu\u011fu g\u00fcne ait kentteki t\u00fcm KGYS g\u00f6r\u00fcnt\u00fcleri, PTS kay\u0131tlar\u0131 topland\u0131.<\/p>\n\n\n\n<h3 class=\"wp-block-heading\">YEN\u0130 G\u00d6R\u00dcNT\u00dcLER ORTAYA \u00c7IKTI<\/h3>\n\n\n\n<p class=\"wp-block-paragraph\">G\u00fclistan&#8217;a ait yeni g\u00f6r\u00fcnt\u00fclerin de bulundu\u011fu, 67&#8217;si ana arter olmak \u00fczere toplam 70 KGYS ile g\u00fcvenlik kameralar\u0131na ait ek 700 saatlik g\u00f6r\u00fcnt\u00fc de dosyaya girdi. G\u00fclistan&#8217;\u0131n kaybolmadan \u00f6nce erkek arkada\u015f\u0131 Zeinal Abarakov ile g\u00f6r\u00fc\u015fmek i\u00e7in geldi\u011fi kafeye nereden geldi\u011finin, kafeden ne zaman \u00e7\u0131k\u0131p \u00f6\u011fretmenine gitti\u011finin de ortaya \u00e7\u0131kt\u0131\u011f\u0131 g\u00f6r\u00fcnt\u00fcler, ba\u015fsavc\u0131l\u0131k ve \u00f6zel ekip taraf\u0131ndan saniye saniye izlenerek, G\u00fclistan\u2019\u0131n ak\u0131beti ara\u015ft\u0131r\u0131ld\u0131.<\/p>\n\n\n\n<figure class=\"wp-block-image\"><img decoding=\"async\" src=\"https:\/\/foto.sondakika.com\/haber\/2026\/05\/16\/doku-ailesinin-avukati-cimen-b-19852851-8003_1_m.jpg\" alt=\"Eski Ba\u015fhekim, G\u00fclistan'\u0131n son g\u00f6r\u00fcld\u00fc\u011f\u00fc b\u00f6lgeden ge\u00e7mi\u015f\"\/><\/figure>\n\n\n\n<h3 class=\"wp-block-heading\">KAYIP DOSYASI, C\u0130NAYET SORU\u015eTURMASINA D\u00d6ND\u00dc<\/h3>\n\n\n\n<p class=\"wp-block-paragraph\">Ayr\u0131ca dosyaya baz\u0131 \u015f\u00fcpheliler eklenerek HTS, PTS \u00e7al\u0131\u015fmalar\u0131 da yap\u0131ld\u0131. \u00c7al\u0131\u015fmalar\u0131n tamamlanmas\u0131n\u0131n ard\u0131ndan da operasyon ba\u015flat\u0131ld\u0131. Kay\u0131ptan cinayet soru\u015fturmas\u0131na d\u00f6nen dosyada, cinayet \u015f\u00fcphesiyle 14, 17 ve 24 Nisan\u2019da operasyonlar d\u00fczenlendi. 17 \u015f\u00fcpheli, g\u00f6zalt\u0131na al\u0131nd\u0131. Dosyada \u015f\u00fcpheli olan ve ABD&#8217;de bulunan Umut Alta\u015f i\u00e7inse k\u0131rm\u0131z\u0131 b\u00fclten \u00e7\u0131kar\u0131ld\u0131.<\/p>\n\n\n\n<h3 class=\"wp-block-heading\">ESK\u0130 VAL\u0130N\u0130N O\u011eLU TUTUKLANDI<\/h3>\n\n\n\n<p class=\"wp-block-paragraph\">Jandarmadaki i\u015flemlerinin ard\u0131ndan adliyeye sevk edilen \u015f\u00fcphelilerden eski Tunceli Valisi Tuncay Sonel\u2019in o\u011flu Mustafa T\u00fcrkay Sonel ile daralt\u0131lm\u0131\u015f baz \u00e7al\u0131\u015fmas\u0131yla G\u00fclistan Doku\u2019ya son temas\u0131 bulundu\u011fu tespit edilen ve o d\u00f6nem \u0130l \u00d6zel \u0130daresi \u00e7al\u0131\u015fan\u0131 olan Erdo\u011fan Elald\u0131, \u2018Kasten \u00f6ld\u00fcrme\u2019 su\u00e7undan tutukland\u0131. G\u00fclistan Doku\u2019nun eski erkek arkada\u015f\u0131 Zeinal Abarakov, Abarakov&#8217;un babas\u0131 Engin Y\u00fccer ve annesi Cemile Y\u00fccer, firari \u015f\u00fcpheli Umut Alta\u015f\u2019\u0131n babas\u0131 Celal Alta\u015f ile annesi Nur\u015fen Ar\u0131kan, ihra\u00e7 polis memuru G\u00f6khan Ertok ve o d\u00f6nem Tuncay Sonel\u2019in yak\u0131n korumas\u0131 olan \u015e\u00fckr\u00fc Ero\u011flu, \u2018Su\u00e7 delillerini gizleme ve yok etme\u2019 su\u00e7undan tutukland\u0131. Ferhat G\u00fcven ise G\u00fclistan Doku\u2019nun ablas\u0131 Ayg\u00fcl Doku\u2019ya y\u00f6nelik eylemi nedeniyle \u2018Ya\u011fma\u2019 su\u00e7undan tutuklan\u0131p cezaevine g\u00f6nderildi.<\/p>\n\n\n\n<h3 class=\"wp-block-heading\">ESK\u0130 VAL\u0130 DE CEZAEV\u0130NDE<\/h3>\n\n\n\n<p class=\"wp-block-paragraph\">G\u00fclistan Doku\u2019nun hastane kay\u0131tlar\u0131n\u0131 sildi\u011fi iddias\u0131yla Bursa&#8217;da g\u00f6zalt\u0131na al\u0131nan ve Tunceli Adliyesi\u2019ne getirilen d\u00f6nemin Tunceli Devlet Hastanesi Ba\u015fhekimi \u00c7a\u011fda\u015f \u00d6zdemir de &#8216;Resmi belgeyi bozmak, yok etmek veya gizlemek&#8217; su\u00e7lar\u0131ndan tutukland\u0131. Tuncay Sonel ise &#8216;Su\u00e7 delillerini yok etme, gizleme veya de\u011fi\u015ftirme\u2019, &#8216;Bili\u015fim sistemindeki verileri engelleme, bozma, yok etme veya de\u011fi\u015ftirme, ki\u015fisel verileri hukuka ayk\u0131r\u0131 olarak verme veya ele ge\u00e7irme&#8217;, &#8216;resmi belgeyi bozmak, yok etmek veya gizlemek&#8217; su\u00e7lar\u0131ndan tutukland\u0131. \u015e\u00fcpheliler U.A. ile Munzur \u00dcniversitesi&#8217;nden kameralardan sorumlu olan S.G. ve S.\u00d6. ise adli kontrolle serbest b\u0131rak\u0131ld\u0131. Hastane kay\u0131tlar\u0131n\u0131n silindi\u011fi iddias\u0131yla &#8216;Delilleri yok etme ve gizleme&#8217; su\u00e7lamas\u0131yla g\u00f6zalt\u0131na al\u0131nan Tunceli Devlet Hastanesi bilgi i\u015flem g\u00f6revlileri Bur\u00e7in Y. ve Y\u00fccel E., adli kontrol \u015fart\u0131yla serbest kald\u0131.<\/p>\n\n\n\n<figure class=\"wp-block-image\"><img decoding=\"async\" src=\"https:\/\/foto.sondakika.com\/haber\/2026\/05\/16\/doku-ailesinin-avukati-cimen-b-19852851-8728_1_m.jpg\" alt=\"Eski Ba\u015fhekim, G\u00fclistan'\u0131n son g\u00f6r\u00fcld\u00fc\u011f\u00fc b\u00f6lgeden ge\u00e7mi\u015f\"\/><\/figure>\n\n\n\n<h3 class=\"wp-block-heading\">7 TUTUKLU ELAZI\u011e&#8217;DAN ERZURUM&#8217;A NAKLED\u0130LD\u0130<\/h3>\n\n\n\n<p class=\"wp-block-paragraph\">Soru\u015fturma kapsam\u0131nda Elaz\u0131\u011f Kapal\u0131 Ceza \u0130nfaz Kurumu\u2019nda tutuklu bulunan Mustafa T\u00fcrkay Sonel, \u015e\u00fckr\u00fc Ero\u011flu, G\u00f6khan Ertok, Zeinal Abakarov, Engin Y\u00fccer, Cemile Y\u00fccer ve Erdo\u011fan Elald\u0131, Erzurum H Tipi Y\u00fcksek G\u00fcvenlikli Kapal\u0131 Cezaevi\u2019ne nakledildi. Nakil karar\u0131n\u0131n Erzurum Cumhuriyet Ba\u015fsavc\u0131l\u0131\u011f\u0131&#8217;nca y\u00fcr\u00fct\u00fclen soru\u015fturmayla ba\u011flant\u0131l\u0131 oldu\u011fu kaydedildi.<\/p>\n\n\n\n<h3 class=\"wp-block-heading\">G\u00dcL\u0130STAN&#8217;IN CANSIZ BEDEN\u0130 HALA ARANIYOR<\/h3>\n\n\n\n<p class=\"wp-block-paragraph\">G\u00fclistan Doku&#8217;nun cans\u0131z bedenini bulabilmek i\u00e7in Adalet Bakanl\u0131\u011f\u0131\u2019n\u0131n talebi ve \u0130\u00e7i\u015fleri Bakanl\u0131\u011f\u0131\u2019n\u0131n talimat\u0131yla, Jandarma Genel Komutanl\u0131\u011f\u0131\u2019na ba\u011fl\u0131 Jandarma Arama Kurtarma (JAK) ekipleri, son teknoloji cihazlarla Tunceli\u2019ye sevk edildi. JAK ekipleri ile Tunceli \u0130l Jandarma Komutanl\u0131\u011f\u0131\u2019na ba\u011fl\u0131 JASAT timlerinden olu\u015fan 30 ki\u015filik \u00f6zel ekip, Tunceli Cumhuriyet Ba\u015fsavc\u0131s\u0131 Ebru Cansu\u2019nun koordinasyonu ve kat\u0131l\u0131m\u0131yla \u00e7al\u0131\u015fmalar\u0131n\u0131 s\u00fcrd\u00fcr\u00fcyor. Ekiplerin, daralt\u0131lm\u0131\u015f baz verileri ve \u015f\u00fcphe uyand\u0131ran noktalar \u00fczerinden hareket ederek belirlenen alanlarda yer alt\u0131 g\u00f6r\u00fcnt\u00fcleme cihazlar\u0131yla tarama ger\u00e7ekle\u015ftiriyor. Cihazlar\u0131n g\u00f6nderdi\u011fi k\u0131z\u0131l\u00f6tesi sinyaller sayesinde yer alt\u0131n\u0131n \u00fc\u00e7 boyutlu g\u00f6r\u00fcnt\u00fcs\u00fc elde edilerek \u015f\u00fcpheli alanlar detayl\u0131 \u015fekilde inceleniyor.<\/p>\n\n\n\n<h3 class=\"wp-block-heading\">\u201cDOSYADA DAHA DA ETK\u0130N B\u0130R SORU\u015eTURMA YAPILMAYA BA\u015eLANDI\u201d<\/h3>\n\n\n\n<p class=\"wp-block-paragraph\">Dosya ile ilgili son durumu payla\u015fan Doku ailesinin avukat\u0131 Ali \u00c7imen, &#8220;G\u00fclistan Doku dosyas\u0131 06 Ocak 2020 tarihinde ailenin \u015fikayeti \u00fczerine ba\u015flam\u0131\u015ft\u0131. Bu soru\u015fturman\u0131n ilk 4 y\u0131l\u0131nda, biliyorsunuz ba\u015f \u015f\u00fcpheli Tuncay Sonel\u2019in yapt\u0131\u011f\u0131 \u00f6rtbas faaliyetinden kaynakl\u0131 olarak dosyam\u0131zda etkin ve etkili bir soru\u015fturma yap\u0131lamam\u0131\u015ft\u0131. 2024 y\u0131l\u0131nda Ba\u015fsavc\u0131m\u0131z Ebru Cansu Han\u0131m\u2019\u0131n g\u00f6reve ba\u015flamas\u0131yla birlikte dosyada etkili ve etkin bir soru\u015fturma yap\u0131ld\u0131. Dosya kapsam\u0131nda 12 tane tutukluluk \u015feklinde tedbir uyguland\u0131. Bu ki\u015filerden biri de ba\u015f \u015f\u00fcpheli Tuncay Sonel&#8217;di. Tuncay Sonel&#8217;in de davas\u0131, usul\u00fc kanunlardan kaynakl\u0131 olarak Erzurum Cumhuriyet Ba\u015fsavc\u0131l\u0131\u011f\u0131&#8217;na g\u00f6nderilmi\u015fti. Erzurum Ba\u015fsavc\u0131l\u0131\u011f\u0131na g\u00f6nderilmesiyle birlikte toplumda bir endi\u015fe oldu. &#8216;Acaba bu dosya kapat\u0131l\u0131yor mu&#8217; diye. Hay\u0131r, asla \u00f6yle olmad\u0131. Erzurum Cumhuriyet Ba\u015fsavc\u0131l\u0131\u011f\u0131n\u0131n da dosyaya girmesiyle birlikte dosyada daha da etkin bir soru\u015fturma yap\u0131lmaya ba\u015fland\u0131&#8221; dedi.<\/p>\n\n\n\n<figure class=\"wp-block-image\"><img decoding=\"async\" src=\"https:\/\/foto.sondakika.com\/haber\/2026\/05\/16\/doku-ailesinin-avukati-cimen-b-19852851-5379_1_m.jpg\" alt=\"Eski Ba\u015fhekim, G\u00fclistan'\u0131n son g\u00f6r\u00fcld\u00fc\u011f\u00fc b\u00f6lgeden ge\u00e7mi\u015f\"\/><\/figure>\n\n\n\n<h3 class=\"wp-block-heading\">\u201cG\u00dcL\u0130STAN&#8217;IN SON G\u00d6R\u00dcLD\u00dc\u011e\u00dc B\u00d6LGEDEN ARACIYLA GE\u00c7M\u0130\u015e\u201d<\/h3>\n\n\n\n<p class=\"wp-block-paragraph\">\u00c7imen, soru\u015fturmada tutuklanan d\u00f6nemin Tunceli Devlet Hastanesi ba\u015fhekimi \u00c7a\u011fda\u015f \u00d6zdemir\u2019in G\u00fclistan&#8217;\u0131n son g\u00f6r\u00fcld\u00fc\u011f\u00fc yerden arac\u0131yla ge\u00e7ti\u011fine dair PTS kay\u0131tlar\u0131n\u0131n oldu\u011funu belirterek, &#8220;Bu soru\u015fturma kapsam\u0131nda da yeni bir geli\u015fme s\u00f6z konusu oldu. Bu Erzurum Cumhuriyet Ba\u015fsavc\u0131l\u0131\u011f\u0131&#8217;n\u0131n tespitiyle \u015fu an tutuklu olan d\u00f6nemin devlet hastanesi ba\u015fhekimi \u00c7a\u011fda\u015f \u00d6zdemir&#8217;in G\u00fclistan&#8217;\u0131n son g\u00f6r\u00fcld\u00fc\u011f\u00fc b\u00f6lgeden arac\u0131yla ge\u00e7ti\u011fine ili\u015fkin olarak bir tespit yap\u0131ld\u0131. Bu tespitin dosyam\u0131zda \u00f6nemi var. Biliyorsunuz, G\u00fclistan Doku kendisine y\u00f6nelik cinsel sald\u0131r\u0131 eylemine direndi\u011fi i\u00e7in \u015fiddete u\u011fram\u0131\u015ft\u0131. Bu \u015fiddet sonras\u0131nda devlet hastanesine m\u00fcracaat edip, bu \u015fiddeti raporland\u0131rmak istemi\u015fti. Biliyorsunuz; devlet hastanesi de polise haber vermi\u015fti. Polise de POLNET kayd\u0131 vard\u0131 ve G\u00fclistan&#8217;\u0131n oradaki beyan\u0131na g\u00f6re bu ba\u015f \u015f\u00fcpheli Tuncay Sonel&#8217;in o\u011fluna y\u00f6nelik beyanda bulununca, orada o ifadeyi \u00f6rtbas ettiler. Bu \u00f6rtbas olay\u0131nda en b\u00fcy\u00fck g\u00f6rev de bu ba\u015fhekim \u00c7a\u011fda\u015f \u00d6zdemir&#8217;e aitti.\u201d ifadelerini kulland\u0131.<\/p>\n\n\n\n<h3 class=\"wp-block-heading\">\u201c\u00d6RTBASTAN Z\u0130YADE \u0130NSAN \u00d6LD\u00dcRME\u201d<\/h3>\n\n\n\n<p class=\"wp-block-paragraph\">\u00c7imen, s\u00f6zlerine \u015fu \u015fekilde devam etti: \u201cBu olay\u0131n 31 Aral\u0131k 2020 tarihinde oldu\u011fu s\u00f6yleniyor. G\u00fclistan&#8217;\u0131n da en son g\u00f6r\u00fcld\u00fc\u011f\u00fc tarih 05 Ocak 2020. Biz \u015funu g\u00f6r\u00fcyoruz. Bu faillerden biliyorsunuz Erdo\u011fan Elald\u0131, \u00c7a\u011fda\u015f \u00d6zdemir, \u015e\u00fckr\u00fc Ero\u011flu, Mustafa T\u00fcrkay Sonel, Umut Alta\u015f, hepsi 05 Ocak 2020 g\u00fcn\u00fc adeta G\u00fclistan&#8217;\u0131n bulundu\u011fu yere y\u00f6nelik olarak bir hareketlenme i\u00e7inde olduklar\u0131n\u0131 biz anl\u0131yoruz. \u00c7a\u011fda\u015f \u00d6zdemir&#8217;in de art\u0131k \u00f6rtbastan ziyade G\u00fclistan&#8217;a y\u00f6nelik olarak ger\u00e7ekle\u015fen insan \u00f6ld\u00fcrme olay\u0131ndan da art\u0131k sorumlu hale geliyor. Bu dosyam\u0131z a\u00e7\u0131s\u0131ndan ger\u00e7ekten de \u00e7ok k\u0131ymetli bir tespit oldu&#8221;&nbsp;<\/p>\n","protected":false},"excerpt":{"rendered":"<p>Tunceli&#8217;de 5 Ocak 2020&#8217;den bu yana kay\u0131p olan, y\u0131llar sonra cinayete kurban gitti\u011fi ortaya \u00e7\u0131kan<\/p>\n","protected":false},"author":1,"featured_media":1263,"comment_status":"open","ping_status":"open","sticky":false,"template":"","format":"standard","meta":{"_rtcl_gb_attr":"","footnotes":""},"categories":[1],"tags":[],"class_list":["post-1262","post","type-post","status-publish","format-standard","has-post-thumbnail","hentry","category-http-turkiyemhaber-com-wp-content-uploads-2026-03-saray-59-haber-13-mart-pdf"],"_links":{"self":[{"href":"https:\/\/turkiyemhaber.com\/index.php?rest_route=\/wp\/v2\/posts\/1262","targetHints":{"allow":["GET"]}}],"collection":[{"href":"https:\/\/turkiyemhaber.com\/index.php?rest_route=\/wp\/v2\/posts"}],"about":[{"href":"https:\/\/turkiyemhaber.com\/index.php?rest_route=\/wp\/v2\/types\/post"}],"author":[{"embeddable":true,"href":"https:\/\/turkiyemhaber.com\/index.php?rest_route=\/wp\/v2\/users\/1"}],"replies":[{"embeddable":true,"href":"https:\/\/turkiyemhaber.com\/index.php?rest_route=%2Fwp%2Fv2%2Fcomments&post=1262"}],"version-history":[{"count":1,"href":"https:\/\/turkiyemhaber.com\/index.php?rest_route=\/wp\/v2\/posts\/1262\/revisions"}],"predecessor-version":[{"id":1264,"href":"https:\/\/turkiyemhaber.com\/index.php?rest_route=\/wp\/v2\/posts\/1262\/revisions\/1264"}],"wp:featuredmedia":[{"embeddable":true,"href":"https:\/\/turkiyemhaber.com\/index.php?rest_route=\/wp\/v2\/media\/1263"}],"wp:attachment":[{"href":"https:\/\/turkiyemhaber.com\/index.php?rest_route=%2Fwp%2Fv2%2Fmedia&parent=1262"}],"wp:term":[{"taxonomy":"category","embeddable":true,"href":"https:\/\/turkiyemhaber.com\/index.php?rest_route=%2Fwp%2Fv2%2Fcategories&post=1262"},{"taxonomy":"post_tag","embeddable":true,"href":"https:\/\/turkiyemhaber.com\/index.php?rest_route=%2Fwp%2Fv2%2Ftags&post=1262"}],"curies":[{"name":"wp","href":"https:\/\/api.w.org\/{rel}","templated":true}]}}