{"id":1259,"date":"2026-05-17T08:46:09","date_gmt":"2026-05-17T08:46:09","guid":{"rendered":"https:\/\/turkiyemhaber.com\/?p=1259"},"modified":"2026-05-17T08:46:12","modified_gmt":"2026-05-17T08:46:12","slug":"fenerbahcede-ayrilik-sessiz-sedasiz-ulkeden-bile-gitti","status":"publish","type":"post","link":"https:\/\/turkiyemhaber.com\/?p=1259","title":{"rendered":"Fenerbah\u00e7e&#8217;de ayr\u0131l\u0131k! Sessiz sedas\u0131z \u00fclkeden bile gitti"},"content":{"rendered":"\n<p class=\"wp-block-paragraph\">Fenerbah\u00e7e\u2019de s\u00f6zle\u015fmesi sona eren Emre Mor tak\u0131mdan ayr\u0131ld\u0131. Bu sezon lisans\u0131 \u00e7\u0131kar\u0131lmayan futbolcunun \u0130stanbul\u2019u terk ederek Kopenhag\u2019a gitti\u011fi \u00f6\u011frenildi.<\/p>\n\n\n\n<p class=\"wp-block-paragraph\">Fenerbah\u00e7e\u2019de uzun s\u00fcredir forma \u015fans\u0131 bulamayan Emre Mor\u2019un sar\u0131-lacivertli maceras\u0131 sona erdi. Tecr\u00fcbeli futbolcunun \u0130stanbul\u2019dan ayr\u0131larak Kopenhag\u2019a gitti\u011fi \u00f6\u011frenildi.<\/p>\n\n\n\n<h3 class=\"wp-block-heading\">S\u00d6ZLE\u015eMES\u0130 SONA ERD\u0130<\/h3>\n\n\n\n<p class=\"wp-block-paragraph\">2022 y\u0131l\u0131nda Fenerbah\u00e7e\u2019ye transfer olan Emre Mor\u2019un s\u00f6zle\u015fmesi sezon sonunda tamamland\u0131.&nbsp;Sar\u0131-lacivertli kul\u00fcple yollar\u0131n\u0131 ay\u0131ran 28 ya\u015f\u0131ndaki futbolcu tak\u0131mdan ayr\u0131ld\u0131.<\/p>\n\n\n\n<figure class=\"wp-block-image\"><img decoding=\"async\" src=\"https:\/\/foto.sondakika.com\/haber\/2026\/05\/16\/fenerbahcede-ayrilik-sessiz-se-65888977-8032_1_m.jpg\" alt=\"Fenerbah\u00e7e'de ayr\u0131l\u0131k! Sessiz sedas\u0131z \u00fclkeden bile gitti\"\/><\/figure>\n\n\n\n<h3 class=\"wp-block-heading\">\u0130STANBUL\u2019U DA TERK ETT\u0130<\/h3>\n\n\n\n<p class=\"wp-block-paragraph\">Emre Mor\u2019un yaln\u0131zca Fenerbah\u00e7e\u2019den de\u011fil, \u0130stanbul\u2019dan da ayr\u0131ld\u0131\u011f\u0131 belirtildi.&nbsp;Tecr\u00fcbeli oyuncunun Danimarka\u2019n\u0131n ba\u015fkenti Kopenhag\u2019a gitti\u011fi ifade edildi.<\/p>\n\n\n\n<figure class=\"wp-block-image\"><img decoding=\"async\" src=\"https:\/\/foto.sondakika.com\/haber\/2026\/05\/16\/fenerbahcede-ayrilik-sessiz-se-88855396-6195_1_m.jpg\" alt=\"Fenerbah\u00e7e'de ayr\u0131l\u0131k! Sessiz sedas\u0131z \u00fclkeden bile gitti\"\/><\/figure>\n\n\n\n<h3 class=\"wp-block-heading\">BU SEZON FORMA G\u0130YEMED\u0130<\/h3>\n\n\n\n<p class=\"wp-block-paragraph\">Bu sezon lisans\u0131 \u00e7\u0131kar\u0131lmayan Emre Mor, resmi ma\u00e7larda forma \u015fans\u0131 bulamad\u0131.&nbsp;Y\u0131ld\u0131z futbolcu sezon boyunca yaln\u0131zca bireysel antrenman yapt\u0131.&nbsp;Emre Mor, son resmi ma\u00e7\u0131na 4 May\u0131s 2024 tarihinde \u00e7\u0131km\u0131\u015ft\u0131.&nbsp;Milli futbolcu uzun s\u00fcredir sahalardan uzak kalm\u0131\u015ft\u0131.<\/p>\n\n\n\n<h3 class=\"wp-block-heading\">FENERBAH\u00c7E KAR\u0130YER\u0130 SESS\u0130Z B\u0130TT\u0130<\/h3>\n\n\n\n<p class=\"wp-block-paragraph\">Bir d\u00f6nem b\u00fcy\u00fck beklentilerle transfer edilen Emre Mor\u2019un Fenerbah\u00e7e kariyeri sessiz sedas\u0131z sona erdi.&nbsp;Tecr\u00fcbeli futbolcunun yeni tak\u0131m\u0131n\u0131n k\u0131sa s\u00fcre i\u00e7inde netle\u015fmesi bekleniyor.<\/p>\n","protected":false},"excerpt":{"rendered":"<p>Fenerbah\u00e7e\u2019de s\u00f6zle\u015fmesi sona eren Emre Mor tak\u0131mdan ayr\u0131ld\u0131. Bu sezon lisans\u0131 \u00e7\u0131kar\u0131lmayan futbolcunun \u0130stanbul\u2019u terk<\/p>\n","protected":false},"author":1,"featured_media":1260,"comment_status":"open","ping_status":"open","sticky":false,"template":"","format":"standard","meta":{"_rtcl_gb_attr":"","footnotes":""},"categories":[3],"tags":[],"class_list":["post-1259","post","type-post","status-publish","format-standard","has-post-thumbnail","hentry","category-spor"],"_links":{"self":[{"href":"https:\/\/turkiyemhaber.com\/index.php?rest_route=\/wp\/v2\/posts\/1259","targetHints":{"allow":["GET"]}}],"collection":[{"href":"https:\/\/turkiyemhaber.com\/index.php?rest_route=\/wp\/v2\/posts"}],"about":[{"href":"https:\/\/turkiyemhaber.com\/index.php?rest_route=\/wp\/v2\/types\/post"}],"author":[{"embeddable":true,"href":"https:\/\/turkiyemhaber.com\/index.php?rest_route=\/wp\/v2\/users\/1"}],"replies":[{"embeddable":true,"href":"https:\/\/turkiyemhaber.com\/index.php?rest_route=%2Fwp%2Fv2%2Fcomments&post=1259"}],"version-history":[{"count":1,"href":"https:\/\/turkiyemhaber.com\/index.php?rest_route=\/wp\/v2\/posts\/1259\/revisions"}],"predecessor-version":[{"id":1261,"href":"https:\/\/turkiyemhaber.com\/index.php?rest_route=\/wp\/v2\/posts\/1259\/revisions\/1261"}],"wp:featuredmedia":[{"embeddable":true,"href":"https:\/\/turkiyemhaber.com\/index.php?rest_route=\/wp\/v2\/media\/1260"}],"wp:attachment":[{"href":"https:\/\/turkiyemhaber.com\/index.php?rest_route=%2Fwp%2Fv2%2Fmedia&parent=1259"}],"wp:term":[{"taxonomy":"category","embeddable":true,"href":"https:\/\/turkiyemhaber.com\/index.php?rest_route=%2Fwp%2Fv2%2Fcategories&post=1259"},{"taxonomy":"post_tag","embeddable":true,"href":"https:\/\/turkiyemhaber.com\/index.php?rest_route=%2Fwp%2Fv2%2Ftags&post=1259"}],"curies":[{"name":"wp","href":"https:\/\/api.w.org\/{rel}","templated":true}]}}