{"id":1256,"date":"2026-05-17T08:44:43","date_gmt":"2026-05-17T08:44:43","guid":{"rendered":"https:\/\/turkiyemhaber.com\/?p=1256"},"modified":"2026-05-17T08:44:47","modified_gmt":"2026-05-17T08:44:47","slug":"kenan-dogulu-dolandiricilarin-agina-dusmekten-son-anda-kurtuldu","status":"publish","type":"post","link":"https:\/\/turkiyemhaber.com\/?p=1256","title":{"rendered":"Kenan Do\u011fulu doland\u0131r\u0131c\u0131lar\u0131n a\u011f\u0131na d\u00fc\u015fmekten son anda kurtuldu"},"content":{"rendered":"\n<h2 class=\"wp-block-heading\" id=\"spot\">\u00dcnl\u00fc \u015fark\u0131c\u0131 Kenan Do\u011fulu, telefonuna gelen gizemli mesajla adeta kabusu ya\u015fad\u0131. \u0130ddiaya g\u00f6re \u00fcnl\u00fc \u015fark\u0131c\u0131ya g\u00f6nderilen mesajda, \u201cOtel g\u00f6r\u00fcnt\u00fclerin elimizde. 300 bin dolar\u0131 s\u00f6yledi\u011fimiz hesaba yat\u0131r. Aksi halde sava\u015fmak zorunda kalaca\u011f\u0131z\u201d ifadeleri yer ald\u0131. B\u00fcy\u00fck \u015fok ya\u015fayan Do\u011fulu, profesyonel bir \u015fantaj a\u011f\u0131yla kar\u015f\u0131 kar\u015f\u0131ya kald\u0131\u011f\u0131n\u0131 d\u00fc\u015f\u00fcnerek hemen harekete ge\u00e7ti.<\/h2>\n\n\n\n<p class=\"wp-block-paragraph\">Play Video<\/p>\n\n\n\n<p class=\"wp-block-paragraph\">\u00dcnl\u00fc \u015fark\u0131c\u0131&nbsp;<a href=\"https:\/\/www.sondakika.com\/kenan-dogulu\/\">Kenan Do\u011fulu<\/a>, telefonuna gelen tehdit ve \u015fantaj mesaj\u0131yla sars\u0131ld\u0131. Kimli\u011fi belirsiz ki\u015fi ya da ki\u015filerce hedef al\u0131nan sanat\u00e7\u0131, solu\u011fu adliyede ald\u0131. Ancak savc\u0131l\u0131ktan dosyaya ili\u015fkin \u015fa\u015f\u0131rt\u0131c\u0131 bir karar \u00e7\u0131kt\u0131.<\/p>\n\n\n\n<h3 class=\"wp-block-heading\">&#8220;300 B\u0130N DOLAR VERMEZSEN&#8230;<\/h3>\n\n\n\n<p class=\"wp-block-paragraph\">Edinilen bilgiye g\u00f6re; Kenan Do\u011fulu\u2019nun telefonuna, \u201cOtel g\u00f6r\u00fcnt\u00fclerin elimizde. 300 bin dolar\u0131 belirtilen hesaba yat\u0131rmazsan sava\u015fmak zorunda kalaca\u011f\u0131z\u201d yaz\u0131l\u0131 bir \u015fantaj mesaj\u0131 g\u00f6nderildi. Mesaj kar\u015f\u0131s\u0131nda vakit kaybetmeyen \u00fcnl\u00fc sanat\u00e7\u0131, savc\u0131l\u0131\u011fa giderek su\u00e7 duyurusunda bulundu.<\/p>\n\n\n\n<h3 class=\"wp-block-heading\">SORU\u015eTURMA TAMAMLANDI: TAK\u0130PS\u0130ZL\u0130K KARARI VER\u0130LD\u0130&nbsp;<\/h3>\n\n\n\n<p class=\"wp-block-paragraph\">\u015eikayet \u00fczerine \u0130stanbul Cumhuriyet Ba\u015fsavc\u0131l\u0131\u011f\u0131 taraf\u0131ndan geni\u015f \u00e7apl\u0131 bir soru\u015fturma ba\u015flat\u0131ld\u0131. &#8220;Tehdit&#8221; ve &#8220;\u015fantaj&#8221; iddialar\u0131n\u0131 titizlikle inceleyen savc\u0131l\u0131k, yap\u0131lan teknik takiplere ra\u011fmen \u00e7arp\u0131c\u0131 bir sonuca ula\u015ft\u0131.<\/p>\n\n\n\n<p class=\"wp-block-paragraph\">Siber su\u00e7larla m\u00fccadele ekiplerinin de dahil oldu\u011fu incelemeler neticesinde, mesajlar\u0131n g\u00f6nderildi\u011fi hesaplar\u0131n ve ki\u015filerin kimlikleri tespit edilemedi.<\/p>\n\n\n\n<h3 class=\"wp-block-heading\">SAVCILI\u011eIN KARARI&nbsp;<\/h3>\n\n\n\n<p class=\"wp-block-paragraph\">Savc\u0131l\u0131k; s\u00f6z konusu eylemin para transferi ger\u00e7ekle\u015fmedi\u011fi i\u00e7in &#8220;te\u015febb\u00fcs a\u015famas\u0131nda kald\u0131\u011f\u0131n\u0131&#8221; ve \u015f\u00fcphelilerin &#8220;kimliklerinin belirlenemedi\u011fini&#8221; gerek\u00e7e g\u00f6stererek dosyada takipsizlik karar\u0131 verdi.<\/p>\n\n\n\n<p class=\"wp-block-paragraph\">Ya\u015fanan bu \u015fok geli\u015fmenin ard\u0131ndan \u00fcnl\u00fc \u015fark\u0131c\u0131 Kenan Do\u011fulu cephesinden karara itiraz edilip edilmeyece\u011fi ise merak konusu oldu.<\/p>\n","protected":false},"excerpt":{"rendered":"<p>\u00dcnl\u00fc \u015fark\u0131c\u0131 Kenan Do\u011fulu, telefonuna gelen gizemli mesajla adeta kabusu ya\u015fad\u0131. \u0130ddiaya g\u00f6re \u00fcnl\u00fc \u015fark\u0131c\u0131ya<\/p>\n","protected":false},"author":1,"featured_media":1257,"comment_status":"open","ping_status":"open","sticky":false,"template":"","format":"standard","meta":{"_rtcl_gb_attr":"","footnotes":""},"categories":[41],"tags":[],"class_list":["post-1256","post","type-post","status-publish","format-standard","has-post-thumbnail","hentry","category-magazin"],"_links":{"self":[{"href":"https:\/\/turkiyemhaber.com\/index.php?rest_route=\/wp\/v2\/posts\/1256","targetHints":{"allow":["GET"]}}],"collection":[{"href":"https:\/\/turkiyemhaber.com\/index.php?rest_route=\/wp\/v2\/posts"}],"about":[{"href":"https:\/\/turkiyemhaber.com\/index.php?rest_route=\/wp\/v2\/types\/post"}],"author":[{"embeddable":true,"href":"https:\/\/turkiyemhaber.com\/index.php?rest_route=\/wp\/v2\/users\/1"}],"replies":[{"embeddable":true,"href":"https:\/\/turkiyemhaber.com\/index.php?rest_route=%2Fwp%2Fv2%2Fcomments&post=1256"}],"version-history":[{"count":1,"href":"https:\/\/turkiyemhaber.com\/index.php?rest_route=\/wp\/v2\/posts\/1256\/revisions"}],"predecessor-version":[{"id":1258,"href":"https:\/\/turkiyemhaber.com\/index.php?rest_route=\/wp\/v2\/posts\/1256\/revisions\/1258"}],"wp:featuredmedia":[{"embeddable":true,"href":"https:\/\/turkiyemhaber.com\/index.php?rest_route=\/wp\/v2\/media\/1257"}],"wp:attachment":[{"href":"https:\/\/turkiyemhaber.com\/index.php?rest_route=%2Fwp%2Fv2%2Fmedia&parent=1256"}],"wp:term":[{"taxonomy":"category","embeddable":true,"href":"https:\/\/turkiyemhaber.com\/index.php?rest_route=%2Fwp%2Fv2%2Fcategories&post=1256"},{"taxonomy":"post_tag","embeddable":true,"href":"https:\/\/turkiyemhaber.com\/index.php?rest_route=%2Fwp%2Fv2%2Ftags&post=1256"}],"curies":[{"name":"wp","href":"https:\/\/api.w.org\/{rel}","templated":true}]}}