{"id":1253,"date":"2026-05-17T08:43:27","date_gmt":"2026-05-17T08:43:27","guid":{"rendered":"https:\/\/turkiyemhaber.com\/?p=1253"},"modified":"2026-05-17T08:43:31","modified_gmt":"2026-05-17T08:43:31","slug":"bilal-erdogandan-fenerbahce-yorumu-bunlarin-ortadan-kalkmasi-lazim","status":"publish","type":"post","link":"https:\/\/turkiyemhaber.com\/?p=1253","title":{"rendered":"Bilal Erdo\u011fan&#8217;dan Fenerbah\u00e7e yorumu: Bunlar\u0131n ortadan kalkmas\u0131 laz\u0131m"},"content":{"rendered":"\n<p class=\"wp-block-paragraph\">D\u00fcnya Etnospor Birli\u011fi Ba\u015fkan\u0131 Bilal Erdo\u011fan, Fenerbah\u00e7e hakk\u0131nda sorulan soruya cevap verdi. Sar\u0131-lacivertli camiadaki k\u00f6t\u00fc gidi\u015fat hakk\u0131nda konu\u015fan Bilal Erdo\u011fan, &#8221;Futbolcunun moralini etkileyen etkenlerin biraz ortadan kald\u0131r\u0131lmas\u0131 laz\u0131m. Fenerbah\u00e7e&#8217;de taraftar gergin, y\u00f6netim gergin, futbolcu gergin. Bundan etkileniyoruz. Kul\u00fcpte huzur olmas\u0131 laz\u0131m.&#8221; dedi.<\/p>\n\n\n\n<p class=\"wp-block-paragraph\">D\u00fcnya Etnospor Birli\u011fi Ba\u015fkan\u0131 Necmeddin&nbsp;<a href=\"https:\/\/www.sondakika.com\/bilal-erdogan\/\">Bilal Erdo\u011fan<\/a>, \u0130stanbul&#8217;da 21-24 May\u0131s tarihlerinde d\u00fczenlenecek 8. Etnospor K\u00fclt\u00fcr Festivali \u00f6ncesi Anadolu Ajans\u0131n\u0131n (AA) \u0130stanbul&#8217;daki Uluslararas\u0131 Haber Merkezi&#8217;nde ger\u00e7ekle\u015ftirilen&nbsp;<a href=\"https:\/\/www.sondakika.com\/Spor\/\">Spor<\/a>&nbsp;Masas\u0131 program\u0131na konuk oldu.<\/p>\n\n\n\n<h3 class=\"wp-block-heading\">&#8221;BUNDAN ETK\u0130LEN\u0130YORUZ&#8221;<\/h3>\n\n\n\n<p class=\"wp-block-paragraph\"><a href=\"https:\/\/www.sondakika.com\/fenerbahce\/\">Fenerbah\u00e7e<\/a>&#8216;nin k\u00f6t\u00fc gidi\u015fat\u0131 ile alakal\u0131 soruya cevap veren Erdo\u011fan,&nbsp;&#8220;Fenerbah\u00e7e&#8217;nin durumuna bak\u0131n, \u00e7ok iyi puan topluyoruz, ikinci s\u0131raya geliyoruz, k\u0131l pay\u0131 \u015fampiyonlu\u011fu kaybediyoruz. Sonu\u00e7ta futbolcu, bir ma\u00e7taki moral durumuyla \u015fampiyonlu\u011fu kaybetmi\u015f oluyor. Futbolcunun moralini etkileyen etkenlerin biraz ortadan kald\u0131r\u0131lmas\u0131 laz\u0131m. Fenerbah\u00e7e&#8217;de taraftar gergin, y\u00f6netim gergin, futbolcu gergin. Bundan etkileniyoruz. Kul\u00fcpte huzur olmas\u0131 laz\u0131m.&#8221; dedi.<\/p>\n\n\n\n<figure class=\"wp-block-image\"><img decoding=\"async\" src=\"https:\/\/foto.sondakika.com\/haber\/2026\/05\/16\/bilal-erdogandan-fenerbahce-yo-19852976-2696_1_m.jpg\" alt=\"Bilal Erdo\u011fan'dan Fenerbah\u00e7e yorumu: Bunlar\u0131n ortadan kalkmas\u0131 laz\u0131m\"\/><\/figure>\n\n\n\n<h3 class=\"wp-block-heading\">&#8221;EV\u0130N\u0130N \u0130\u00c7\u0130N\u0130 TOPARLAYAB\u0130L\u0130RSE&#8230;&#8221;<\/h3>\n\n\n\n<p class=\"wp-block-paragraph\">Taraftar\u0131 oldu\u011fu Fenerbah\u00e7e&#8217;nin futbolda 2014&#8217;ten bu yana lig \u015fampiyonlu\u011fu ya\u015fayamamas\u0131yla ilgili konu\u015fmaya devam eden Bilal Erdo\u011fan, &#8221;Kadrolar kuruluyor, iyi hocalar getiriliyor, iyi puanlar toplan\u0131yor. Oradaki fark \u015fu, bizim ok\u00e7ulukta son oka kal\u0131r bir\u00e7ok m\u00fcsabaka. Son okta da merkeze yak\u0131n olan kazan\u0131r. O tek oktaki fark\u0131 d\u00fc\u015f\u00fcn\u00fcn. \u0130ki sporcu da belki birbirinden iyi. Ama i\u015fte o anda biraz daha so\u011fukkanl\u0131 olan sporcu o ma\u00e7\u0131 kazan\u0131yor, madalyay\u0131 alan o oluyor. Madalyayla madalyas\u0131zl\u0131k aras\u0131ndaki fark bir ana kal\u0131yor. Futbolda da bu moral motivasyon ve d\u0131\u015f etmenler \u00e7ok \u00f6nemli. Yani kul\u00fcpte huzur olmas\u0131 ve insanlar\u0131n inanmas\u0131 laz\u0131m. Mesela futbolcu bir yanl\u0131\u015f pas veriyor, trib\u00fcnler yuhalamaya ba\u015fl\u0131yor. Herhangi bir futbolcunun hatas\u0131z oynamas\u0131 m\u00fcmk\u00fcn olabilir mi? Ama sen o futbolcuyu yuhalayarak bitirdin. Sadece o ma\u00e7ta de\u011fil, belki birka\u00e7 ma\u00e7 daha futbolcuyu kaybetmeye yol a\u00e7t\u0131 bu. Onun i\u00e7in taraftar\u0131yla, y\u00f6neticileriyle, medyas\u0131yla&#8230; Moral vermeye \u00e7al\u0131\u015fan, her t\u00fcrl\u00fc destekleyen, o &#8216;Milletim benim arkamda, taraftar\u0131m benim arkamda, y\u00f6neticilerim benim arkamda&#8217; dedirten motivasyon deste\u011fini biz bu gen\u00e7 \u00e7ocuklar\u0131m\u0131zdan ve kahramanlar\u0131m\u0131zdan esirgememeliyiz diye d\u00fc\u015f\u00fcn\u00fcyorum. Fenerbah\u00e7e de biraz bu bence evinin i\u00e7ini toparlayabilirse, futbolcusuna, teknik ekibine destek olan bir ekosistemi g\u00fc\u00e7l\u00fc tutabilirse ba\u015far\u0131 gelecektir in\u015fallah.&#8221;<\/p>\n","protected":false},"excerpt":{"rendered":"<p>D\u00fcnya Etnospor Birli\u011fi Ba\u015fkan\u0131 Bilal Erdo\u011fan, Fenerbah\u00e7e hakk\u0131nda sorulan soruya cevap verdi. Sar\u0131-lacivertli camiadaki k\u00f6t\u00fc<\/p>\n","protected":false},"author":1,"featured_media":1254,"comment_status":"open","ping_status":"open","sticky":false,"template":"","format":"standard","meta":{"_rtcl_gb_attr":"","footnotes":""},"categories":[3],"tags":[],"class_list":["post-1253","post","type-post","status-publish","format-standard","has-post-thumbnail","hentry","category-spor"],"_links":{"self":[{"href":"https:\/\/turkiyemhaber.com\/index.php?rest_route=\/wp\/v2\/posts\/1253","targetHints":{"allow":["GET"]}}],"collection":[{"href":"https:\/\/turkiyemhaber.com\/index.php?rest_route=\/wp\/v2\/posts"}],"about":[{"href":"https:\/\/turkiyemhaber.com\/index.php?rest_route=\/wp\/v2\/types\/post"}],"author":[{"embeddable":true,"href":"https:\/\/turkiyemhaber.com\/index.php?rest_route=\/wp\/v2\/users\/1"}],"replies":[{"embeddable":true,"href":"https:\/\/turkiyemhaber.com\/index.php?rest_route=%2Fwp%2Fv2%2Fcomments&post=1253"}],"version-history":[{"count":1,"href":"https:\/\/turkiyemhaber.com\/index.php?rest_route=\/wp\/v2\/posts\/1253\/revisions"}],"predecessor-version":[{"id":1255,"href":"https:\/\/turkiyemhaber.com\/index.php?rest_route=\/wp\/v2\/posts\/1253\/revisions\/1255"}],"wp:featuredmedia":[{"embeddable":true,"href":"https:\/\/turkiyemhaber.com\/index.php?rest_route=\/wp\/v2\/media\/1254"}],"wp:attachment":[{"href":"https:\/\/turkiyemhaber.com\/index.php?rest_route=%2Fwp%2Fv2%2Fmedia&parent=1253"}],"wp:term":[{"taxonomy":"category","embeddable":true,"href":"https:\/\/turkiyemhaber.com\/index.php?rest_route=%2Fwp%2Fv2%2Fcategories&post=1253"},{"taxonomy":"post_tag","embeddable":true,"href":"https:\/\/turkiyemhaber.com\/index.php?rest_route=%2Fwp%2Fv2%2Ftags&post=1253"}],"curies":[{"name":"wp","href":"https:\/\/api.w.org\/{rel}","templated":true}]}}