{"id":1250,"date":"2026-05-17T08:41:53","date_gmt":"2026-05-17T08:41:53","guid":{"rendered":"https:\/\/turkiyemhaber.com\/?p=1250"},"modified":"2026-05-17T08:41:57","modified_gmt":"2026-05-17T08:41:57","slug":"besiktasta-sicak-saatler-yonetim-olaganustu-toplandi","status":"publish","type":"post","link":"https:\/\/turkiyemhaber.com\/?p=1250","title":{"rendered":"Be\u015fikta\u015f&#8217;ta s\u0131cak saatler! Y\u00f6netim ola\u011fan\u00fcst\u00fc topland\u0131"},"content":{"rendered":"\n<p class=\"wp-block-paragraph\">Be\u015fikta\u015f y\u00f6netimi, Sergen Yal\u00e7\u0131n\u2019\u0131n gelece\u011fiyle ilgili karar almak \u00fczere ola\u011fan\u00fcst\u00fc topland\u0131.<\/p>\n\n\n\n<p class=\"wp-block-paragraph\">S\u00fcper Lig&#8217;de sezonu d\u00f6rd\u00fcnc\u00fc s\u0131rada bitiren&nbsp;<a href=\"https:\/\/www.sondakika.com\/besiktas\/\">Be\u015fikta\u015f<\/a>&#8216;ta teknik direkt\u00f6r&nbsp;<a href=\"https:\/\/www.sondakika.com\/sergen-yalcin\/\">Sergen Yal\u00e7\u0131n<\/a>&#8216;\u0131n gelece\u011fi merak edilirken siyah-beyazl\u0131 y\u00f6netim ola\u011fan\u00fcst\u00fc topland\u0131.<\/p>\n\n\n\n<h3 class=\"wp-block-heading\">BE\u015e\u0130KTA\u015e&#8217;TA OLA\u011eAN\u00dcST\u00dc TOPLANTI<\/h3>\n\n\n\n<p class=\"wp-block-paragraph\">A Spor&#8217;da yer alan habere g\u00f6re; Be\u015fikta\u015f y\u00f6netimi, Sergen Yal\u00e7\u0131n&#8217;\u0131n gelece\u011fiyle ilgili karar\u0131 bu toplant\u0131da verecek.&nbsp;<a href=\"https:\/\/www.sondakika.com\/futbol\/\">Futbol<\/a>&nbsp;\u015fube sorumlusu olan isimlerin Sergen Yal\u00e7\u0131n ile yola devam etmek istedi\u011fi, bu y\u00f6ndeki karar\u0131n daha kuvvetli oldu\u011fu belirtildi.&nbsp;Futbol tak\u0131m\u0131ndaki yerli futbolcular\u0131n da Sergen Yal\u00e7\u0131n ile yola devam edilmesi y\u00f6n\u00fcnde istekleri oldu\u011fu kaydedildi.<\/p>\n\n\n\n<h3 class=\"wp-block-heading\">EK\u0130B\u0130N\u0130N G\u00dc\u00c7LEND\u0130R\u0130LMES\u0130 G\u00dcNDEMDE<\/h3>\n\n\n\n<p class=\"wp-block-paragraph\">Toplant\u0131da ayr\u0131ca Sergen Yal\u00e7\u0131n&#8217;\u0131n antren\u00f6r ekibinin g\u00fc\u00e7lendirilmesi y\u00f6n\u00fcndeki d\u00fc\u015f\u00fcncenin de masaya yat\u0131r\u0131laca\u011f\u0131 vurgulan\u0131rken,&nbsp; eski oyuncular Atiba Hutchinson ve Josef de Souza&#8217;n\u0131n kul\u00fcbe geri d\u00f6nebilece\u011fi kaydedildi.<\/p>\n\n\n\n<h3 class=\"wp-block-heading\">SEZON PERFORMANSI<\/h3>\n\n\n\n<p class=\"wp-block-paragraph\">T\u00fcm kulvarlarda 39 ma\u00e7a \u00e7\u0131kan&nbsp;Sergen Yal\u00e7\u0131n, bu ma\u00e7larda 20 galibiyet, 10 beraberlik ve 9 ma\u011flubiyet ya\u015fad\u0131. Deneyimli hoca,&nbsp;33 lig ma\u00e7\u0131nda 1.73 puan ortalamas\u0131 yakalad\u0131.<\/p>\n","protected":false},"excerpt":{"rendered":"<p>Be\u015fikta\u015f y\u00f6netimi, Sergen Yal\u00e7\u0131n\u2019\u0131n gelece\u011fiyle ilgili karar almak \u00fczere ola\u011fan\u00fcst\u00fc topland\u0131. S\u00fcper Lig&#8217;de sezonu d\u00f6rd\u00fcnc\u00fc<\/p>\n","protected":false},"author":1,"featured_media":1251,"comment_status":"open","ping_status":"open","sticky":false,"template":"","format":"standard","meta":{"_rtcl_gb_attr":"","footnotes":""},"categories":[3],"tags":[],"class_list":["post-1250","post","type-post","status-publish","format-standard","has-post-thumbnail","hentry","category-spor"],"_links":{"self":[{"href":"https:\/\/turkiyemhaber.com\/index.php?rest_route=\/wp\/v2\/posts\/1250","targetHints":{"allow":["GET"]}}],"collection":[{"href":"https:\/\/turkiyemhaber.com\/index.php?rest_route=\/wp\/v2\/posts"}],"about":[{"href":"https:\/\/turkiyemhaber.com\/index.php?rest_route=\/wp\/v2\/types\/post"}],"author":[{"embeddable":true,"href":"https:\/\/turkiyemhaber.com\/index.php?rest_route=\/wp\/v2\/users\/1"}],"replies":[{"embeddable":true,"href":"https:\/\/turkiyemhaber.com\/index.php?rest_route=%2Fwp%2Fv2%2Fcomments&post=1250"}],"version-history":[{"count":1,"href":"https:\/\/turkiyemhaber.com\/index.php?rest_route=\/wp\/v2\/posts\/1250\/revisions"}],"predecessor-version":[{"id":1252,"href":"https:\/\/turkiyemhaber.com\/index.php?rest_route=\/wp\/v2\/posts\/1250\/revisions\/1252"}],"wp:featuredmedia":[{"embeddable":true,"href":"https:\/\/turkiyemhaber.com\/index.php?rest_route=\/wp\/v2\/media\/1251"}],"wp:attachment":[{"href":"https:\/\/turkiyemhaber.com\/index.php?rest_route=%2Fwp%2Fv2%2Fmedia&parent=1250"}],"wp:term":[{"taxonomy":"category","embeddable":true,"href":"https:\/\/turkiyemhaber.com\/index.php?rest_route=%2Fwp%2Fv2%2Fcategories&post=1250"},{"taxonomy":"post_tag","embeddable":true,"href":"https:\/\/turkiyemhaber.com\/index.php?rest_route=%2Fwp%2Fv2%2Ftags&post=1250"}],"curies":[{"name":"wp","href":"https:\/\/api.w.org\/{rel}","templated":true}]}}