{"id":1247,"date":"2026-05-17T08:37:17","date_gmt":"2026-05-17T08:37:17","guid":{"rendered":"https:\/\/turkiyemhaber.com\/?p=1247"},"modified":"2026-05-17T08:37:20","modified_gmt":"2026-05-17T08:37:20","slug":"antalyada-isvecli-kadin-turist-otel-odasinda-olu-bulundu","status":"publish","type":"post","link":"https:\/\/turkiyemhaber.com\/?p=1247","title":{"rendered":"Antalya&#8217;da \u0130sve\u00e7li kad\u0131n turist otel odas\u0131nda \u00f6l\u00fc bulundu"},"content":{"rendered":"\n<p class=\"wp-block-paragraph\">Antalya&#8217;n\u0131n Alanya il\u00e7esindeki bir otelde konaklayan 46 ya\u015f\u0131ndaki \u0130sve\u00e7 uyruklu Svetlana Natalia Linder, kendisinden haber al\u0131namamas\u0131 \u00fczerine odas\u0131na giren otel \u00e7al\u0131\u015fanlar\u0131 taraf\u0131ndan yata\u011f\u0131nda hareketsiz bulundu. \u0130hbar \u00fczerine gelen sa\u011fl\u0131k ekiplerinin hayat\u0131n\u0131 kaybetti\u011fini belirledi\u011fi kad\u0131n\u0131n cans\u0131z bedeni, kesin \u00f6l\u00fcm nedeninin tespiti i\u00e7in morga kald\u0131r\u0131ld\u0131.<\/p>\n\n\n\n<p class=\"wp-block-paragraph\"><a href=\"https:\/\/www.sondakika.com\/antalya\/\">Antalya<\/a>&#8216;n\u0131n Alanya il\u00e7esinde bir otelde konaklayan 46 ya\u015f\u0131ndaki \u0130sve\u00e7 uyruklu Svetlana Natalia Linder, odas\u0131nda \u00f6l\u00fc bulundu. Otel personelinin durumu fark etmesi \u00fczerine olay yerine gelen sa\u011fl\u0131k ekipleri, yabanc\u0131 uyruklu kad\u0131n\u0131n ya\u015fam\u0131n\u0131 yitirdi\u011fini belirledi.<\/p>\n\n\n\n<p class=\"wp-block-paragraph\">Olay, saat 16.30 s\u0131ralar\u0131nda Alanya il\u00e7esi \u00c7ar\u015f\u0131 Mahallesi Ta\u015f\u00e7\u0131ali Sokak \u00fczerinde faaliyet g\u00f6steren bir otelde meydana geldi.<\/p>\n\n\n\n<h3 class=\"wp-block-heading\">ODADA HAREKETS\u0130Z BULUNDU&nbsp;<\/h3>\n\n\n\n<p class=\"wp-block-paragraph\">Edinilen bilgilere g\u00f6re, otelde konaklayan \u0130sve\u00e7 uyruklu Svetlana Natalia Linder&#8217;den (46) bir s\u00fcre haber alamayan otel personeli, durumu kontrol etmek amac\u0131yla odas\u0131na girdi. Linder&#8217;i yatakta hareketsiz halde bulan \u00e7al\u0131\u015fanlar, vakit kaybetmeden durumu 112 Acil \u00c7a\u011fr\u0131 Merkezi&#8217;ne bildirdi.<\/p>\n\n\n\n<h3 class=\"wp-block-heading\">EK\u0130PLER SEVK ED\u0130LD\u0130&nbsp;<\/h3>\n\n\n\n<p class=\"wp-block-paragraph\">\u0130hbar\u0131n ard\u0131ndan olay yerine \u00e7ok say\u0131da polis ve sa\u011fl\u0131k ekibi sevk edildi. Adrese ula\u015fan sa\u011fl\u0131k ekiplerinin yapt\u0131\u011f\u0131 ilk kontrollerde, 46 ya\u015f\u0131ndaki \u0130sve\u00e7li kad\u0131n\u0131n hayat\u0131n\u0131 kaybetti\u011fi tespit edildi.<\/p>\n\n\n\n<figure class=\"wp-block-image\"><img decoding=\"async\" src=\"https:\/\/foto.sondakika.com\/haber\/2026\/05\/16\/antalyada-isvecli-kadin-turist-19853077-6600_1_m.jpg\" alt=\"Antalya'da \u0130sve\u00e7li kad\u0131n turist otel odas\u0131nda \u00f6l\u00fc bulundu\"\/><\/figure>\n\n\n\n<h3 class=\"wp-block-heading\">MORGA KALDIRILDI&nbsp;<\/h3>\n\n\n\n<p class=\"wp-block-paragraph\">Olay yeri inceleme ekiplerinin odada ger\u00e7ekle\u015ftirdi\u011fi detayl\u0131 incelemelerin ard\u0131ndan, Svetlana Natalia Linder&#8217;in cans\u0131z bedeni otopsi yap\u0131lmak ve kesin \u00f6l\u00fcm nedeninin belirlenmesi amac\u0131yla Alanya Belediyesi Morguna kald\u0131r\u0131ld\u0131. Polisin olayla ilgili ba\u015flatt\u0131\u011f\u0131 tahkikat s\u00fcr\u00fcyor.<\/p>\n","protected":false},"excerpt":{"rendered":"<p>Antalya&#8217;n\u0131n Alanya il\u00e7esindeki bir otelde konaklayan 46 ya\u015f\u0131ndaki \u0130sve\u00e7 uyruklu Svetlana Natalia Linder, kendisinden haber<\/p>\n","protected":false},"author":1,"featured_media":1248,"comment_status":"open","ping_status":"open","sticky":false,"template":"","format":"standard","meta":{"_rtcl_gb_attr":"","footnotes":""},"categories":[1],"tags":[],"class_list":["post-1247","post","type-post","status-publish","format-standard","has-post-thumbnail","hentry","category-http-turkiyemhaber-com-wp-content-uploads-2026-03-saray-59-haber-13-mart-pdf"],"_links":{"self":[{"href":"https:\/\/turkiyemhaber.com\/index.php?rest_route=\/wp\/v2\/posts\/1247","targetHints":{"allow":["GET"]}}],"collection":[{"href":"https:\/\/turkiyemhaber.com\/index.php?rest_route=\/wp\/v2\/posts"}],"about":[{"href":"https:\/\/turkiyemhaber.com\/index.php?rest_route=\/wp\/v2\/types\/post"}],"author":[{"embeddable":true,"href":"https:\/\/turkiyemhaber.com\/index.php?rest_route=\/wp\/v2\/users\/1"}],"replies":[{"embeddable":true,"href":"https:\/\/turkiyemhaber.com\/index.php?rest_route=%2Fwp%2Fv2%2Fcomments&post=1247"}],"version-history":[{"count":1,"href":"https:\/\/turkiyemhaber.com\/index.php?rest_route=\/wp\/v2\/posts\/1247\/revisions"}],"predecessor-version":[{"id":1249,"href":"https:\/\/turkiyemhaber.com\/index.php?rest_route=\/wp\/v2\/posts\/1247\/revisions\/1249"}],"wp:featuredmedia":[{"embeddable":true,"href":"https:\/\/turkiyemhaber.com\/index.php?rest_route=\/wp\/v2\/media\/1248"}],"wp:attachment":[{"href":"https:\/\/turkiyemhaber.com\/index.php?rest_route=%2Fwp%2Fv2%2Fmedia&parent=1247"}],"wp:term":[{"taxonomy":"category","embeddable":true,"href":"https:\/\/turkiyemhaber.com\/index.php?rest_route=%2Fwp%2Fv2%2Fcategories&post=1247"},{"taxonomy":"post_tag","embeddable":true,"href":"https:\/\/turkiyemhaber.com\/index.php?rest_route=%2Fwp%2Fv2%2Ftags&post=1247"}],"curies":[{"name":"wp","href":"https:\/\/api.w.org\/{rel}","templated":true}]}}