{"id":1243,"date":"2026-05-17T08:34:22","date_gmt":"2026-05-17T08:34:22","guid":{"rendered":"https:\/\/turkiyemhaber.com\/?p=1243"},"modified":"2026-05-17T08:34:28","modified_gmt":"2026-05-17T08:34:28","slug":"john-travolta-cannesda-gozyaslarini-tutamadi-bu-odul-oscardan-bile-daha-buyuk","status":"publish","type":"post","link":"https:\/\/turkiyemhaber.com\/?p=1243","title":{"rendered":"John Travolta Cannes&#8217;da g\u00f6zya\u015flar\u0131n\u0131 tutamad\u0131: Bu \u00f6d\u00fcl Oscar&#8217;dan bile daha b\u00fcy\u00fck"},"content":{"rendered":"\n<p class=\"wp-block-paragraph\">Hollywood\u2019un d\u00fcnyaca \u00fcnl\u00fc akt\u00f6r\u00fc John Travolta, y\u00f6netmen koltu\u011funa oturdu\u011fu ilk filminin Cannes Film Festivali\u2019ndeki galas\u0131nda s\u00fcrpriz bir \u00f6d\u00fclle onurland\u0131r\u0131ld\u0131. K\u0131rm\u0131z\u0131 hal\u0131daki yeni tarz\u0131yla dikkat \u00e7eken 72 ya\u015f\u0131ndaki oyuncu, &#8220;Honorary Palme d\u2019Or&#8221; \u00f6d\u00fcl\u00fcn\u00fc al\u0131rken sahnede duygusal anlar ya\u015fad\u0131.<\/p>\n\n\n\n<p class=\"wp-block-paragraph\">Sinema d\u00fcnyas\u0131n\u0131n en prestijli etkinliklerinden Cannes Film Festivali, Hollywood&#8217;un efsane isimlerinden John Travolta\u2019n\u0131n duygusal anlar\u0131na sahne oldu. \u00dcnl\u00fc akt\u00f6r, kendi yazd\u0131\u011f\u0131 1997 tarihli \u00e7ocuk kitab\u0131ndan uyarlanan ve y\u00f6netmenli\u011fini \u00fcstlendi\u011fi ilk uzun metrajl\u0131 yap\u0131m\u0131 &#8220;Propeller One-Way Night Coach&#8221; filminin galas\u0131 i\u00e7in Cannes\u2019da k\u0131rm\u0131z\u0131 hal\u0131ya \u00e7\u0131kt\u0131.<\/p>\n\n\n\n<h3 class=\"wp-block-heading\">TARZI D\u0130KKAT \u00c7EKT\u0130&nbsp;<\/h3>\n\n\n\n<p class=\"wp-block-paragraph\">Klasik siyah tak\u0131m elbise, \u00f6rg\u00fc yelek, beyaz g\u00f6mlek ve kravat kombinasyonunu y\u00fcn bere ve g\u00f6zl\u00fckle tamamlayan 72 ya\u015f\u0131ndaki Travolta\u2019n\u0131n yeni imaj\u0131, sosyal medyada ve festival komitesinde geni\u015f yank\u0131 uyand\u0131rd\u0131. Gala gecesinde \u00fcnl\u00fc akt\u00f6re, filmde bir hostesi canland\u0131ran 26 ya\u015f\u0131ndaki k\u0131z\u0131 Ella Bleu Travolta e\u015flik etti.<\/p>\n\n\n\n<figure class=\"wp-block-image\"><img decoding=\"async\" src=\"https:\/\/foto.sondakika.com\/haber\/2026\/05\/16\/john-travolta-cannesda-gozyasl-19853058-2254_1_m.jpg\" alt=\"John Travolta Cannes'da g\u00f6zya\u015flar\u0131n\u0131 tutamad\u0131: Bu \u00f6d\u00fcl Oscar'dan bile daha b\u00fcy\u00fck\"\/><\/figure>\n\n\n\n<h3 class=\"wp-block-heading\">&#8220;BU OSCAR&#8217;DAN B\u0130LE DAHA B\u00dcY\u00dcK&#8221;<\/h3>\n\n\n\n<p class=\"wp-block-paragraph\">Festival kapsam\u0131nda ger\u00e7ekle\u015ftirilen \u00f6zel oturumda John Travolta\u2019ya b\u00fcy\u00fck bir s\u00fcrpriz yap\u0131larak &#8220;Honorary Palme d\u2019Or&#8221; (Fahri Alt\u0131n Palmiye) onur \u00f6d\u00fcl\u00fc takdim edildi. \u00d6d\u00fcl\u00fc ald\u0131\u011f\u0131 s\u0131rada g\u00f6zya\u015flar\u0131na hakim olamayan ve sahnede duygusal anlar ya\u015fayan usta oyuncu, yapt\u0131\u011f\u0131 te\u015fekk\u00fcr konu\u015fmas\u0131nda, \u201cBu benim i\u00e7in Oscar\u2019dan bile daha b\u00fcy\u00fck bir \u015fey\u201d ifadelerini kulland\u0131.<\/p>\n\n\n\n<p class=\"wp-block-paragraph\">Cannes Film Festivali Direkt\u00f6r\u00fc Thierry Fremaux ise \u00f6d\u00fcl\u00fc takdim ederken Travolta\u2019y\u0131, &#8220;20. ve 21. y\u00fczy\u0131l\u0131n en b\u00fcy\u00fck sanat\u00e7\u0131lar\u0131ndan biri&#8221; olarak nitelendirdi.<\/p>\n\n\n\n<figure class=\"wp-block-image\"><img decoding=\"async\" src=\"https:\/\/foto.sondakika.com\/haber\/2026\/05\/16\/john-travolta-cannesda-gozyasl-19853058-3592_1_m.jpg\" alt=\"John Travolta Cannes'da g\u00f6zya\u015flar\u0131n\u0131 tutamad\u0131: Bu \u00f6d\u00fcl Oscar'dan bile daha b\u00fcy\u00fck\"\/><\/figure>\n\n\n\n<h3 class=\"wp-block-heading\">\u00d6ZEL HAYATI TRAJED\u0130LERLE SARSILDI&nbsp;<\/h3>\n\n\n\n<p class=\"wp-block-paragraph\">Gen\u00e7 bir u\u00e7ak tutkununun Hollywood\u2019a yapt\u0131\u011f\u0131 yolculu\u011fu beyaz perdeye ta\u015f\u0131yan film, Travolta\u2019n\u0131n sinema kariyerindeki bu yeni d\u00f6nemini ta\u00e7land\u0131r\u0131rken, \u00fcnl\u00fc akt\u00f6r\u00fcn \u00f6zel hayat\u0131ndaki kay\u0131plar\u0131 da yeniden g\u00fcndeme geldi. Kelly Preston ile evlili\u011finden \u00fc\u00e7 \u00e7ocuk sahibi olan usta akt\u00f6r, b\u00fcy\u00fck o\u011flu Jett Travolta\u2019y\u0131 2009 y\u0131l\u0131nda, e\u015fi Kelly Preston\u2019\u0131 ise 2020 y\u0131l\u0131nda meme kanseri nedeniyle kaybetmi\u015fti.<\/p>\n\n\n\n<p class=\"wp-block-paragraph\">John Travolta&#8217;n\u0131n hem y\u00f6netti\u011fi hem de k\u0131z\u0131yla kamera kar\u015f\u0131s\u0131na ge\u00e7ti\u011fi &#8220;Propeller One-Way Night Coach&#8221; filminin, 29 May\u0131s\u2019ta dijital yay\u0131n platformu Apple TV+&#8217;ta izleyiciyle bulu\u015faca\u011f\u0131 bildirildi.<\/p>\n\n\n\n<figure class=\"wp-block-image\"><img decoding=\"async\" src=\"https:\/\/foto.sondakika.com\/haber\/2026\/05\/16\/john-travolta-cannesda-gozyasl-19853058-6211_1_m.jpg\" alt=\"John Travolta Cannes'da g\u00f6zya\u015flar\u0131n\u0131 tutamad\u0131: Bu \u00f6d\u00fcl Oscar'dan bile daha b\u00fcy\u00fck\"\/><\/figure>\n\n\n\n<figure class=\"wp-block-image\"><img decoding=\"async\" src=\"https:\/\/foto.sondakika.com\/haber\/2026\/05\/16\/john-travolta-cannesda-gozyasl-19853058-2425_2_m.jpg\" alt=\"John Travolta Cannes'da g\u00f6zya\u015flar\u0131n\u0131 tutamad\u0131: Bu \u00f6d\u00fcl Oscar'dan bile daha b\u00fcy\u00fck\"\/><\/figure>\n\n\n\n<p class=\"wp-block-paragraph\"><a href=\"https:\/\/www.sondakika.com\/john-travolta\/\"><strong>J<\/strong><\/a><\/p>\n","protected":false},"excerpt":{"rendered":"<p>Hollywood\u2019un d\u00fcnyaca \u00fcnl\u00fc akt\u00f6r\u00fc John Travolta, y\u00f6netmen koltu\u011funa oturdu\u011fu ilk filminin Cannes Film Festivali\u2019ndeki galas\u0131nda<\/p>\n","protected":false},"author":1,"featured_media":1244,"comment_status":"open","ping_status":"open","sticky":false,"template":"","format":"standard","meta":{"_rtcl_gb_attr":"","footnotes":""},"categories":[41],"tags":[],"class_list":["post-1243","post","type-post","status-publish","format-standard","has-post-thumbnail","hentry","category-magazin"],"_links":{"self":[{"href":"https:\/\/turkiyemhaber.com\/index.php?rest_route=\/wp\/v2\/posts\/1243","targetHints":{"allow":["GET"]}}],"collection":[{"href":"https:\/\/turkiyemhaber.com\/index.php?rest_route=\/wp\/v2\/posts"}],"about":[{"href":"https:\/\/turkiyemhaber.com\/index.php?rest_route=\/wp\/v2\/types\/post"}],"author":[{"embeddable":true,"href":"https:\/\/turkiyemhaber.com\/index.php?rest_route=\/wp\/v2\/users\/1"}],"replies":[{"embeddable":true,"href":"https:\/\/turkiyemhaber.com\/index.php?rest_route=%2Fwp%2Fv2%2Fcomments&post=1243"}],"version-history":[{"count":1,"href":"https:\/\/turkiyemhaber.com\/index.php?rest_route=\/wp\/v2\/posts\/1243\/revisions"}],"predecessor-version":[{"id":1245,"href":"https:\/\/turkiyemhaber.com\/index.php?rest_route=\/wp\/v2\/posts\/1243\/revisions\/1245"}],"wp:featuredmedia":[{"embeddable":true,"href":"https:\/\/turkiyemhaber.com\/index.php?rest_route=\/wp\/v2\/media\/1244"}],"wp:attachment":[{"href":"https:\/\/turkiyemhaber.com\/index.php?rest_route=%2Fwp%2Fv2%2Fmedia&parent=1243"}],"wp:term":[{"taxonomy":"category","embeddable":true,"href":"https:\/\/turkiyemhaber.com\/index.php?rest_route=%2Fwp%2Fv2%2Fcategories&post=1243"},{"taxonomy":"post_tag","embeddable":true,"href":"https:\/\/turkiyemhaber.com\/index.php?rest_route=%2Fwp%2Fv2%2Ftags&post=1243"}],"curies":[{"name":"wp","href":"https:\/\/api.w.org\/{rel}","templated":true}]}}