{"id":1240,"date":"2026-05-17T08:32:35","date_gmt":"2026-05-17T08:32:35","guid":{"rendered":"https:\/\/turkiyemhaber.com\/?p=1240"},"modified":"2026-05-17T08:35:36","modified_gmt":"2026-05-17T08:35:36","slug":"icardi-ile-gorusmeler-basliyor-taraftara-bir-de-mujdeli-haber-geldi","status":"publish","type":"post","link":"https:\/\/turkiyemhaber.com\/?p=1240","title":{"rendered":"Icardi ile g\u00f6r\u00fc\u015fmeler ba\u015fl\u0131yor! Taraftara bir de m\u00fcjdeli haber geldi"},"content":{"rendered":"\n<p class=\"wp-block-paragraph\">Galatasaray, s\u00f6zle\u015fmesi sona erecek olan Mauro Icardi&#8217;nin gelece\u011fini netle\u015ftirmek i\u00e7in menajeri Elio Pino&#8217;yu \u0130stanbul&#8217;a \u00e7a\u011f\u0131rd\u0131 ve taraflar hafta i\u00e7inde kritik bir g\u00f6r\u00fc\u015fme yapacak. Icardi&#8217;nin \u015fampiyonluk kutlamalar\u0131nda kendisine g\u00f6sterilen ilgiden memnun kald\u0131\u011f\u0131 ve istenen rakamlara inmeye haz\u0131r oldu\u011fu belirtildi.<\/p>\n\n\n\n<p class=\"wp-block-paragraph\">Galatasaray&#8217; da gelece\u011fi b\u00fcy\u00fck bir merak konusu olan Arjantinli y\u0131ld\u0131z\u00a0<a href=\"https:\/\/www.sondakika.com\/mauro-icardi\/\">Mauro Icardi<\/a>\u00a0ile ilgili s\u0131cak geli\u015fmeler ya\u015fan\u0131yor.\u00a0<\/p>\n\n\n\n<h3 class=\"wp-block-heading\">ICARDI \u0130LE G\u00d6R\u00dc\u015eMELER BA\u015eLIYOR&nbsp;<\/h3>\n\n\n\n<p class=\"wp-block-paragraph\">Sar\u0131-k\u0131rm\u0131z\u0131l\u0131 ekip ile olan s\u00f6zle\u015fmesinin sonuna yakla\u015fan tecr\u00fcbeli golc\u00fcn\u00fcn gelece\u011fi, bu hafta yap\u0131lacak kritik g\u00f6r\u00fc\u015fmeyle netlik kazanacak.&nbsp;Galatasaray y\u00f6netimi, 33 ya\u015f\u0131ndaki futbolcunun menajeri Elio Pino&#8217;yu \u0130stanbul&#8217;a davet etti. Hafta i\u00e7inde taraflar aras\u0131nda ger\u00e7ekle\u015ftirilecek y\u00fcz y\u00fcze toplant\u0131da, Icardi&#8217;nin tak\u0131mdaki gelece\u011fine dair kesin karar verilecek.<\/p>\n\n\n\n<figure class=\"wp-block-image\"><img decoding=\"async\" src=\"https:\/\/foto.sondakika.com\/haber\/2026\/05\/16\/icardi-ile-gorusmeler-basliyor-19853116-7833_1_m.jpg\" alt=\"Icardi ile g\u00f6r\u00fc\u015fmeler ba\u015fl\u0131yor! Taraftara bir de m\u00fcjdeli haber geldi\"\/><\/figure>\n\n\n\n<h3 class=\"wp-block-heading\">DURSUN \u00d6ZBEK &#8221;G\u00d6R\u00dc\u015eECE\u011e\u0130Z&#8221; DEM\u0130\u015eT\u0130<\/h3>\n\n\n\n<p class=\"wp-block-paragraph\">\u015eampiyonluk kutlamalar\u0131n\u0131n ard\u0131ndan Arjantinli y\u0131ld\u0131z\u0131n tak\u0131mda kal\u0131p kalmayaca\u011f\u0131na y\u00f6nelik sorular\u0131 yan\u0131tlayan Galatasaray Ba\u015fkan\u0131 Dursun \u00d6zbek, &#8220;Icardi ile bir g\u00f6r\u00fc\u015fmemiz var, in\u015fallah ger\u00e7ekle\u015ftirece\u011fiz. Kendisi bizim \u00e7ok sevdi\u011fimiz, camiam\u0131z\u0131n ikonu haline gelmi\u015f bir isim. Galatasaray&#8217;a \u015fimdiye kadar \u00e7ok b\u00fcy\u00fck katk\u0131lar sa\u011flad\u0131&#8221; ifadelerini kullanarak ye\u015fil \u0131\u015f\u0131k yakm\u0131\u015ft\u0131.<\/p>\n\n\n\n<figure class=\"wp-block-image\"><img decoding=\"async\" src=\"https:\/\/foto.sondakika.com\/haber\/2026\/05\/16\/icardi-ile-gorusmeler-basliyor-19853116-3379_1_m.jpg\" alt=\"Icardi ile g\u00f6r\u00fc\u015fmeler ba\u015fl\u0131yor! Taraftara bir de m\u00fcjdeli haber geldi\"\/><\/figure>\n\n\n\n<h3 class=\"wp-block-heading\">MAA\u015eINDA \u0130ND\u0130R\u0130ME G\u0130TMEYE HAZIR<\/h3>\n\n\n\n<p class=\"wp-block-paragraph\">\u00d6te yandan Mauro Icardi cephesinden sar\u0131-k\u0131rm\u0131z\u0131l\u0131lara m\u00fcjdeli haber geldi. Arjantinli y\u0131ld\u0131z\u0131n \u015fampiyonluk kutlamalar\u0131nda kendisine g\u00f6sterilen ilgiden memnun kald\u0131\u011f\u0131 ve istenen rakamlara inmeye haz\u0131r oldu\u011fu belirtildi.<\/p>\n\n\n\n<figure class=\"wp-block-image\"><img decoding=\"async\" src=\"https:\/\/foto.sondakika.com\/haber\/2026\/05\/16\/icardi-ile-gorusmeler-basliyor-19853116-4618_1_m.jpg\" alt=\"Icardi ile g\u00f6r\u00fc\u015fmeler ba\u015fl\u0131yor! Taraftara bir de m\u00fcjdeli haber geldi\"\/><\/figure>\n\n\n\n<h3 class=\"wp-block-heading\">SEZON PERFORMANSI<\/h3>\n\n\n\n<p class=\"wp-block-paragraph\">Bu sezon Galatasaray formas\u0131yla toplam 46 resmi kar\u015f\u0131la\u015fmada g\u00f6rev yapan Mauro Icardi, tak\u0131m\u0131na 16 gol ve 3 asistlik katk\u0131 sa\u011flad\u0131. Tecr\u00fcbeli forvetin, g\u00fcncel piyasa de\u011feri 5 milyon Euro olarak g\u00f6steriliyor.&nbsp;<\/p>\n","protected":false},"excerpt":{"rendered":"<p>Galatasaray, s\u00f6zle\u015fmesi sona erecek olan Mauro Icardi&#8217;nin gelece\u011fini netle\u015ftirmek i\u00e7in menajeri Elio Pino&#8217;yu \u0130stanbul&#8217;a \u00e7a\u011f\u0131rd\u0131<\/p>\n","protected":false},"author":1,"featured_media":1241,"comment_status":"open","ping_status":"open","sticky":false,"template":"","format":"standard","meta":{"_rtcl_gb_attr":"","footnotes":""},"categories":[3],"tags":[],"class_list":["post-1240","post","type-post","status-publish","format-standard","has-post-thumbnail","hentry","category-spor"],"_links":{"self":[{"href":"https:\/\/turkiyemhaber.com\/index.php?rest_route=\/wp\/v2\/posts\/1240","targetHints":{"allow":["GET"]}}],"collection":[{"href":"https:\/\/turkiyemhaber.com\/index.php?rest_route=\/wp\/v2\/posts"}],"about":[{"href":"https:\/\/turkiyemhaber.com\/index.php?rest_route=\/wp\/v2\/types\/post"}],"author":[{"embeddable":true,"href":"https:\/\/turkiyemhaber.com\/index.php?rest_route=\/wp\/v2\/users\/1"}],"replies":[{"embeddable":true,"href":"https:\/\/turkiyemhaber.com\/index.php?rest_route=%2Fwp%2Fv2%2Fcomments&post=1240"}],"version-history":[{"count":2,"href":"https:\/\/turkiyemhaber.com\/index.php?rest_route=\/wp\/v2\/posts\/1240\/revisions"}],"predecessor-version":[{"id":1246,"href":"https:\/\/turkiyemhaber.com\/index.php?rest_route=\/wp\/v2\/posts\/1240\/revisions\/1246"}],"wp:featuredmedia":[{"embeddable":true,"href":"https:\/\/turkiyemhaber.com\/index.php?rest_route=\/wp\/v2\/media\/1241"}],"wp:attachment":[{"href":"https:\/\/turkiyemhaber.com\/index.php?rest_route=%2Fwp%2Fv2%2Fmedia&parent=1240"}],"wp:term":[{"taxonomy":"category","embeddable":true,"href":"https:\/\/turkiyemhaber.com\/index.php?rest_route=%2Fwp%2Fv2%2Fcategories&post=1240"},{"taxonomy":"post_tag","embeddable":true,"href":"https:\/\/turkiyemhaber.com\/index.php?rest_route=%2Fwp%2Fv2%2Ftags&post=1240"}],"curies":[{"name":"wp","href":"https:\/\/api.w.org\/{rel}","templated":true}]}}