{"id":1231,"date":"2026-05-17T08:27:43","date_gmt":"2026-05-17T08:27:43","guid":{"rendered":"https:\/\/turkiyemhaber.com\/?p=1231"},"modified":"2026-05-17T08:27:46","modified_gmt":"2026-05-17T08:27:46","slug":"corluspor-1947-2-lige-yukseldi","status":"publish","type":"post","link":"https:\/\/turkiyemhaber.com\/?p=1231","title":{"rendered":"\u00c7orluspor 1947, 2. Lig&#8217;e y\u00fckseldi"},"content":{"rendered":"\n<p class=\"wp-block-paragraph\">TFF 3. Lig finalinde \u00c7orluspor 1947, Malatya Ye\u015filyurtspor&#8217;u 1-0 ma\u011flup ederek TFF 2. Lig&#8217;e kat\u0131lma ba\u015far\u0131s\u0131 elde etti.<\/p>\n\n\n\n<p class=\"wp-block-paragraph\">Nesine 3. Lig 1.-2. grup play-off final ma\u00e7\u0131nda \u00c7orluspor 1947 ile Malatya Ye\u015filyurtspor kar\u015f\u0131 ka\u015fr\u0131ya geldi. Eryaman Stadyumu&#8217;nda oynanan m\u00fccadeleyi \u00c7orluspor 1947, 1-0&#8217;l\u0131k skorla kazand\u0131.<\/p>\n\n\n\n<h3 class=\"wp-block-heading\">TEK GOLLE 2. L\u0130G&#8217;E \u00c7IKTILAR<\/h3>\n\n\n\n<p class=\"wp-block-paragraph\">\u00c7orluspor 1947&#8217;ye galibiyeti getiren golleri 78. dakikada 25 ya\u015f\u0131ndaki golc\u00fc oyuncu Muhammet Arslanta\u015f kaydetti. Kar\u015f\u0131la\u015fman\u0131n geri kalan b\u00f6l\u00fcm\u00fcnde ba\u015fka gol olmad\u0131.<\/p>\n\n\n\n<figure class=\"wp-block-image\"><img decoding=\"async\" src=\"https:\/\/foto.sondakika.com\/haber\/2026\/05\/16\/corluspor-1947-2-lige-yukseldi-19853298-2857_1_m.jpg\" alt=\"\u00c7orluspor 1947, 2. Lig'e y\u00fckseldi\"\/><\/figure>\n\n\n\n<h3 class=\"wp-block-heading\">\u015eAMP\u0130YON \u00c7ORLUSPOR 1947<\/h3>\n\n\n\n<p class=\"wp-block-paragraph\">Bu sonu\u00e7la birlikte&nbsp;Malatya Ye\u015filyurtspor, gelecek sezonda da 3. Lig&#8217;de m\u00fccadele edecek. \u00c7orluspor 1947 ise ad\u0131n\u0131 2. Lig&#8217;e yazd\u0131rd\u0131. Tekirda\u011f temsilcisi, gelecek sezon 1. Lig&#8217;e \u00e7\u0131kma m\u00fccadelesi verecek.&nbsp;<\/p>\n","protected":false},"excerpt":{"rendered":"<p>TFF 3. Lig finalinde \u00c7orluspor 1947, Malatya Ye\u015filyurtspor&#8217;u 1-0 ma\u011flup ederek TFF 2. Lig&#8217;e kat\u0131lma<\/p>\n","protected":false},"author":1,"featured_media":1232,"comment_status":"open","ping_status":"open","sticky":false,"template":"","format":"standard","meta":{"_rtcl_gb_attr":"","footnotes":""},"categories":[3],"tags":[],"class_list":["post-1231","post","type-post","status-publish","format-standard","has-post-thumbnail","hentry","category-spor"],"_links":{"self":[{"href":"https:\/\/turkiyemhaber.com\/index.php?rest_route=\/wp\/v2\/posts\/1231","targetHints":{"allow":["GET"]}}],"collection":[{"href":"https:\/\/turkiyemhaber.com\/index.php?rest_route=\/wp\/v2\/posts"}],"about":[{"href":"https:\/\/turkiyemhaber.com\/index.php?rest_route=\/wp\/v2\/types\/post"}],"author":[{"embeddable":true,"href":"https:\/\/turkiyemhaber.com\/index.php?rest_route=\/wp\/v2\/users\/1"}],"replies":[{"embeddable":true,"href":"https:\/\/turkiyemhaber.com\/index.php?rest_route=%2Fwp%2Fv2%2Fcomments&post=1231"}],"version-history":[{"count":1,"href":"https:\/\/turkiyemhaber.com\/index.php?rest_route=\/wp\/v2\/posts\/1231\/revisions"}],"predecessor-version":[{"id":1233,"href":"https:\/\/turkiyemhaber.com\/index.php?rest_route=\/wp\/v2\/posts\/1231\/revisions\/1233"}],"wp:featuredmedia":[{"embeddable":true,"href":"https:\/\/turkiyemhaber.com\/index.php?rest_route=\/wp\/v2\/media\/1232"}],"wp:attachment":[{"href":"https:\/\/turkiyemhaber.com\/index.php?rest_route=%2Fwp%2Fv2%2Fmedia&parent=1231"}],"wp:term":[{"taxonomy":"category","embeddable":true,"href":"https:\/\/turkiyemhaber.com\/index.php?rest_route=%2Fwp%2Fv2%2Fcategories&post=1231"},{"taxonomy":"post_tag","embeddable":true,"href":"https:\/\/turkiyemhaber.com\/index.php?rest_route=%2Fwp%2Fv2%2Ftags&post=1231"}],"curies":[{"name":"wp","href":"https:\/\/api.w.org\/{rel}","templated":true}]}}