{"id":1134,"date":"2026-05-16T12:10:25","date_gmt":"2026-05-16T12:10:25","guid":{"rendered":"https:\/\/turkiyemhaber.com\/?p=1134"},"modified":"2026-05-16T12:10:30","modified_gmt":"2026-05-16T12:10:30","slug":"tekirdagda-ozel-egitim-kermesi","status":"publish","type":"post","link":"https:\/\/turkiyemhaber.com\/?p=1134","title":{"rendered":"Tekirda\u011f&#8217;da \u00d6zel E\u011fitim Kermesi"},"content":{"rendered":"\n<p class=\"wp-block-paragraph\">Tekirda\u011f \u00d6zel&nbsp;<a href=\"https:\/\/www.sondakika.com\/egitim\/\">E\u011fitim<\/a>&nbsp;Uygulama Okulu taraf\u0131ndan kermes d\u00fczenlendi.<\/p>\n\n\n\n<p class=\"wp-block-paragraph\">Kermeste, uygulama okulunda e\u011fitim g\u00f6ren \u00f6\u011frenciler ile \u00f6\u011fretmenleri taraf\u0131ndan \u00fcretilen \u00fcr\u00fcnler sat\u0131\u015fa sunuldu.<\/p>\n\n\n\n<p class=\"wp-block-paragraph\">D\u00fczenlenen etkinli\u011fe kat\u0131lan Vali Recep Soyt\u00fcrk, \u00f6zel \u00f6\u011frencilerle birlikte kurdele keserek kermesin a\u00e7\u0131l\u0131\u015f\u0131n\u0131 yapt\u0131.<\/p>\n\n\n\n<p class=\"wp-block-paragraph\">Ard\u0131ndan kermesi gezerek sat\u0131\u015fa sunulan \u00fcr\u00fcnler hakk\u0131nda bilgi alan Vali Soyt\u00fcrk, kermesten al\u0131\u015fveri\u015f yaparak kermese destek oldu.<\/p>\n\n\n\n<p class=\"wp-block-paragraph\">Kermese, S\u00fcleymanpa\u015fa Kaymakam\u0131 Mahmut Nedim Tun\u00e7er, \u0130l Milli E\u011fitim M\u00fcd\u00fcr Yard\u0131mc\u0131s\u0131 Abdullah Nair, \u00f6\u011fretmenler, \u00f6zel \u00f6\u011frenciler ve aileler kat\u0131ld\u0131.<\/p>\n\n\n\n<p class=\"wp-block-paragraph\">\u00d6zel gereksinimli gen\u00e7ten \u0130l Emniyet M\u00fcd\u00fcr\u00fc Turanl\u0131&#8217;ya ziyaret<\/p>\n\n\n\n<p class=\"wp-block-paragraph\">Tekirda\u011f Emniyet M\u00fcd\u00fcr\u00fc Ahmet Metin Turanl\u0131, \u00f6zel gereksinimli Muhammet Emin Tekin&#8217;i a\u011f\u0131rlad\u0131.<\/p>\n\n\n\n<p class=\"wp-block-paragraph\"><a href=\"https:\/\/www.sondakika.com\/engelliler\/\">Engelliler<\/a>&nbsp;Haftas\u0131 kapsam\u0131nda, polis k\u0131yafeti giyen Tekin, \u0130l Emniyet M\u00fcd\u00fcr\u00fc Turanl\u0131&#8217;y\u0131 ziyaret ederek, makamda sohbet etti.<\/p>\n\n\n\n<p class=\"wp-block-paragraph\">Polislik mesle\u011fine ilgi duyan Tekin, eline ald\u0131\u011f\u0131 telsizle polislerle vakit ge\u00e7irdi.<\/p>\n\n\n\n<p class=\"wp-block-paragraph\">Turanl\u0131, \u00f6zel gereksinimli bireylerin toplumun ayr\u0131lmaz bir par\u00e7as\u0131 oldu\u011funu belirterek, sevgi, anlay\u0131\u015f ve dayan\u0131\u015fman\u0131n t\u00fcm engelleri a\u015fmada \u00f6nemli oldu\u011funu ifade etti.<\/p>\n","protected":false},"excerpt":{"rendered":"<p>Tekirda\u011f \u00d6zel&nbsp;E\u011fitim&nbsp;Uygulama Okulu taraf\u0131ndan kermes d\u00fczenlendi. Kermeste, uygulama okulunda e\u011fitim g\u00f6ren \u00f6\u011frenciler ile \u00f6\u011fretmenleri taraf\u0131ndan<\/p>\n","protected":false},"author":1,"featured_media":1135,"comment_status":"open","ping_status":"open","sticky":false,"template":"","format":"standard","meta":{"_rtcl_gb_attr":"","footnotes":""},"categories":[1],"tags":[],"class_list":["post-1134","post","type-post","status-publish","format-standard","has-post-thumbnail","hentry","category-http-turkiyemhaber-com-wp-content-uploads-2026-03-saray-59-haber-13-mart-pdf"],"_links":{"self":[{"href":"https:\/\/turkiyemhaber.com\/index.php?rest_route=\/wp\/v2\/posts\/1134","targetHints":{"allow":["GET"]}}],"collection":[{"href":"https:\/\/turkiyemhaber.com\/index.php?rest_route=\/wp\/v2\/posts"}],"about":[{"href":"https:\/\/turkiyemhaber.com\/index.php?rest_route=\/wp\/v2\/types\/post"}],"author":[{"embeddable":true,"href":"https:\/\/turkiyemhaber.com\/index.php?rest_route=\/wp\/v2\/users\/1"}],"replies":[{"embeddable":true,"href":"https:\/\/turkiyemhaber.com\/index.php?rest_route=%2Fwp%2Fv2%2Fcomments&post=1134"}],"version-history":[{"count":1,"href":"https:\/\/turkiyemhaber.com\/index.php?rest_route=\/wp\/v2\/posts\/1134\/revisions"}],"predecessor-version":[{"id":1136,"href":"https:\/\/turkiyemhaber.com\/index.php?rest_route=\/wp\/v2\/posts\/1134\/revisions\/1136"}],"wp:featuredmedia":[{"embeddable":true,"href":"https:\/\/turkiyemhaber.com\/index.php?rest_route=\/wp\/v2\/media\/1135"}],"wp:attachment":[{"href":"https:\/\/turkiyemhaber.com\/index.php?rest_route=%2Fwp%2Fv2%2Fmedia&parent=1134"}],"wp:term":[{"taxonomy":"category","embeddable":true,"href":"https:\/\/turkiyemhaber.com\/index.php?rest_route=%2Fwp%2Fv2%2Fcategories&post=1134"},{"taxonomy":"post_tag","embeddable":true,"href":"https:\/\/turkiyemhaber.com\/index.php?rest_route=%2Fwp%2Fv2%2Ftags&post=1134"}],"curies":[{"name":"wp","href":"https:\/\/api.w.org\/{rel}","templated":true}]}}