{"id":1131,"date":"2026-05-16T10:23:00","date_gmt":"2026-05-16T10:23:00","guid":{"rendered":"https:\/\/turkiyemhaber.com\/?p=1131"},"modified":"2026-05-16T10:23:05","modified_gmt":"2026-05-16T10:23:05","slug":"tekirdagda-feci-kaza-kamerada-iki-tirin-arasinda-kalan-aractan-sag-cikti","status":"publish","type":"post","link":"https:\/\/turkiyemhaber.com\/?p=1131","title":{"rendered":"Tekirda\u011f\u2019da feci kaza kamerada: \u0130ki t\u0131r\u0131n aras\u0131nda kalan ara\u00e7tan sa\u011f \u00e7\u0131kt\u0131"},"content":{"rendered":"\n<h2 class=\"wp-block-heading\" id=\"content\">Tekirda\u011f\u2019da meydana gelen kazada iki t\u0131r\u0131n aras\u0131nda s\u0131k\u0131\u015f\u0131p hurdaya d\u00f6nen ara\u00e7tan yaral\u0131 kurtulan s\u00fcr\u00fcc\u00fc, hastanede tedavi alt\u0131na al\u0131nd\u0131.<\/h2>\n\n\n\n<p class=\"wp-block-paragraph\">Kaza, \u00c7orlu\u2013\u00c7erkezk\u00f6y yolu Ergene il\u00e7esi Velime\u015fe Organize Sanayi B\u00f6lgesi mevkisinde meydana geldi. \u00c7orlu y\u00f6n\u00fcne seyreden C.T.Y. idaresindeki t\u0131r, \u00f6n\u00fcnde ilerleyen E.K. y\u00f6netimindeki hafif ticari araca arkadan \u00e7arpt\u0131. \u00c7arpman\u0131n \u015fiddetiyle s\u00fcr\u00fcklenen hafif ticari ara\u00e7 da \u00f6n\u00fcnde seyreden ba\u015fka bir t\u0131ra \u00e7arpt\u0131. \u0130ki t\u0131r\u0131n aras\u0131nda kalarak hurdaya d\u00f6nen ara\u00e7ta s\u0131k\u0131\u015fan s\u00fcr\u00fcc\u00fc E.K., olay yerine gelen itfaiye kaza k\u0131r\u0131m ve sa\u011fl\u0131k ekiplerince ara\u00e7tan \u00e7\u0131kar\u0131ld\u0131. Yaral\u0131 E.K., ambulansla \u00c7orlu Devlet Hastanesi\u2019ne kald\u0131r\u0131larak tedavi alt\u0131na al\u0131nd\u0131. S\u00fcr\u00fcc\u00fcn\u00fcn sa\u011fl\u0131k durumunun iyi oldu\u011fu \u00f6\u011frenildi.<\/p>\n\n\n\n<p class=\"wp-block-paragraph\"><strong>T\u0131r \u015fof\u00f6r\u00fc: &#8220;Frenler tutmad\u0131&#8221;<\/strong><\/p>\n\n\n\n<p class=\"wp-block-paragraph\">T\u0131r \u015fof\u00f6r\u00fc C.T.Y., &#8220;H\u0131z\u0131m 50 civar\u0131nda, 50\u2019nin alt\u0131ndayd\u0131. Frene bast\u0131m ama frenler tutmad\u0131, duramad\u0131m&#8221; diye konu\u015ftu. Kaza an\u0131 anbean kameraya yans\u0131rken, kazayla ilgili jandarma taraf\u0131ndan inceleme ba\u015flat\u0131ld\u0131.<\/p>\n\n\n\n<figure class=\"wp-block-video\"><video height=\"1080\" style=\"aspect-ratio: 1920 \/ 1080;\" width=\"1920\" controls src=\"https:\/\/turkiyemhaber.com\/wp-content\/uploads\/2026\/05\/a82c714f-c508-46e0-bc4b-2573d455c926_1080p_800k.mp4\"><\/video><\/figure>\n","protected":false},"excerpt":{"rendered":"<p>Tekirda\u011f\u2019da meydana gelen kazada iki t\u0131r\u0131n aras\u0131nda s\u0131k\u0131\u015f\u0131p hurdaya d\u00f6nen ara\u00e7tan yaral\u0131 kurtulan s\u00fcr\u00fcc\u00fc, hastanede<\/p>\n","protected":false},"author":1,"featured_media":0,"comment_status":"open","ping_status":"open","sticky":false,"template":"","format":"standard","meta":{"_rtcl_gb_attr":"","footnotes":""},"categories":[1],"tags":[],"class_list":["post-1131","post","type-post","status-publish","format-standard","hentry","category-http-turkiyemhaber-com-wp-content-uploads-2026-03-saray-59-haber-13-mart-pdf"],"_links":{"self":[{"href":"https:\/\/turkiyemhaber.com\/index.php?rest_route=\/wp\/v2\/posts\/1131","targetHints":{"allow":["GET"]}}],"collection":[{"href":"https:\/\/turkiyemhaber.com\/index.php?rest_route=\/wp\/v2\/posts"}],"about":[{"href":"https:\/\/turkiyemhaber.com\/index.php?rest_route=\/wp\/v2\/types\/post"}],"author":[{"embeddable":true,"href":"https:\/\/turkiyemhaber.com\/index.php?rest_route=\/wp\/v2\/users\/1"}],"replies":[{"embeddable":true,"href":"https:\/\/turkiyemhaber.com\/index.php?rest_route=%2Fwp%2Fv2%2Fcomments&post=1131"}],"version-history":[{"count":1,"href":"https:\/\/turkiyemhaber.com\/index.php?rest_route=\/wp\/v2\/posts\/1131\/revisions"}],"predecessor-version":[{"id":1133,"href":"https:\/\/turkiyemhaber.com\/index.php?rest_route=\/wp\/v2\/posts\/1131\/revisions\/1133"}],"wp:attachment":[{"href":"https:\/\/turkiyemhaber.com\/index.php?rest_route=%2Fwp%2Fv2%2Fmedia&parent=1131"}],"wp:term":[{"taxonomy":"category","embeddable":true,"href":"https:\/\/turkiyemhaber.com\/index.php?rest_route=%2Fwp%2Fv2%2Fcategories&post=1131"},{"taxonomy":"post_tag","embeddable":true,"href":"https:\/\/turkiyemhaber.com\/index.php?rest_route=%2Fwp%2Fv2%2Ftags&post=1131"}],"curies":[{"name":"wp","href":"https:\/\/api.w.org\/{rel}","templated":true}]}}