{"id":1128,"date":"2026-05-16T10:19:15","date_gmt":"2026-05-16T10:19:15","guid":{"rendered":"https:\/\/turkiyemhaber.com\/?p=1128"},"modified":"2026-05-16T10:19:19","modified_gmt":"2026-05-16T10:19:19","slug":"genclik-haftasi-etkinliklerinde-caddeden-gecen-herkes-istiklal-marsina-eslik-etti","status":"publish","type":"post","link":"https:\/\/turkiyemhaber.com\/?p=1128","title":{"rendered":"Gen\u00e7lik Haftas\u0131 etkinliklerinde caddeden ge\u00e7en herkes \u0130stiklal Mar\u015f\u0131&#8217;na e\u015flik etti"},"content":{"rendered":"\n<p class=\"wp-block-paragraph\">Tekirda\u011f&#8217;da 19 May\u0131s Atat\u00fcrk&#8217;\u00fc Anma, Gen\u00e7lik ve Spor Bayram\u0131 dolay\u0131s\u0131yla d\u00fczenlenen Gen\u00e7lik Haftas\u0131 etkinlikleri t\u00f6renle ba\u015flad\u0131. T\u00f6ren s\u0131ras\u0131nda caddeden ge\u00e7en vatanda\u015flar da \u0130stiklal Mar\u015f\u0131&#8217;na e\u015flik etti.<br>Tekirda\u011f Valili\u011fi \u00f6n\u00fcnde ger\u00e7ekle\u015ftirilen t\u00f6rende, Gen\u00e7lik ve Spor \u0130l M\u00fcd\u00fcr\u00fc Ahmet \u00dczg\u00fcn taraf\u0131ndan Atat\u00fcrk An\u0131t\u0131&#8217;na \u00e7elenk sunuldu. \u00c7elenk sunumunun ard\u0131ndan sayg\u0131 duru\u015funda bulunularak, \u0130stiklal Mar\u015f\u0131 okundu. Bu s\u0131rada caddeden ge\u00e7en vatanda\u015flar da sayg\u0131 duru\u015funda bulunarak, \u0130stiklal Mar\u015f\u0131&#8217;na e\u015flik etti. Program, g\u00fcn\u00fcn an\u0131s\u0131na \u00e7ekilen hat\u0131ra foto\u011fraflar\u0131yla sona erdi.<br>Gen\u00e7lik ve Spor \u0130l M\u00fcd\u00fcr\u00fc Ahmet \u00dczg\u00fcn, t\u00f6renin ard\u0131ndan yapt\u0131\u011f\u0131 a\u00e7\u0131klamada Gen\u00e7lik Haftas\u0131 boyunca kent genelinde gen\u00e7lere y\u00f6nelik \u00e7e\u015fitli etkinlikler ger\u00e7ekle\u015ftirilece\u011fini s\u00f6yledi. Spor organizasyonlar\u0131, k\u00fclt\u00fcrel etkinlikler ve sosyal programlarla dolu bir hafta planland\u0131\u011f\u0131n\u0131 belirten \u00dczg\u00fcn, vatanda\u015flar\u0131 etkinliklere kat\u0131lmaya davet etti. \u00dczg\u00fcn, ak\u015fam saatlerinde S\u00fcleymanpa\u015fa sahil dolgu alan\u0131nda 200 metrelik T\u00fcrk bayra\u011f\u0131yla kortej y\u00fcr\u00fcy\u00fc\u015f\u00fc d\u00fczenlenece\u011fini ifade ederek, t\u00fcm Tekirda\u011f halk\u0131n\u0131 programa davet etti.<br>T\u00f6rene kurum personeli ve Gen\u00e7lik Merkezi \u00fcyeleri kat\u0131ld\u0131.<\/p>\n","protected":false},"excerpt":{"rendered":"<p>Tekirda\u011f&#8217;da 19 May\u0131s Atat\u00fcrk&#8217;\u00fc Anma, Gen\u00e7lik ve Spor Bayram\u0131 dolay\u0131s\u0131yla d\u00fczenlenen Gen\u00e7lik Haftas\u0131 etkinlikleri t\u00f6renle<\/p>\n","protected":false},"author":1,"featured_media":1129,"comment_status":"open","ping_status":"open","sticky":false,"template":"","format":"standard","meta":{"_rtcl_gb_attr":"","footnotes":""},"categories":[1],"tags":[],"class_list":["post-1128","post","type-post","status-publish","format-standard","has-post-thumbnail","hentry","category-http-turkiyemhaber-com-wp-content-uploads-2026-03-saray-59-haber-13-mart-pdf"],"_links":{"self":[{"href":"https:\/\/turkiyemhaber.com\/index.php?rest_route=\/wp\/v2\/posts\/1128","targetHints":{"allow":["GET"]}}],"collection":[{"href":"https:\/\/turkiyemhaber.com\/index.php?rest_route=\/wp\/v2\/posts"}],"about":[{"href":"https:\/\/turkiyemhaber.com\/index.php?rest_route=\/wp\/v2\/types\/post"}],"author":[{"embeddable":true,"href":"https:\/\/turkiyemhaber.com\/index.php?rest_route=\/wp\/v2\/users\/1"}],"replies":[{"embeddable":true,"href":"https:\/\/turkiyemhaber.com\/index.php?rest_route=%2Fwp%2Fv2%2Fcomments&post=1128"}],"version-history":[{"count":1,"href":"https:\/\/turkiyemhaber.com\/index.php?rest_route=\/wp\/v2\/posts\/1128\/revisions"}],"predecessor-version":[{"id":1130,"href":"https:\/\/turkiyemhaber.com\/index.php?rest_route=\/wp\/v2\/posts\/1128\/revisions\/1130"}],"wp:featuredmedia":[{"embeddable":true,"href":"https:\/\/turkiyemhaber.com\/index.php?rest_route=\/wp\/v2\/media\/1129"}],"wp:attachment":[{"href":"https:\/\/turkiyemhaber.com\/index.php?rest_route=%2Fwp%2Fv2%2Fmedia&parent=1128"}],"wp:term":[{"taxonomy":"category","embeddable":true,"href":"https:\/\/turkiyemhaber.com\/index.php?rest_route=%2Fwp%2Fv2%2Fcategories&post=1128"},{"taxonomy":"post_tag","embeddable":true,"href":"https:\/\/turkiyemhaber.com\/index.php?rest_route=%2Fwp%2Fv2%2Ftags&post=1128"}],"curies":[{"name":"wp","href":"https:\/\/api.w.org\/{rel}","templated":true}]}}