{"id":1125,"date":"2026-05-16T10:13:58","date_gmt":"2026-05-16T10:13:58","guid":{"rendered":"https:\/\/turkiyemhaber.com\/?p=1125"},"modified":"2026-05-16T10:14:03","modified_gmt":"2026-05-16T10:14:03","slug":"tekirdagda-100-metre-uzunlugundaki-turk-bayragiyla-genclik-yuruyusu","status":"publish","type":"post","link":"https:\/\/turkiyemhaber.com\/?p=1125","title":{"rendered":"Tekirda\u011f&#8217;da 100 metre uzunlu\u011fundaki T\u00fcrk bayra\u011f\u0131yla &#8216;Gen\u00e7lik Y\u00fcr\u00fcy\u00fc\u015f\u00fc&#8217;"},"content":{"rendered":"\n<p class=\"wp-block-paragraph\"><a href=\"http:\/\/www.dha.com.tr\/haberleri\/tekirdag\" target=\"_blank\" rel=\"noreferrer noopener\">Tekirda\u011f<\/a>&#8216;da\u00a0<a href=\"http:\/\/www.dha.com.tr\/haberleri\/19-mayis\" target=\"_blank\" rel=\"noreferrer noopener\">19 May\u0131s<\/a>\u00a0Gen\u00e7lik ve\u00a0<a href=\"http:\/\/www.dha.com.tr\/haberleri\/spor-bayrami\" target=\"_blank\" rel=\"noreferrer noopener\">Spor Bayram\u0131<\/a>\u00a0kutlamalar\u0131 kapsam\u0131nda d\u00fczenlenen\u00a0<a href=\"http:\/\/www.dha.com.tr\/haberleri\/genclik-yuruyusu\" target=\"_blank\" rel=\"noreferrer noopener\">Gen\u00e7lik Y\u00fcr\u00fcy\u00fc\u015f\u00fc<\/a>&#8216;nde gen\u00e7ler ve polis ekipleri yakla\u015f\u0131k 100 metre uzunlu\u011fundaki T\u00fcrk bayra\u011f\u0131n\u0131 omuzlar\u0131nda ta\u015f\u0131d\u0131.<\/p>\n\n\n\n<h3 class=\"wp-block-heading\"><a href=\"https:\/\/www.dha.com.tr\/haberleri\/19-mayis\" target=\"_blank\" rel=\"noreferrer noopener\">19 May\u0131s<\/a>&nbsp;Gen\u00e7lik ve&nbsp;<a href=\"https:\/\/www.dha.com.tr\/haberleri\/spor-bayrami\" target=\"_blank\" rel=\"noreferrer noopener\">Spor Bayram\u0131<\/a>&nbsp;kutlamalar\u0131 ve Gen\u00e7lik Haftas\u0131 kapsam\u0131nda&nbsp;<a href=\"https:\/\/www.dha.com.tr\/haberleri\/tekirdag\" target=\"_blank\" rel=\"noreferrer noopener\">Tekirda\u011f<\/a>&#8216;\u0131n S\u00fcleymanpa\u015fa il\u00e7esinde Gen\u00e7lik Y\u00fcr\u00fcy\u00fc\u015f\u00fc d\u00fczenlendi.<\/h3>\n\n\n\n<p class=\"wp-block-paragraph\"><strong>2<\/strong><img decoding=\"async\" src=\"https:\/\/image.dha.com.tr\/i\/dha\/75\/750x0\/6a075b567d14dcf64525421b.jpg\" alt=\"\"><\/p>\n\n\n\n<h3 class=\"wp-block-heading\">Tekirda\u011f Gen\u00e7lik ve Spor \u0130l M\u00fcd\u00fcrl\u00fc\u011f\u00fc ile \u0130l Emniyet M\u00fcd\u00fcrl\u00fc\u011f\u00fc i\u015f birli\u011finde ger\u00e7ekle\u015ftirilen y\u00fcr\u00fcy\u00fc\u015fe Gen\u00e7lik ve Spor \u0130l M\u00fcd\u00fcr\u00fc Ahmet \u00dczg\u00fcn, \u0130l Emniyet M\u00fcd\u00fcr\u00fc Ahmet Metin Turanl\u0131, \u0130l Jandarma Komutan\u0131 Albay Ali G\u00fcng\u00f6r, \u00e7ok say\u0131da gen\u00e7, polis ekipleri ve vatanda\u015f kat\u0131ld\u0131. Yelken Kul\u00fcb\u00fc \u00f6n\u00fcnden ba\u015flayan y\u00fcr\u00fcy\u00fc\u015fte, ellerinde T\u00fcrk bayraklar\u0131 ta\u015f\u0131yan kat\u0131l\u0131mc\u0131lar, mar\u015flar e\u015fli\u011finde sahil dolgu alan\u0131na kadar y\u00fcr\u00fcd\u00fc. Yakla\u015f\u0131k 100 metre uzunlu\u011fundaki T\u00fcrk bayra\u011f\u0131n\u0131n ta\u015f\u0131nd\u0131\u011f\u0131 y\u00fcr\u00fcy\u00fc\u015fte renkli g\u00f6r\u00fcnt\u00fcler olu\u015furken, vatanda\u015flar da korteje alk\u0131\u015flarla destek verdi. Sahil g\u00fczergah\u0131 boyunca devam eden y\u00fcr\u00fcy\u00fc\u015fe \u00e7evrede bulunan y\u00fczlerce ki\u015fi e\u015flik etti.<\/h3>\n\n\n\n<figure class=\"wp-block-embed\"><div class=\"wp-block-embed__wrapper\">\nhttps:\/\/d0a88944dfaff2606a75b842221a9fb4.safeframe.googlesyndication.com\/safeframe\/1-0-45\/html\/container.html\n<\/div><\/figure>\n\n\n\n<p class=\"wp-block-paragraph\"><strong>3<\/strong><img decoding=\"async\" src=\"https:\/\/image.dha.com.tr\/i\/dha\/75\/750x0\/6a075b567d14dcf645254226.jpg\" alt=\"\"><\/p>\n\n\n\n<h3 class=\"wp-block-heading\">Etkinli\u011fin sahil dolgu alan\u0131ndaki b\u00f6l\u00fcm\u00fcnde polis ekipleri taraf\u0131ndan &#8216;1919&#8217; koreografisi yap\u0131ld\u0131. Drone ile havadan g\u00f6r\u00fcnt\u00fclenen y\u00fcr\u00fcy\u00fc\u015f, k\u0131rm\u0131z\u0131 beyaz g\u00f6r\u00fcnt\u00fcleriyle g\u00f6rsel \u015f\u00f6len olu\u015fturdu. Gen\u00e7lerin yo\u011fun kat\u0131l\u0131m g\u00f6sterdi\u011fi etkinlikte mar\u015flar ve bayraklarla co\u015fkulu anlar ya\u015fand\u0131.<\/h3>\n\n\n\n<p class=\"wp-block-paragraph\"><strong>4<\/strong><img decoding=\"async\" src=\"https:\/\/image.dha.com.tr\/i\/dha\/75\/750x0\/6a075b567d14dcf645254224.jpg\" alt=\"\"><\/p>\n\n\n\n<p class=\"wp-block-paragraph\"><strong>5<\/strong><img decoding=\"async\" src=\"https:\/\/image.dha.com.tr\/i\/dha\/75\/750x0\/6a075b567d14dcf64525421e.jpg\" alt=\"\"><\/p>\n\n\n\n<p class=\"wp-block-paragraph\"><strong>6<\/strong><img decoding=\"async\" src=\"https:\/\/image.dha.com.tr\/i\/dha\/75\/750x0\/6a075b567d14dcf645254220.jpg\" alt=\"\"><\/p>\n","protected":false},"excerpt":{"rendered":"<p>Tekirda\u011f&#8216;da\u00a019 May\u0131s\u00a0Gen\u00e7lik ve\u00a0Spor Bayram\u0131\u00a0kutlamalar\u0131 kapsam\u0131nda d\u00fczenlenen\u00a0Gen\u00e7lik Y\u00fcr\u00fcy\u00fc\u015f\u00fc&#8216;nde gen\u00e7ler ve polis ekipleri yakla\u015f\u0131k 100 metre uzunlu\u011fundaki<\/p>\n","protected":false},"author":1,"featured_media":1126,"comment_status":"open","ping_status":"open","sticky":false,"template":"","format":"standard","meta":{"_rtcl_gb_attr":"","footnotes":""},"categories":[1],"tags":[],"class_list":["post-1125","post","type-post","status-publish","format-standard","has-post-thumbnail","hentry","category-http-turkiyemhaber-com-wp-content-uploads-2026-03-saray-59-haber-13-mart-pdf"],"_links":{"self":[{"href":"https:\/\/turkiyemhaber.com\/index.php?rest_route=\/wp\/v2\/posts\/1125","targetHints":{"allow":["GET"]}}],"collection":[{"href":"https:\/\/turkiyemhaber.com\/index.php?rest_route=\/wp\/v2\/posts"}],"about":[{"href":"https:\/\/turkiyemhaber.com\/index.php?rest_route=\/wp\/v2\/types\/post"}],"author":[{"embeddable":true,"href":"https:\/\/turkiyemhaber.com\/index.php?rest_route=\/wp\/v2\/users\/1"}],"replies":[{"embeddable":true,"href":"https:\/\/turkiyemhaber.com\/index.php?rest_route=%2Fwp%2Fv2%2Fcomments&post=1125"}],"version-history":[{"count":1,"href":"https:\/\/turkiyemhaber.com\/index.php?rest_route=\/wp\/v2\/posts\/1125\/revisions"}],"predecessor-version":[{"id":1127,"href":"https:\/\/turkiyemhaber.com\/index.php?rest_route=\/wp\/v2\/posts\/1125\/revisions\/1127"}],"wp:featuredmedia":[{"embeddable":true,"href":"https:\/\/turkiyemhaber.com\/index.php?rest_route=\/wp\/v2\/media\/1126"}],"wp:attachment":[{"href":"https:\/\/turkiyemhaber.com\/index.php?rest_route=%2Fwp%2Fv2%2Fmedia&parent=1125"}],"wp:term":[{"taxonomy":"category","embeddable":true,"href":"https:\/\/turkiyemhaber.com\/index.php?rest_route=%2Fwp%2Fv2%2Fcategories&post=1125"},{"taxonomy":"post_tag","embeddable":true,"href":"https:\/\/turkiyemhaber.com\/index.php?rest_route=%2Fwp%2Fv2%2Ftags&post=1125"}],"curies":[{"name":"wp","href":"https:\/\/api.w.org\/{rel}","templated":true}]}}