{"id":1122,"date":"2026-05-16T10:08:40","date_gmt":"2026-05-16T10:08:40","guid":{"rendered":"https:\/\/turkiyemhaber.com\/?p=1122"},"modified":"2026-05-16T10:08:44","modified_gmt":"2026-05-16T10:08:44","slug":"turkiyenin-en-buyuk-mide-kanseri-bulusmasi-tekirdag-sarayda-gerceklesti","status":"publish","type":"post","link":"https:\/\/turkiyemhaber.com\/?p=1122","title":{"rendered":"T\u00fcrkiye\u2019nin en b\u00fcy\u00fck mide kanseri bulu\u015fmas\u0131 Tekirda\u011f Saray\u2019da ger\u00e7ekle\u015fti!"},"content":{"rendered":"\n<p class=\"wp-block-paragraph\">Ulusal Mide Kanseri Derne\u011fi \u00f6nc\u00fcl\u00fc\u011f\u00fcnde, T\u00fcrk Cerrahi Derne\u011fi, Kanser ve Obezite Derne\u011fi, T\u00fcrk Gastroenteroloji Derne\u011fi, Mide \u00d6zofagus Cerrahisi Derne\u011fi, Gastroenteroloji Cerrahisi Derne\u011fi, T\u00fcrk T\u0131bbi Onkoloji Derne\u011fi ve T\u00fcrk Radyasyon Onkolojisi Derne\u011fi\u2019nin bilimsel katk\u0131lar\u0131yla, ayr\u0131ca Saray Belediyesi\u2019nin b\u00fcy\u00fck destekleri ve \u00c7erkezk\u00f6y Ticaret ve Sanayi Odas\u0131\u2019n\u0131n katk\u0131lar\u0131yla d\u00fczenlenen Ulusal Mide Kanseri Konsensus Toplant\u0131s\u0131, 14-16 May\u0131s tarihleri aras\u0131nda Saray, Tekirda\u011f, T\u00fcrkiye\u2019da yo\u011fun kat\u0131l\u0131mla ger\u00e7ekle\u015ftirildi.Thank you for reading this post, don&#8217;t forget to subscribe!<\/p>\n\n\n\n<p class=\"wp-block-paragraph\">T\u00fcrkiye\u2019nin d\u00f6rt bir yan\u0131ndan yakla\u015f\u0131k 250 uzman ve akademisyen hekimin kat\u0131ld\u0131\u011f\u0131 toplant\u0131da; genel cerrahlar, medikal onkologlar, radyasyon onkologlar\u0131, radyologlar, n\u00fckleer t\u0131p uzmanlar\u0131, patologlar ve farkl\u0131 bran\u015flardan \u00e7ok say\u0131da akademisyen mide kanserinin tan\u0131 ve tedavisindeki g\u00fcncel yakla\u015f\u0131mlar\u0131 de\u011ferlendirmek \u00fczere bir araya geldi. Toplant\u0131n\u0131n organizasyonu, Ulusal ve Mide Kanseri Derne\u011fi ba\u015fkan\u0131 Prof. Dr. Enver \u0130lhan \u00f6nc\u00fcl\u00fc\u011f\u00fcnde ger\u00e7ekle\u015ftirilirken, sempozyum ba\u015fkanl\u0131\u011f\u0131n\u0131 Prof. Dr. Erman Ayta\u00e7 \u00fcstlendi.<\/p>\n\n\n\n<figure class=\"wp-block-image\"><img decoding=\"async\" src=\"https:\/\/iasbh.tmgrup.com.tr\/485ebe\/0\/0\/0\/0\/0\/0?u=https:\/\/isbh.tmgrup.com.tr\/sbh\/2026\/05\/15\/turkiyenin-en-buyuk-mide-kanseri-bulusmasi-tekirdag-sarayda-gerceklesti-1778831706721.jpeg&amp;mw=600\" alt=\"turkiyenin-en-buyuk-mide-kanseri-bulusmasi-tekirdag-sarayda-gerceklesti-1778831706721 T\u00fcrkiye'nin en b\u00fcy\u00fck mide kanseri bulu\u015fmas\u0131 Tekirda\u011f Saray'da ger\u00e7ekle\u015fti!\" title=\"\"\/><\/figure>\n\n\n\n<p class=\"wp-block-paragraph\"><strong><br>Prof. Dr. Enver \u0130lhan toplant\u0131n\u0131n bilimsel \u00f6nemine dikkat \u00e7ekerek,<\/strong><br>\u201cMide kanseri tedavisinde ba\u015far\u0131 ancak multidisipliner yakla\u015f\u0131m ve ortak bilimsel ak\u0131l ile m\u00fcmk\u00fcnd\u00fcr. Bu konsensus toplant\u0131s\u0131, \u00fclkemizde tan\u0131 ve tedavi s\u00fcre\u00e7lerinde ortak standartlar\u0131n olu\u015fturulmas\u0131 ve bilimsel rehber niteli\u011finde kararlar\u0131n ortaya \u00e7\u0131kmas\u0131 a\u00e7\u0131s\u0131ndan son derece \u00f6nemlidir. Buradan \u00e7\u0131kacak sonu\u00e7lar\u0131n hem \u00fclkemiz hem de uluslararas\u0131 bilim d\u00fcnyas\u0131 i\u00e7in de\u011ferli katk\u0131lar sunaca\u011f\u0131na inan\u0131yoruz\u201d dedi.<\/p>\n\n\n\n<p class=\"wp-block-paragraph\">Prof. Dr. Erman Ayta\u00e7 ise toplant\u0131n\u0131n bilimsel i\u00e7eri\u011finin son derece kapsaml\u0131 \u015fekilde haz\u0131rland\u0131\u011f\u0131n\u0131 belirterek, mide kanserinin tan\u0131dan tedaviye kadar t\u00fcm s\u00fcre\u00e7lerinin alan\u0131nda uzman isimler taraf\u0131ndan multidisipliner bir bak\u0131\u015f a\u00e7\u0131s\u0131yla de\u011ferlendirildi\u011fini ifade etti. Ayta\u00e7, \u201cBu toplant\u0131da mide kanserine ili\u015fkin cerrahi tedavilerden medikal onkolojiye, radyoterapiden g\u00f6r\u00fcnt\u00fcleme y\u00f6ntemlerine kadar t\u00fcm s\u00fcre\u00e7leri bilimsel veriler \u0131\u015f\u0131\u011f\u0131nda ele ald\u0131k. Amac\u0131m\u0131z yaln\u0131zca mevcut bilgileri payla\u015fmak de\u011fil, gelecekte hastalar\u0131m\u0131za daha do\u011fru ve etkin tedavi sunabilecek ortak bir bilimsel zemin olu\u015fturmakt\u0131. Ortaya \u00e7\u0131kan sonu\u00e7lar\u0131n \u00fclkemiz ad\u0131na \u00f6nemli kazan\u0131mlar sa\u011flayaca\u011f\u0131na inan\u0131yoruz\u201d dedi.<\/p>\n\n\n\n<figure class=\"wp-block-image\"><img decoding=\"async\" src=\"https:\/\/iasbh.tmgrup.com.tr\/822984\/0\/0\/0\/0\/0\/0?u=https:\/\/isbh.tmgrup.com.tr\/sbh\/2026\/05\/15\/turkiyenin-en-buyuk-mide-kanseri-bulusmasi-tekirdag-sarayda-gerceklesti-1778831600783.jpeg&amp;mw=600\" alt=\"turkiyenin-en-buyuk-mide-kanseri-bulusmasi-tekirdag-sarayda-gerceklesti-1778831600783 T\u00fcrkiye'nin en b\u00fcy\u00fck mide kanseri bulu\u015fmas\u0131 Tekirda\u011f Saray'da ger\u00e7ekle\u015fti!\" title=\"\"\/><\/figure>\n","protected":false},"excerpt":{"rendered":"<p>Ulusal Mide Kanseri Derne\u011fi \u00f6nc\u00fcl\u00fc\u011f\u00fcnde, T\u00fcrk Cerrahi Derne\u011fi, Kanser ve Obezite Derne\u011fi, T\u00fcrk Gastroenteroloji Derne\u011fi,<\/p>\n","protected":false},"author":1,"featured_media":1123,"comment_status":"open","ping_status":"open","sticky":false,"template":"","format":"standard","meta":{"_rtcl_gb_attr":"","footnotes":""},"categories":[1],"tags":[],"class_list":["post-1122","post","type-post","status-publish","format-standard","has-post-thumbnail","hentry","category-http-turkiyemhaber-com-wp-content-uploads-2026-03-saray-59-haber-13-mart-pdf"],"_links":{"self":[{"href":"https:\/\/turkiyemhaber.com\/index.php?rest_route=\/wp\/v2\/posts\/1122","targetHints":{"allow":["GET"]}}],"collection":[{"href":"https:\/\/turkiyemhaber.com\/index.php?rest_route=\/wp\/v2\/posts"}],"about":[{"href":"https:\/\/turkiyemhaber.com\/index.php?rest_route=\/wp\/v2\/types\/post"}],"author":[{"embeddable":true,"href":"https:\/\/turkiyemhaber.com\/index.php?rest_route=\/wp\/v2\/users\/1"}],"replies":[{"embeddable":true,"href":"https:\/\/turkiyemhaber.com\/index.php?rest_route=%2Fwp%2Fv2%2Fcomments&post=1122"}],"version-history":[{"count":1,"href":"https:\/\/turkiyemhaber.com\/index.php?rest_route=\/wp\/v2\/posts\/1122\/revisions"}],"predecessor-version":[{"id":1124,"href":"https:\/\/turkiyemhaber.com\/index.php?rest_route=\/wp\/v2\/posts\/1122\/revisions\/1124"}],"wp:featuredmedia":[{"embeddable":true,"href":"https:\/\/turkiyemhaber.com\/index.php?rest_route=\/wp\/v2\/media\/1123"}],"wp:attachment":[{"href":"https:\/\/turkiyemhaber.com\/index.php?rest_route=%2Fwp%2Fv2%2Fmedia&parent=1122"}],"wp:term":[{"taxonomy":"category","embeddable":true,"href":"https:\/\/turkiyemhaber.com\/index.php?rest_route=%2Fwp%2Fv2%2Fcategories&post=1122"},{"taxonomy":"post_tag","embeddable":true,"href":"https:\/\/turkiyemhaber.com\/index.php?rest_route=%2Fwp%2Fv2%2Ftags&post=1122"}],"curies":[{"name":"wp","href":"https:\/\/api.w.org\/{rel}","templated":true}]}}