{"id":1118,"date":"2026-05-15T08:11:30","date_gmt":"2026-05-15T08:11:30","guid":{"rendered":"https:\/\/turkiyemhaber.com\/?p=1118"},"modified":"2026-05-15T08:11:34","modified_gmt":"2026-05-15T08:11:34","slug":"mustafa-bozbey-ilk-esinden-bosanip-guvenlikcinin-esiyle-evlenmis-kizi-sitem-etti","status":"publish","type":"post","link":"https:\/\/turkiyemhaber.com\/?p=1118","title":{"rendered":"Mustafa Bozbey ilk e\u015finden bo\u015fan\u0131p g\u00fcvenlik\u00e7inin e\u015fiyle evlenmi\u015f: K\u0131z\u0131 sitem etti"},"content":{"rendered":"\n<p class=\"wp-block-paragraph\">B\u00f6cek&#8217;in ricas\u0131n\u0131 k\u0131rmayan Bozbey, ikinci e\u015fi olan Seden Ba\u015ftimur&#8217;u s\u0131navs\u0131z memuriyet yolu olarak bilinen &#8220;istisnai kadro&#8221; \u00fczerinden i\u015fe ba\u015flatt\u0131.<\/p>\n\n\n\n<ul class=\"wp-block-list\">\n<li>Mustafa Bozbey\u2019in, ikinci e\u015fi Seden Ba\u015ftimur ile tan\u0131\u015fma ve evlilik s\u00fcrecine ili\u015fkin iddialar, kamuoyunda &#8220;liyakat&#8221; tart\u0131\u015fmalar\u0131n\u0131 yeniden g\u00fcndeme getirdi.<\/li>\n\n\n\n<li>Bozbey\u2019in, Antalya\u2019da g\u00fcvenlik g\u00f6revlisi olarak \u00e7al\u0131\u015fan Y.\u00d6.\u2019n\u00fcn e\u015fi Seden Ba\u015ftimur\u2019u \u201cyard\u0131m amac\u0131yla\u201d i\u015fe ald\u0131\u011f\u0131; daha sonra ikilinin kendi e\u015flerinden bo\u015fanarak evlendi\u011fi ifade ediliyor.<\/li>\n\n\n\n<li>Olay, Mustafa Bozbey&#8217;in k\u0131z\u0131 Side Bozbey&#8217;in ge\u00e7mi\u015f tarihte sosyal medyadan yapt\u0131\u011f\u0131 sitem dolu payla\u015f\u0131mla g\u00fcndeme geldi.<\/li>\n<\/ul>\n\n\n\n<p class=\"wp-block-paragraph\">Yolsuzluk operasyonunun yank\u0131lar\u0131 s\u00fcrerken, CHP&#8217;li Bursa B\u00fcy\u00fck\u015fehir Belediye Ba\u015fkan\u0131 Mustafa Bozbey&#8217;in operasyonda kendisiyle birlikte g\u00f6zalt\u0131na al\u0131nan ikinci e\u015fi&nbsp;Seden Ba\u015ftimur Bozbey&nbsp;ile tan\u0131\u015fma hikayesi, liyakat tart\u0131\u015fmalar\u0131n\u0131 yeniden alevlendirdi.<\/p>\n\n\n\n<p class=\"wp-block-paragraph\">Olay, CHP&#8217;li U\u015fak Belediyesi&#8217;nin eski ba\u015fkan\u0131 \u00d6zkan Yal\u0131m&#8217;\u0131n e\u015fi haricinde d\u00f6rt sevgilisinin oldu\u011fu ve bu ki\u015fileri belediyede i\u015fe ald\u0131\u011f\u0131 iddialar\u0131 sonras\u0131nda&nbsp;<a href=\"https:\/\/www.haber7.com\/guncel\" target=\"_blank\" rel=\"noreferrer noopener\">g\u00fcndem<\/a>e geldi.<\/p>\n\n\n\n<p class=\"wp-block-paragraph\">Edinilen bilgilere g\u00f6re s\u00fcre\u00e7 Antalya&#8217;da ba\u015flad\u0131. Seden Ba\u015ftimur, o d\u00f6nem Antalya&#8217;da&nbsp;Konyaalt\u0131 Belediyesi&#8217;nde g\u00fcvenlik g\u00f6revlisi olarak \u00e7al\u0131\u015fan g\u00fcvenlik\u00e7i Y.\u00d6.&nbsp;ile evliydi.<\/p>\n\n\n\n<p class=\"wp-block-paragraph\">Y.\u00d6., e\u015fi Seden Ba\u015ftimur&#8217;un memur yap\u0131lmas\u0131 i\u00e7in d\u00f6nemin Konyaalt\u0131 Belediye Ba\u015fkan\u0131 Muhittin B\u00f6cek&#8217;ten yard\u0131m talep etti.<\/p>\n\n\n\n<p class=\"wp-block-paragraph\"><img decoding=\"async\" alt=\"Mustafa Bozbey ve e\u015fi bir etkinlikte.\" src=\"https:\/\/i12.haber7.net\/\/haber\/haber7\/photos\/2026\/14\/YlNkS_1775136681_9621.jpg\">Mustafa Bozbey ve e\u015fi bir etkinlikte.<\/p>\n\n\n\n<p class=\"wp-block-paragraph\">Kendi belediyesinde uygun bir kadro bulamayan Muhittin B\u00f6cek, \u00e7\u00f6z\u00fcm\u00fc Bursa&#8217;da arad\u0131 ve d\u00f6nemin Nil\u00fcfer Belediye Ba\u015fkan\u0131&nbsp;Mustafa Bozbey&nbsp;ile ileti\u015fime ge\u00e7ti.<\/p>\n\n\n\n<p class=\"wp-block-paragraph\">B\u00f6cek&#8217;in ricas\u0131n\u0131 k\u0131rmayan Bozbey, Seden Ba\u015ftimur&#8217;u s\u0131navs\u0131z memuriyet yolu olarak bilinen&nbsp;&#8220;istisnai kadro&#8221;&nbsp;\u00fczerinden i\u015fe ba\u015flatt\u0131.<\/p>\n\n\n\n<h3 class=\"wp-block-heading\">KIZI S\u0130DE&#8217;N\u0130N \u0130SYANI<\/h3>\n\n\n\n<p class=\"wp-block-paragraph\">\u0130stisnai kadro ile memur yap\u0131larak Bursa&#8217;ya yerle\u015fen Seden Ba\u015ftimur ile Mustafa Bozbey aras\u0131nda bir s\u00fcre sonra yasak a\u015fk ba\u015flad\u0131.<\/p>\n\n\n\n<p class=\"wp-block-paragraph\">\u0130kili, bu ili\u015fkinin ard\u0131ndan mevcut e\u015flerinden bo\u015fanarak hayatlar\u0131n\u0131 birle\u015ftirme karar\u0131 ald\u0131 ve evlendi.<\/p>\n\n\n\n<p class=\"wp-block-paragraph\">Bu tart\u0131\u015fmal\u0131 evlili\u011fe en sert tepki ise Mustafa Bozbey&#8217;in ilk evlili\u011finden olan k\u0131z\u0131&nbsp;Side Bozbey&#8217;den gelmi\u015fti.<\/p>\n\n\n\n<p class=\"wp-block-paragraph\"><img decoding=\"async\" alt=\"Side Bozbey'in yapt\u0131\u011f\u0131 payla\u015f\u0131m\u0131n bir g\u00f6r\u00fcnt\u00fcs\u00fc.\" src=\"https:\/\/i12.haber7.net\/\/haber\/haber7\/photos\/2026\/14\/LXjH9_1775136178_8743.jpg\">Side Bozbey&#8217;in yapt\u0131\u011f\u0131 payla\u015f\u0131m\u0131n bir g\u00f6r\u00fcnt\u00fcs\u00fc.<\/p>\n\n\n\n<p class=\"wp-block-paragraph\">Side Bozbey, babas\u0131n\u0131n Seden Ba\u015ftimur ile evlenmesinin ard\u0131ndan sosyal medya \u00fczerinden duruma isyan ederek,&nbsp;&#8220;Annemle babam\u0131n evlili\u011fini bitiren sebep&#8230; Allah b\u00fcy\u00fck&#8230;&#8221;&nbsp;ifadelerini kullanm\u0131\u015ft\u0131.<\/p>\n\n\n\n<p class=\"wp-block-paragraph\">Bug\u00fcn gelinen noktada ise kaderin garip bir cilvesi olarak; babas\u0131n\u0131n evlili\u011fine &#8220;Allah b\u00fcy\u00fck&#8221; diyerek isyan eden k\u0131z\u0131 Side Bozbey G\u00fcrer, babas\u0131 Mustafa Bozbey ve \u00fcvey annesi Seden Bozbey ile birlikte ayn\u0131 yolsuzluk ve r\u00fc\u015fvet operasyonu kapsam\u0131nda g\u00f6zalt\u0131nda bulunuyor.<\/p>\n\n\n\n<h3 class=\"wp-block-heading\">NE OLMU\u015eTU?<\/h3>\n\n\n\n<p class=\"wp-block-paragraph\">Bursa Cumhuriyet Ba\u015fsavc\u0131l\u0131\u011f\u0131 taraf\u0131ndan y\u00fcr\u00fct\u00fclen ve&nbsp;Bursa&nbsp;merkezli \u0130stanbul, Bal\u0131kesir ve Diyarbak\u0131r&#8217;\u0131 kapsayan 5 ildeki e\u015f zamanl\u0131 operasyonlar, belediye tarihindeki en b\u00fcy\u00fck yolsuzluk iddialar\u0131ndan birini g\u00fcn y\u00fcz\u00fcne \u00e7\u0131kard\u0131. Soru\u015fturma kapsam\u0131nda, aralar\u0131nda&nbsp;Bursa B\u00fcy\u00fck\u015fehir Belediye Ba\u015fkan\u0131 Mustafa Bozbey, e\u015fi&nbsp;Seden Bozbey, k\u0131z\u0131&nbsp;Side Bozbey G\u00fcrer&nbsp;ve karde\u015fleri&nbsp;Ramiz ile Ertan Bozbey&#8217;in de bulundu\u011fu toplam 55 ki\u015fi g\u00f6zalt\u0131na al\u0131nd\u0131.<\/p>\n\n\n\n<p class=\"wp-block-paragraph\">Mali Su\u00e7lar\u0131 Ara\u015ft\u0131rma Kurulu (MASAK)&nbsp;taraf\u0131ndan 6 ay boyunca y\u00fcr\u00fct\u00fclen titiz incelemeler sonucunda, \u015f\u00fcphelilerin &#8220;su\u00e7 i\u015flemek amac\u0131yla \u00f6rg\u00fct kurmak&#8221;, &#8220;r\u00fc\u015fvet&#8221; ve &#8220;su\u00e7tan kaynaklanan mal varl\u0131klar\u0131n\u0131 aklamak&#8221; su\u00e7lar\u0131na kar\u0131\u015ft\u0131klar\u0131 iddia ediliyor. Tespit edilen su\u00e7a konu i\u015flem hacminin ise tam&nbsp;15 milyar 951 milyon TL&nbsp;oldu\u011fu belirlendi.<\/p>\n\n\n\n<p class=\"wp-block-paragraph\">Soru\u015fturman\u0131n merkezinde, Mustafa Bozbey&#8217;in&nbsp;Nil\u00fcfer Belediye Ba\u015fkanl\u0131\u011f\u0131&nbsp;d\u00f6neminde akrabalar\u0131 ve yak\u0131nlar\u0131 \u00fczerine kurulan paravan \u015firketler yer al\u0131yor. R\u00fc\u015fvet olarak al\u0131nd\u0131\u011f\u0131 iddia edilen ta\u015f\u0131nmazlar\u0131n devredildi\u011fi&nbsp;Verev \u0130n\u015faat, Seres Gayrimenkul, Tiba Mimarl\u0131k, Fide \u00d6zel E\u011fitim, Bozbey \u0130n\u015faat Sanayi, Per\u00e7em \u0130n\u015faat&nbsp;ve&nbsp;Kafkas Tur Oto Kiralama&nbsp;\u015firketlerine&nbsp;Tasarruf Mevduat\u0131 Sigorta Fonu (TMSF)&nbsp;taraf\u0131ndan kayyum atand\u0131. Bu \u015firketler \u00fczerine kay\u0131tl\u0131&nbsp;213 ta\u015f\u0131nmaz ve 35 l\u00fcks araca&nbsp;el konuldu.<\/p>\n\n\n\n<h3 class=\"wp-block-heading\">U\u015eAK&#8217;TA NELER OLDU?<\/h3>\n\n\n\n<p class=\"wp-block-paragraph\">\u0130stanbul Cumhuriyet Ba\u015fsavc\u0131l\u0131\u011f\u0131&#8217;n\u0131n U\u015fak Belediyesi&#8217;ne y\u00f6nelik y\u00fcr\u00fctt\u00fc\u011f\u00fc &#8220;r\u00fc\u015fvet&#8221; soru\u015fturmas\u0131 kapsam\u0131nda, 30 Mart Pazartesi g\u00fcn\u00fc CHP&#8217;li Belediye Ba\u015fkan\u0131 \u00d6zkan Yal\u0131m \u00e7\u0131kar\u0131ld\u0131\u011f\u0131 mahkemece tutukland\u0131. 31 Mart Sal\u0131 g\u00fcn\u00fc \u0130\u00e7i\u015fleri Bakanl\u0131\u011f\u0131 karar\u0131yla g\u00f6revinden uzakla\u015ft\u0131r\u0131ld\u0131.<\/p>\n\n\n\n<p class=\"wp-block-paragraph\">27 Mart&#8217;ta 11 \u015f\u00fcpheliyle beraber g\u00f6zalt\u0131na al\u0131nan Yal\u0131m i\u00e7in Savc\u0131l\u0131\u011f\u0131n a\u00e7\u0131klamas\u0131nda,&nbsp;&#8220;\u015firketlere verilen ihalelerde m\u00fckerrer faturaland\u0131rma yap\u0131larak olu\u015fan fark\u0131n r\u00fc\u015fvet olarak al\u0131nd\u0131\u011f\u0131&#8221; belirtilmi\u015fti.<\/p>\n\n\n\n<p class=\"wp-block-paragraph\">A\u00e7\u0131klamada ayr\u0131ca, U\u015fak&nbsp;<a href=\"https:\/\/spor.haber7.com\/\" target=\"_blank\" rel=\"noreferrer noopener\">Spor<\/a>&nbsp;kul\u00fcb\u00fcne ba\u011f\u0131\u015f ad\u0131 alt\u0131nda belediye y\u00f6neticilerinin &#8220;\u015fahsi hesaplar\u0131na y\u00fcksek miktarlarda para toplad\u0131klar\u0131&#8221; vurgulanm\u0131\u015ft\u0131.<\/p>\n\n\n\n<p class=\"wp-block-paragraph\">Savc\u0131l\u0131k, bireysel harcamalar\u0131n belediyeye fatura edilmesi, r\u00fc\u015fvet talebi, haks\u0131z kazan\u00e7 gibi ba\u015fka su\u00e7lara da at\u0131f yapt\u0131. Gizli tan\u0131k beyanlar\u0131 da bulunan soru\u015fturman\u0131n, &#8220;r\u00fc\u015fvet&#8221;, &#8220;irtikap&#8221; ve &#8220;ihaleye fesat kar\u0131\u015ft\u0131rma&#8221; iddias\u0131yla ba\u015flat\u0131ld\u0131\u011f\u0131n\u0131 bildirdi.<\/p>\n\n\n\n<p class=\"wp-block-paragraph\"><img decoding=\"async\" alt=\"\u00d6zkan Yal\u0131m otelde 21 ya\u015f\u0131ndaki sevgilisiyle yakaland\u0131.\" src=\"https:\/\/i12.haber7.net\/\/haber\/haber7\/photos\/2026\/14\/RSNU8_1775138584_0605.jpg\">\u00d6zkan Yal\u0131m otelde 21 ya\u015f\u0131ndaki sevgilisiyle yakaland\u0131.<\/p>\n\n\n\n<p class=\"wp-block-paragraph\">Yal\u0131m&#8217;\u0131n e\u015fi hari\u00e7 4 sevgilisinin olmas\u0131 da bu operasyon kapsam\u0131nda ortaya \u00e7\u0131kan bir ba\u015fka detayd\u0131. CHP&#8217;li Belediye Ba\u015fkan\u0131&#8217;n\u0131n sevgililerine belediyeden kadrolu i\u015f verdi\u011fi, l\u00fcks harcamalar yapt\u0131\u011f\u0131, milyon liral\u0131k hediyeler verdi\u011fi \u00f6\u011frenildi.<\/p>\n\n\n\n<p class=\"wp-block-paragraph\">Yal\u0131m, g\u00f6zalt\u0131 i\u015flemi s\u0131ras\u0131nda Ankara&#8217;da bir otel odas\u0131nda 21 ya\u015f\u0131ndaki sevgilisi (S.A.) yakaland\u0131.<\/p>\n\n\n\n<p class=\"wp-block-paragraph\">\u0130ki isim de bu ba\u011f\u0131 ilk ifadelerinde do\u011frularken, S.A., Yal\u0131m&#8217;la Batum&#8217;da tatil yapt\u0131klar\u0131n\u0131, ayl\u0131k gelirinin 70 bin lira oldu\u011funu, U\u015fak Belediyesi&#8217;nde \u00e7al\u0131\u015ft\u0131\u011f\u0131n\u0131 belirtti.<\/p>\n\n\n\n<figure class=\"wp-block-video\"><video height=\"500\" style=\"aspect-ratio: 500 \/ 500;\" width=\"500\" controls src=\"https:\/\/turkiyemhaber.com\/wp-content\/uploads\/2026\/05\/Pembe-zarif-bujiteri-aksesuar-logo-tasarimi.mp4\"><\/video><\/figure>\n","protected":false},"excerpt":{"rendered":"<p>B\u00f6cek&#8217;in ricas\u0131n\u0131 k\u0131rmayan Bozbey, ikinci e\u015fi olan Seden Ba\u015ftimur&#8217;u s\u0131navs\u0131z memuriyet yolu olarak bilinen &#8220;istisnai<\/p>\n","protected":false},"author":1,"featured_media":1119,"comment_status":"open","ping_status":"open","sticky":false,"template":"","format":"standard","meta":{"_rtcl_gb_attr":"","footnotes":""},"categories":[43],"tags":[],"class_list":["post-1118","post","type-post","status-publish","format-standard","has-post-thumbnail","hentry","category-son-dakika"],"_links":{"self":[{"href":"https:\/\/turkiyemhaber.com\/index.php?rest_route=\/wp\/v2\/posts\/1118","targetHints":{"allow":["GET"]}}],"collection":[{"href":"https:\/\/turkiyemhaber.com\/index.php?rest_route=\/wp\/v2\/posts"}],"about":[{"href":"https:\/\/turkiyemhaber.com\/index.php?rest_route=\/wp\/v2\/types\/post"}],"author":[{"embeddable":true,"href":"https:\/\/turkiyemhaber.com\/index.php?rest_route=\/wp\/v2\/users\/1"}],"replies":[{"embeddable":true,"href":"https:\/\/turkiyemhaber.com\/index.php?rest_route=%2Fwp%2Fv2%2Fcomments&post=1118"}],"version-history":[{"count":1,"href":"https:\/\/turkiyemhaber.com\/index.php?rest_route=\/wp\/v2\/posts\/1118\/revisions"}],"predecessor-version":[{"id":1121,"href":"https:\/\/turkiyemhaber.com\/index.php?rest_route=\/wp\/v2\/posts\/1118\/revisions\/1121"}],"wp:featuredmedia":[{"embeddable":true,"href":"https:\/\/turkiyemhaber.com\/index.php?rest_route=\/wp\/v2\/media\/1119"}],"wp:attachment":[{"href":"https:\/\/turkiyemhaber.com\/index.php?rest_route=%2Fwp%2Fv2%2Fmedia&parent=1118"}],"wp:term":[{"taxonomy":"category","embeddable":true,"href":"https:\/\/turkiyemhaber.com\/index.php?rest_route=%2Fwp%2Fv2%2Fcategories&post=1118"},{"taxonomy":"post_tag","embeddable":true,"href":"https:\/\/turkiyemhaber.com\/index.php?rest_route=%2Fwp%2Fv2%2Ftags&post=1118"}],"curies":[{"name":"wp","href":"https:\/\/api.w.org\/{rel}","templated":true}]}}