{"id":1044,"date":"2026-05-10T10:47:24","date_gmt":"2026-05-10T10:47:24","guid":{"rendered":"https:\/\/turkiyemhaber.com\/?p=1044"},"modified":"2026-05-10T10:47:28","modified_gmt":"2026-05-10T10:47:28","slug":"aziz-yildirimdan-buyuk-ters-kose-iste-teklif-goturdugu-yabanci-antrenor","status":"publish","type":"post","link":"https:\/\/turkiyemhaber.com\/?p=1044","title":{"rendered":"Aziz Y\u0131ld\u0131r\u0131m&#8217;dan b\u00fcy\u00fck ters k\u00f6\u015fe! \u0130\u015fte teklif g\u00f6t\u00fcrd\u00fc\u011f\u00fc yabanc\u0131 antren\u00f6r"},"content":{"rendered":"\n<p class=\"wp-block-paragraph\">Aziz Y\u0131ld\u0131r\u0131m\u2019\u0131n, menajerler arac\u0131l\u0131\u011f\u0131yla Filipe Luis\u2019e teklif g\u00f6t\u00fcrd\u00fc\u011f\u00fc ve Brezilyal\u0131 teknik adam\u0131n Fenerbah\u00e7e ile g\u00f6r\u00fc\u015fmeyi kabul etti\u011fi \u00f6ne s\u00fcr\u00fcld\u00fc.<\/p>\n\n\n\n<p class=\"wp-block-paragraph\">Fenerbah\u00e7e\u2019de Aziz Y\u0131ld\u0131r\u0131m\u2019\u0131n se\u00e7imi kazanmas\u0131 halinde Aykut Kocaman\u2019\u0131n tak\u0131m\u0131n ba\u015f\u0131na ge\u00e7ece\u011fi iddialar\u0131 g\u00fcndemdeki yerini korurken, Y\u0131ld\u0131r\u0131m\u2019\u0131n teknik direkt\u00f6r konusunda s\u00fcrpriz bir isim \u00fczerinde daha durdu\u011fu \u00f6ne s\u00fcr\u00fcld\u00fc.<\/p>\n\n\n\n<h3 class=\"wp-block-heading\">FILIPE LUIS\u2019E TEKL\u0130F G\u00d6T\u00dcR\u00dcLD\u00dc<\/h3>\n\n\n\n<p class=\"wp-block-paragraph\">Brezilya bas\u0131n\u0131ndan RTI Esporte\u2019nin haberine g\u00f6re Aziz Y\u0131ld\u0131r\u0131m, menajerler arac\u0131l\u0131\u011f\u0131yla Filipe Luis\u2019e teklif iletti.&nbsp;Haberde, gen\u00e7 teknik adam\u0131n 2025 y\u0131l\u0131n\u0131n ekim ay\u0131nda reddetti\u011fi Fenerbah\u00e7e ile bu kez g\u00f6r\u00fc\u015fmeyi kabul etti\u011fi belirtildi.<\/p>\n\n\n\n<figure class=\"wp-block-image\"><img decoding=\"async\" src=\"https:\/\/foto.sondakika.com\/haber\/2026\/05\/09\/20260509_673c8cac8a0048f88f15453f0042a471.jpg\" alt=\"Aziz Y\u0131ld\u0131r\u0131m'dan b\u00fcy\u00fck ters k\u00f6\u015fe! \u0130\u015fte teklif g\u00f6t\u00fcrd\u00fc\u011f\u00fc yabanc\u0131 antren\u00f6r\"\/><\/figure>\n\n\n\n<h3 class=\"wp-block-heading\">TEKN\u0130K D\u0130REKT\u00d6R ARAYI\u015eI S\u00dcR\u00dcYOR<\/h3>\n\n\n\n<p class=\"wp-block-paragraph\">Sar\u0131-lacivertli ekipte se\u00e7im \u00f6ncesi teknik direkt\u00f6r adaylar\u0131 g\u00fcndemdeki yerini korurken, Hakan Safi\u2019nin de Enzo Maresca gibi \u00f6nemli isimlerle temas kurdu\u011fu iddia edilmi\u015fti.<\/p>\n\n\n\n<figure class=\"wp-block-image\"><img decoding=\"async\" src=\"https:\/\/foto.sondakika.com\/haber\/2026\/05\/09\/20260509_e3275422ef1d477dbb9efab3c76f3960.jpg\" alt=\"Aziz Y\u0131ld\u0131r\u0131m'dan b\u00fcy\u00fck ters k\u00f6\u015fe! \u0130\u015fte teklif g\u00f6t\u00fcrd\u00fc\u011f\u00fc yabanc\u0131 antren\u00f6r\"\/><\/figure>\n\n\n\n<h3 class=\"wp-block-heading\">BREZ\u0130LYA\u2019DA D\u0130KKAT \u00c7EKEN \u00c7IKI\u015e<\/h3>\n\n\n\n<p class=\"wp-block-paragraph\">Teknik direkt\u00f6rl\u00fck kariyerine h\u0131zl\u0131 ba\u015flayan Filipe Luis, gen\u00e7 ya\u015f\u0131na ra\u011fmen Brezilya\u2019da b\u00fcy\u00fck dikkat \u00e7ekmi\u015fti.&nbsp;Ortaya at\u0131lan iddia k\u0131sa s\u00fcrede sosyal medyada g\u00fcndem olurken, sar\u0131-lacivertli taraftarlar aras\u0131nda b\u00fcy\u00fck heyecan yaratt\u0131.<\/p>\n","protected":false},"excerpt":{"rendered":"<p>Aziz Y\u0131ld\u0131r\u0131m\u2019\u0131n, menajerler arac\u0131l\u0131\u011f\u0131yla Filipe Luis\u2019e teklif g\u00f6t\u00fcrd\u00fc\u011f\u00fc ve Brezilyal\u0131 teknik adam\u0131n Fenerbah\u00e7e ile g\u00f6r\u00fc\u015fmeyi<\/p>\n","protected":false},"author":1,"featured_media":1045,"comment_status":"open","ping_status":"open","sticky":false,"template":"","format":"standard","meta":{"_rtcl_gb_attr":"","footnotes":""},"categories":[3],"tags":[],"class_list":["post-1044","post","type-post","status-publish","format-standard","has-post-thumbnail","hentry","category-spor"],"_links":{"self":[{"href":"https:\/\/turkiyemhaber.com\/index.php?rest_route=\/wp\/v2\/posts\/1044","targetHints":{"allow":["GET"]}}],"collection":[{"href":"https:\/\/turkiyemhaber.com\/index.php?rest_route=\/wp\/v2\/posts"}],"about":[{"href":"https:\/\/turkiyemhaber.com\/index.php?rest_route=\/wp\/v2\/types\/post"}],"author":[{"embeddable":true,"href":"https:\/\/turkiyemhaber.com\/index.php?rest_route=\/wp\/v2\/users\/1"}],"replies":[{"embeddable":true,"href":"https:\/\/turkiyemhaber.com\/index.php?rest_route=%2Fwp%2Fv2%2Fcomments&post=1044"}],"version-history":[{"count":1,"href":"https:\/\/turkiyemhaber.com\/index.php?rest_route=\/wp\/v2\/posts\/1044\/revisions"}],"predecessor-version":[{"id":1046,"href":"https:\/\/turkiyemhaber.com\/index.php?rest_route=\/wp\/v2\/posts\/1044\/revisions\/1046"}],"wp:featuredmedia":[{"embeddable":true,"href":"https:\/\/turkiyemhaber.com\/index.php?rest_route=\/wp\/v2\/media\/1045"}],"wp:attachment":[{"href":"https:\/\/turkiyemhaber.com\/index.php?rest_route=%2Fwp%2Fv2%2Fmedia&parent=1044"}],"wp:term":[{"taxonomy":"category","embeddable":true,"href":"https:\/\/turkiyemhaber.com\/index.php?rest_route=%2Fwp%2Fv2%2Fcategories&post=1044"},{"taxonomy":"post_tag","embeddable":true,"href":"https:\/\/turkiyemhaber.com\/index.php?rest_route=%2Fwp%2Fv2%2Ftags&post=1044"}],"curies":[{"name":"wp","href":"https:\/\/api.w.org\/{rel}","templated":true}]}}