{"id":1032,"date":"2026-05-09T07:41:04","date_gmt":"2026-05-09T07:41:04","guid":{"rendered":"https:\/\/turkiyemhaber.com\/?p=1032"},"modified":"2026-05-09T07:41:08","modified_gmt":"2026-05-09T07:41:08","slug":"uefadan-fenerbahceye-ceza-rakam-oyle-boyle-degil","status":"publish","type":"post","link":"https:\/\/turkiyemhaber.com\/?p=1032","title":{"rendered":"UEFA&#8217;dan Fenerbah\u00e7e&#8217;ye ceza! Rakam \u00f6yle b\u00f6yle de\u011fil"},"content":{"rendered":"\n<p class=\"wp-block-paragraph\">UEFA\u2019n\u0131n, finansal limit a\u015f\u0131m\u0131 nedeniyle Fenerbah\u00e7e\u2019ye yakla\u015f\u0131k 15 milyon euroluk ceza vermeye haz\u0131rland\u0131\u011f\u0131 iddia edildi.<\/p>\n\n\n\n<p class=\"wp-block-paragraph\">Fenerbah\u00e7e\u2019nin UEFA\u2019dan b\u00fcy\u00fck bir para cezas\u0131 alaca\u011f\u0131 iddias\u0131 g\u00fcndeme bomba gibi d\u00fc\u015ft\u00fc.<\/p>\n\n\n\n<h3 class=\"wp-block-heading\">15 M\u0130LYON EURO \u0130DD\u0130ASI<\/h3>\n\n\n\n<p class=\"wp-block-paragraph\">Gazeteci Sercan Hamzao\u011flu\u2019nun haberine g\u00f6re UEFA\u2019n\u0131n, sar\u0131-lacivertli kul\u00fcbe haziran ay\u0131n\u0131n ilk haftas\u0131nda yakla\u015f\u0131k 15 milyon euroluk ceza vermesi bekleniyor.<\/p>\n\n\n\n<h3 class=\"wp-block-heading\">NEDEN\u0130 F\u0130NANSAL L\u0130M\u0130T A\u015eIMI<\/h3>\n\n\n\n<p class=\"wp-block-paragraph\">Haberde, cezan\u0131n b\u00fcy\u00fck b\u00f6l\u00fcm\u00fcn\u00fcn finansal limit a\u015f\u0131m\u0131 nedeniyle olu\u015ftu\u011fu belirtildi.&nbsp;Fenerbah\u00e7e y\u00f6netiminin konuyla ilgili s\u00fcreci yak\u0131ndan takip etti\u011fi ve karar\u0131n k\u0131sa s\u00fcre i\u00e7inde resmiyet kazanmas\u0131n\u0131n beklendi\u011fi ifade edildi.<\/p>\n\n\n\n<h3 class=\"wp-block-heading\">92 M\u0130LYON EUROLUK KR\u0130T\u0130K \u00d6DEME<\/h3>\n\n\n\n<p class=\"wp-block-paragraph\">\u00d6te yandan sar\u0131-lacivertli kul\u00fcb\u00fcn haziran ay\u0131n\u0131n ilk haftas\u0131nda yakla\u015f\u0131k 92 milyon euroluk \u00f6deme yapmas\u0131 gerekti\u011fi aktar\u0131ld\u0131.<\/p>\n\n\n\n<h3 class=\"wp-block-heading\">TOPLAM BOR\u00c7 150 M\u0130LYON EURO<\/h3>\n\n\n\n<p class=\"wp-block-paragraph\">Haberde, Fenerbah\u00e7e\u2019nin 2026 sonuna kadar \u00f6demesi gereken toplam borcunun ise 150 milyon euro seviyesinde oldu\u011fu \u00f6ne s\u00fcr\u00fcld\u00fc.&nbsp;Aziz Y\u0131ld\u0131r\u0131m ve Hakan Safi\u2019nin yar\u0131\u015faca\u011f\u0131 se\u00e7im s\u00fcreci \u00f6ncesinde ortaya \u00e7\u0131kan bu iddia camiada b\u00fcy\u00fck yank\u0131 yaratt\u0131.<\/p>\n","protected":false},"excerpt":{"rendered":"<p>UEFA\u2019n\u0131n, finansal limit a\u015f\u0131m\u0131 nedeniyle Fenerbah\u00e7e\u2019ye yakla\u015f\u0131k 15 milyon euroluk ceza vermeye haz\u0131rland\u0131\u011f\u0131 iddia edildi.<\/p>\n","protected":false},"author":1,"featured_media":1033,"comment_status":"open","ping_status":"open","sticky":false,"template":"","format":"standard","meta":{"_rtcl_gb_attr":"","footnotes":""},"categories":[3],"tags":[],"class_list":["post-1032","post","type-post","status-publish","format-standard","has-post-thumbnail","hentry","category-spor"],"_links":{"self":[{"href":"https:\/\/turkiyemhaber.com\/index.php?rest_route=\/wp\/v2\/posts\/1032","targetHints":{"allow":["GET"]}}],"collection":[{"href":"https:\/\/turkiyemhaber.com\/index.php?rest_route=\/wp\/v2\/posts"}],"about":[{"href":"https:\/\/turkiyemhaber.com\/index.php?rest_route=\/wp\/v2\/types\/post"}],"author":[{"embeddable":true,"href":"https:\/\/turkiyemhaber.com\/index.php?rest_route=\/wp\/v2\/users\/1"}],"replies":[{"embeddable":true,"href":"https:\/\/turkiyemhaber.com\/index.php?rest_route=%2Fwp%2Fv2%2Fcomments&post=1032"}],"version-history":[{"count":1,"href":"https:\/\/turkiyemhaber.com\/index.php?rest_route=\/wp\/v2\/posts\/1032\/revisions"}],"predecessor-version":[{"id":1034,"href":"https:\/\/turkiyemhaber.com\/index.php?rest_route=\/wp\/v2\/posts\/1032\/revisions\/1034"}],"wp:featuredmedia":[{"embeddable":true,"href":"https:\/\/turkiyemhaber.com\/index.php?rest_route=\/wp\/v2\/media\/1033"}],"wp:attachment":[{"href":"https:\/\/turkiyemhaber.com\/index.php?rest_route=%2Fwp%2Fv2%2Fmedia&parent=1032"}],"wp:term":[{"taxonomy":"category","embeddable":true,"href":"https:\/\/turkiyemhaber.com\/index.php?rest_route=%2Fwp%2Fv2%2Fcategories&post=1032"},{"taxonomy":"post_tag","embeddable":true,"href":"https:\/\/turkiyemhaber.com\/index.php?rest_route=%2Fwp%2Fv2%2Ftags&post=1032"}],"curies":[{"name":"wp","href":"https:\/\/api.w.org\/{rel}","templated":true}]}}