{"id":1029,"date":"2026-05-09T07:39:44","date_gmt":"2026-05-09T07:39:44","guid":{"rendered":"https:\/\/turkiyemhaber.com\/?p=1029"},"modified":"2026-05-09T07:39:48","modified_gmt":"2026-05-09T07:39:48","slug":"beklenen-veri-aciklandi-altin-fiyatlari-yukselise-gecti","status":"publish","type":"post","link":"https:\/\/turkiyemhaber.com\/?p=1029","title":{"rendered":"Beklenen veri a\u00e7\u0131kland\u0131, alt\u0131n fiyatlar\u0131 y\u00fckseli\u015fe ge\u00e7ti"},"content":{"rendered":"\n<p class=\"wp-block-paragraph\">ABD\u2019de tar\u0131m d\u0131\u015f\u0131 istihdam\u0131n 115 bin ile beklentilerin alt\u0131nda kalmas\u0131 sonras\u0131 alt\u0131n fiyatlar\u0131 y\u00fckselirken, dolar endeksi geriledi; gram alt\u0131n 6 bin 900 lira seviyesine yakla\u015ft\u0131.<\/p>\n\n\n\n<p class=\"wp-block-paragraph\">Piyasalar\u0131n merakla bekledi\u011fi ABD tar\u0131m d\u0131\u015f\u0131 istihdam verisi a\u00e7\u0131kland\u0131. Nisan ay\u0131nda tar\u0131m d\u0131\u015f\u0131 istihdam 115 bin olarak ger\u00e7ekle\u015firken, verinin ard\u0131ndan alt\u0131n fiyatlar\u0131nda y\u00fckseli\u015f, dolar endeksinde ise geri \u00e7ekilme ya\u015fand\u0131.<\/p>\n\n\n\n<h3 class=\"wp-block-heading\">\u0130ST\u0130HDAM VER\u0130S\u0130 BEKLENT\u0130LER\u0130N ALTINDA KALDI<\/h3>\n\n\n\n<p class=\"wp-block-paragraph\">A\u00e7\u0131klanan verilere g\u00f6re tar\u0131m d\u0131\u015f\u0131 istihdam nisan ay\u0131nda 115 bin oldu. Bir \u00f6nceki ay martta bu rakam 178 bin olarak kaydedilmi\u015fti. \u0130\u015fsizlik oran\u0131 ise de\u011fi\u015fmeyerek y\u00fczde 4,3 seviyesinde kald\u0131.&nbsp;Enflasyon a\u00e7\u0131s\u0131ndan yak\u0131ndan izlenen ortalama saatlik kazan\u00e7lar da beklentilerin alt\u0131nda ger\u00e7ekle\u015fti. Y\u0131ll\u0131k bazda y\u00fczde 3,6 art\u0131\u015f g\u00f6steren kazan\u00e7lar\u0131n, y\u00fczde 3,8 seviyesinde gelmesi bekleniyordu.<\/p>\n\n\n\n<h3 class=\"wp-block-heading\">ALTIN F\u0130YATLARINDA Y\u00dcKSEL\u0130\u015e<\/h3>\n\n\n\n<p class=\"wp-block-paragraph\">Veri \u00f6ncesinde 4 bin 707 dolar seviyesinde bulunan ons alt\u0131n, a\u00e7\u0131klaman\u0131n ard\u0131ndan y\u00fckseli\u015fe ge\u00e7erek TS\u0130 16.00 itibar\u0131yla 4 bin 732 dolara \u00e7\u0131kt\u0131.&nbsp;Gram alt\u0131n da ons alt\u0131ndaki y\u00fckseli\u015ften destek buldu. Veri \u00f6ncesinde 6 bin 863 lira seviyesinde bulunan gram alt\u0131n, veri sonras\u0131 6 bin 901 liraya y\u00fckseldi.<\/p>\n\n\n\n<h3 class=\"wp-block-heading\">G\u00dcM\u00dc\u015e VE DOLAR CEPHES\u0130<\/h3>\n\n\n\n<p class=\"wp-block-paragraph\">Ons g\u00fcm\u00fc\u015f, veri \u00f6ncesinde 80,61 dolar seviyesinde bulunurken, veri sonras\u0131nda 81,46 dolar seviyesinde hareketlendi.<\/p>\n\n\n\n<p class=\"wp-block-paragraph\">Dolar endeksi ise veri \u00f6ncesinde 97,97 puanda yer al\u0131rken, a\u00e7\u0131klaman\u0131n ard\u0131ndan 97,87 puana geriledi.<\/p>\n\n\n\n<p class=\"wp-block-paragraph\">Euro\/Dolar paritesi de hafif y\u00fckseli\u015f g\u00f6stererek 1,1765 seviyesinden 1,1779\u2019a \u00e7\u0131kt\u0131.<\/p>\n","protected":false},"excerpt":{"rendered":"<p>ABD\u2019de tar\u0131m d\u0131\u015f\u0131 istihdam\u0131n 115 bin ile beklentilerin alt\u0131nda kalmas\u0131 sonras\u0131 alt\u0131n fiyatlar\u0131 y\u00fckselirken, dolar<\/p>\n","protected":false},"author":1,"featured_media":1030,"comment_status":"open","ping_status":"open","sticky":false,"template":"","format":"standard","meta":{"_rtcl_gb_attr":"","footnotes":""},"categories":[14],"tags":[],"class_list":["post-1029","post","type-post","status-publish","format-standard","has-post-thumbnail","hentry","category-ekonomi"],"_links":{"self":[{"href":"https:\/\/turkiyemhaber.com\/index.php?rest_route=\/wp\/v2\/posts\/1029","targetHints":{"allow":["GET"]}}],"collection":[{"href":"https:\/\/turkiyemhaber.com\/index.php?rest_route=\/wp\/v2\/posts"}],"about":[{"href":"https:\/\/turkiyemhaber.com\/index.php?rest_route=\/wp\/v2\/types\/post"}],"author":[{"embeddable":true,"href":"https:\/\/turkiyemhaber.com\/index.php?rest_route=\/wp\/v2\/users\/1"}],"replies":[{"embeddable":true,"href":"https:\/\/turkiyemhaber.com\/index.php?rest_route=%2Fwp%2Fv2%2Fcomments&post=1029"}],"version-history":[{"count":1,"href":"https:\/\/turkiyemhaber.com\/index.php?rest_route=\/wp\/v2\/posts\/1029\/revisions"}],"predecessor-version":[{"id":1031,"href":"https:\/\/turkiyemhaber.com\/index.php?rest_route=\/wp\/v2\/posts\/1029\/revisions\/1031"}],"wp:featuredmedia":[{"embeddable":true,"href":"https:\/\/turkiyemhaber.com\/index.php?rest_route=\/wp\/v2\/media\/1030"}],"wp:attachment":[{"href":"https:\/\/turkiyemhaber.com\/index.php?rest_route=%2Fwp%2Fv2%2Fmedia&parent=1029"}],"wp:term":[{"taxonomy":"category","embeddable":true,"href":"https:\/\/turkiyemhaber.com\/index.php?rest_route=%2Fwp%2Fv2%2Fcategories&post=1029"},{"taxonomy":"post_tag","embeddable":true,"href":"https:\/\/turkiyemhaber.com\/index.php?rest_route=%2Fwp%2Fv2%2Ftags&post=1029"}],"curies":[{"name":"wp","href":"https:\/\/api.w.org\/{rel}","templated":true}]}}