{"id":1026,"date":"2026-05-09T07:38:18","date_gmt":"2026-05-09T07:38:18","guid":{"rendered":"https:\/\/turkiyemhaber.com\/?p=1026"},"modified":"2026-05-09T07:38:24","modified_gmt":"2026-05-09T07:38:24","slug":"secim-atesini-yakti-aziz-yildirimdan-derneklere-ve-taraftarlara-cagri","status":"publish","type":"post","link":"https:\/\/turkiyemhaber.com\/?p=1026","title":{"rendered":"Se\u00e7im ate\u015fini yakt\u0131! Aziz Y\u0131ld\u0131r\u0131m&#8217;dan derneklere ve taraftarlara \u00e7a\u011fr\u0131"},"content":{"rendered":"\n<p class=\"wp-block-paragraph\">Fenerbah\u00e7e ba\u015fkan aday\u0131 Aziz Y\u0131ld\u0131r\u0131m, taraftar ve derneklere birlik \u00e7a\u011fr\u0131s\u0131 yapt\u0131. Y\u0131ld\u0131r\u0131m, ge\u00e7mi\u015f k\u0131rg\u0131nl\u0131klar\u0131n geride b\u0131rak\u0131lmas\u0131 gerekti\u011fini s\u00f6yledi.<\/p>\n\n\n\n<p class=\"wp-block-paragraph\">Fenerbah\u00e7e\u2019de ba\u015fkan adayl\u0131\u011f\u0131n\u0131 a\u00e7\u0131klayan&nbsp;<a href=\"https:\/\/www.sondakika.com\/aziz-yildirim\/\">Aziz Y\u0131ld\u0131r\u0131m<\/a>, dernekler ve taraftarlara y\u00f6nelik dikkat \u00e7eken bir mesaj yay\u0131mlad\u0131.<\/p>\n\n\n\n<h3 class=\"wp-block-heading\">\u201c\u00d6MR\u00dcM\u00dc FENERBAH\u00c7E\u2019YE VERD\u0130M\u201d<\/h3>\n\n\n\n<p class=\"wp-block-paragraph\">Y\u0131ld\u0131r\u0131m a\u00e7\u0131klamas\u0131nda, uzun y\u0131llar boyunca Fenerbah\u00e7e\u2019de y\u00f6neticilik ve ba\u015fkanl\u0131k yapt\u0131\u011f\u0131n\u0131 belirterek, \u201c\u0130yisiyle k\u00f6t\u00fcs\u00fcyle, ac\u0131s\u0131yla tatl\u0131s\u0131yla b\u00fct\u00fcn \u00f6mr\u00fcm\u00fc Fenerbah\u00e7e\u2019ye verdim\u201d ifadelerini kulland\u0131.<\/p>\n\n\n\n<h3 class=\"wp-block-heading\">\u201cB\u00dcY\u00dcK M\u00dcCADELELER VERD\u0130K\u201d<\/h3>\n\n\n\n<p class=\"wp-block-paragraph\">Fenerbah\u00e7e ile bir\u00e7ok zorlu s\u00fcre\u00e7ten ge\u00e7tiklerini vurgulayan Aziz Y\u0131ld\u0131r\u0131m, camia olarak b\u00fcy\u00fck engelleri birlikte a\u015ft\u0131klar\u0131n\u0131 s\u00f6yledi.<\/p>\n\n\n\n<h3 class=\"wp-block-heading\">\u201cKIRGINLIKLARI ONARMA VAKT\u0130 GELD\u0130\u201d<\/h3>\n\n\n\n<p class=\"wp-block-paragraph\">Y\u0131ld\u0131r\u0131m, ge\u00e7mi\u015fte ya\u015fanan k\u0131rg\u0131nl\u0131klara da de\u011finerek, \u201c\u015eimdi bu k\u0131rg\u0131nl\u0131klar\u0131 onarman\u0131n vakti geldi\u201d dedi.<\/p>\n\n\n\n<h3 class=\"wp-block-heading\">TARAFTARA B\u0130RL\u0130K MESAJI<\/h3>\n\n\n\n<p class=\"wp-block-paragraph\">Deneyimli isim a\u00e7\u0131klamas\u0131nda t\u00fcm Fenerbah\u00e7elilere birlik \u00e7a\u011fr\u0131s\u0131 yaparak, \u201cCamia i\u00e7inde bir ve beraber olal\u0131m. Fenerbah\u00e7elileri ayr\u0131\u015ft\u0131rmadan tek v\u00fccut olarak m\u00fccadelemizi rakiplerimize kar\u015f\u0131 verelim\u201d ifadelerini kulland\u0131.&nbsp;Aziz Y\u0131ld\u0131r\u0131m mesaj\u0131n\u0131n sonunda t\u00fcm taraftarlara sevgisini ileterek, \u201cHep birlikte ba\u015faraca\u011f\u0131m\u0131za g\u00f6n\u00fclden inan\u0131yorum\u201d dedi.<\/p>\n","protected":false},"excerpt":{"rendered":"<p>Fenerbah\u00e7e ba\u015fkan aday\u0131 Aziz Y\u0131ld\u0131r\u0131m, taraftar ve derneklere birlik \u00e7a\u011fr\u0131s\u0131 yapt\u0131. Y\u0131ld\u0131r\u0131m, ge\u00e7mi\u015f k\u0131rg\u0131nl\u0131klar\u0131n geride<\/p>\n","protected":false},"author":1,"featured_media":1027,"comment_status":"open","ping_status":"open","sticky":false,"template":"","format":"standard","meta":{"_rtcl_gb_attr":"","footnotes":""},"categories":[3],"tags":[],"class_list":["post-1026","post","type-post","status-publish","format-standard","has-post-thumbnail","hentry","category-spor"],"_links":{"self":[{"href":"https:\/\/turkiyemhaber.com\/index.php?rest_route=\/wp\/v2\/posts\/1026","targetHints":{"allow":["GET"]}}],"collection":[{"href":"https:\/\/turkiyemhaber.com\/index.php?rest_route=\/wp\/v2\/posts"}],"about":[{"href":"https:\/\/turkiyemhaber.com\/index.php?rest_route=\/wp\/v2\/types\/post"}],"author":[{"embeddable":true,"href":"https:\/\/turkiyemhaber.com\/index.php?rest_route=\/wp\/v2\/users\/1"}],"replies":[{"embeddable":true,"href":"https:\/\/turkiyemhaber.com\/index.php?rest_route=%2Fwp%2Fv2%2Fcomments&post=1026"}],"version-history":[{"count":1,"href":"https:\/\/turkiyemhaber.com\/index.php?rest_route=\/wp\/v2\/posts\/1026\/revisions"}],"predecessor-version":[{"id":1028,"href":"https:\/\/turkiyemhaber.com\/index.php?rest_route=\/wp\/v2\/posts\/1026\/revisions\/1028"}],"wp:featuredmedia":[{"embeddable":true,"href":"https:\/\/turkiyemhaber.com\/index.php?rest_route=\/wp\/v2\/media\/1027"}],"wp:attachment":[{"href":"https:\/\/turkiyemhaber.com\/index.php?rest_route=%2Fwp%2Fv2%2Fmedia&parent=1026"}],"wp:term":[{"taxonomy":"category","embeddable":true,"href":"https:\/\/turkiyemhaber.com\/index.php?rest_route=%2Fwp%2Fv2%2Fcategories&post=1026"},{"taxonomy":"post_tag","embeddable":true,"href":"https:\/\/turkiyemhaber.com\/index.php?rest_route=%2Fwp%2Fv2%2Ftags&post=1026"}],"curies":[{"name":"wp","href":"https:\/\/api.w.org\/{rel}","templated":true}]}}